{"id":85103,"date":"2024-08-02T15:36:40","date_gmt":"2024-08-02T21:36:40","guid":{"rendered":"https:\/\/redsemlac.com\/semmexico\/?p=85103"},"modified":"2024-08-02T15:40:38","modified_gmt":"2024-08-02T21:40:38","slug":"kamala-y-los-techos-de-cristal","status":"publish","type":"post","link":"https:\/\/redsemlac.com\/semmexico\/kamala-y-los-techos-de-cristal\/","title":{"rendered":"Kamala y los techos de cristal"},"content":{"rendered":"\n<p class=\"wp-block-paragraph\"><strong>Claudia Corichi<\/strong><\/p>\n\n\n\n<p class=\"wp-block-paragraph\">SemM\u00e9xico, Cd. de M\u00e9xico, 2 de agosto, 2024.- Las elecciones presidenciales en Estados Unidos comienzan desde un a\u00f1o antes con la realizaci\u00f3n de primarias. Casi todos los mandatarios en la Casa Blanca que buscan la reelecci\u00f3n deben conciliar sus tareas de gobierno con actos de campa\u00f1a. Desde Lyndon B. Johnson en 1968, nadie hab\u00eda desistido de renovar en el cargo. Ahora Joe Biden se ha hecho a un lado dejando el relevo a su Vicepresidenta que tendr\u00e1 una interesante carrera de obst\u00e1culos en 97 d\u00edas.<\/p>\n\n\n\n<p class=\"wp-block-paragraph\">Las \u00faltimas semanas han sido de v\u00e9rtigo en la pol\u00edtica norteamericana. El 17 de junio tuvo lugar el primer debate presidencial entre Biden y Trump con un desempe\u00f1o preocupante del primero que aument\u00f3 los temores sobre su capacidad. El 13 de julio (un n\u00famero asociado a la mala suerte) Trump fue v\u00edctima de un atentado con armas de libre portaci\u00f3n que \u00e9l mismo ha defendido, justo d\u00edas antes de la Convenci\u00f3n de su partido que lo aclam\u00f3 a rabiar y lo elev\u00f3 a la condici\u00f3n de santo. Tras el debate fueron aumentando las voces dentro del partido dem\u00f3crata que ped\u00edan la retirada de Biden, expresadas por figuras como Barack Obama y Nancy Pelosi. El 21 de julio el Presidente desisti\u00f3 y se pronunci\u00f3 por Kamala Harris para ser nominada.<\/p>\n\n\n\n<p class=\"wp-block-paragraph\">Nacida en Oakland, California, de madre hind\u00fa y padre jamaiquino, Kamala decidi\u00f3 estudiar leyes tras enterarse que una amiga del Colegio hab\u00eda sido abusada por un familiar. Su&nbsp;<em>alma mater<\/em>, la prestigiada universidad Howard de la comunidad afro en Washington la catapult\u00f3 a una mete\u00f3rica carrera, primero como fiscal de distrito en San Francisco y luego como Fiscal general en California. Despu\u00e9s fue electa senadora en remplazo de una reconocida dem\u00f3crata californiana, Barbara Boxter.<\/p>\n\n\n\n<p class=\"wp-block-paragraph\">Desde joven, Kamala ha roto techos de cristal. Su carrera judicial fue reconocida por perseguir y condenar a violentadores sexuales, por enfrentar a grandes compa\u00f1\u00edas y firmas bancarias y por ser la primera mujer en ocupar la vicepresidencia, en cuyo cargo manifest\u00f3 su indignaci\u00f3n ante el fallo de la Suprema Corte que en junio de 2022 anul\u00f3 el derecho al aborto consagrado en la Constituci\u00f3n. Desde entonces promueve una intensa labor de sensibilizaci\u00f3n sobre el empoderamiento pol\u00edtico de las mujeres y sobre el derecho a decidir.<\/p>\n\n\n\n<p class=\"wp-block-paragraph\">Su nominaci\u00f3n ha dado un tremendo impulso a la candidatura dem\u00f3crata que obtendr\u00e1 formalmente el 22 de agosto en Chicago. Entre mujeres j\u00f3venes, electores independientes y personas que rechazan a Trump, ha logrado un entusiasta apoyo que se traduce hasta ahora, en una recaudaci\u00f3n de 200 millones de d\u00f3lares para su campa\u00f1a.<\/p>\n\n\n\n<p class=\"wp-block-paragraph\">Hace unos d\u00edas me preguntaba por qu\u00e9 no es tan visible la fuerza y el&nbsp;<em>lobby<\/em>&nbsp;de las mujeres en Estados Unidos frente al de otros grupos; por qu\u00e9, a pesar de los avances y de ser el pa\u00eds que visibiliz\u00f3 el #MeToo se permiten el lugar 63 en el \u00cdndice de empoderamiento pol\u00edtico del \u00cdndice Global de Brecha de G\u00e9nero del WEF (frente al lugar 14 que a base de lucha hemos ganado las mexicanas) en un pa\u00eds sin cuotas de representaci\u00f3n y donde daba la impresi\u00f3n de profundos retrocesos a nuestras causas. Un pa\u00eds de profundos contrastes pol\u00edticos y de no buenos ejemplos de representaci\u00f3n femenina.<\/p>\n\n\n\n<p class=\"wp-block-paragraph\">En estos tres meses arreciar\u00e1n los ataques contra su persona antes de que rompa el gran techo de cristal en Estados Unidos: ser la primera mujer negra en buscar la presidencia y con serias posibilidades de alcanzarla. Que as\u00ed sea: \u00a1Por ella y por todas!<\/p>\n\n\n\n<p class=\"wp-block-paragraph\"><strong>\\u0009<\/strong><\/p>\n\n\n\n<p class=\"wp-block-paragraph\">@ClauCorichi<\/p>\n","protected":false},"excerpt":{"rendered":"<p>Claudia Corichi SemM\u00e9xico, Cd. de M\u00e9xico, 2 de agosto, 2024.- Las elecciones presidenciales en Estados Unidos comienzan desde un a\u00f1o antes con la realizaci\u00f3n de primarias. Casi todos los mandatarios en la Casa Blanca que buscan la reelecci\u00f3n deben conciliar sus tareas de gobierno con actos de campa\u00f1a. Desde Lyndon B. Johnson en 1968, nadie [&hellip;]<\/p>\n","protected":false},"author":3,"featured_media":79168,"comment_status":"open","ping_status":"open","sticky":false,"template":"","format":"standard","meta":{"_monsterinsights_skip_tracking":false,"footnotes":""},"categories":[748,82,110,35],"tags":[],"class_list":["post-85103","post","type-post","status-publish","format-standard","has-post-thumbnail","category-cultura-feminista","category-la-opinion","category-la-opinion-columnas","category-opinion"],"_links":{"self":[{"href":"https:\/\/redsemlac.com\/semmexico\/wp-json\/wp\/v2\/posts\/85103","targetHints":{"allow":["GET"]}}],"collection":[{"href":"https:\/\/redsemlac.com\/semmexico\/wp-json\/wp\/v2\/posts"}],"about":[{"href":"https:\/\/redsemlac.com\/semmexico\/wp-json\/wp\/v2\/types\/post"}],"author":[{"embeddable":true,"href":"https:\/\/redsemlac.com\/semmexico\/wp-json\/wp\/v2\/users\/3"}],"replies":[{"embeddable":true,"href":"https:\/\/redsemlac.com\/semmexico\/wp-json\/wp\/v2\/comments?post=85103"}],"version-history":[{"count":0,"href":"https:\/\/redsemlac.com\/semmexico\/wp-json\/wp\/v2\/posts\/85103\/revisions"}],"wp:featuredmedia":[{"embeddable":true,"href":"https:\/\/redsemlac.com\/semmexico\/wp-json\/wp\/v2\/media\/79168"}],"wp:attachment":[{"href":"https:\/\/redsemlac.com\/semmexico\/wp-json\/wp\/v2\/media?parent=85103"}],"wp:term":[{"taxonomy":"category","embeddable":true,"href":"https:\/\/redsemlac.com\/semmexico\/wp-json\/wp\/v2\/categories?post=85103"},{"taxonomy":"post_tag","embeddable":true,"href":"https:\/\/redsemlac.com\/semmexico\/wp-json\/wp\/v2\/tags?post=85103"}],"curies":[{"name":"wp","href":"https:\/\/api.w.org\/{rel}","templated":true}]}}