{"id":85097,"date":"2024-08-02T14:42:29","date_gmt":"2024-08-02T20:42:29","guid":{"rendered":"https:\/\/redsemlac.com\/semmexico\/?p=85097"},"modified":"2024-08-02T14:42:30","modified_gmt":"2024-08-02T20:42:30","slug":"ex-teresa-arte-actual-explora-en-videoinstalacion-los-contextos-laborales-de-mujeres-en-mexico-y-bucarest","status":"publish","type":"post","link":"https:\/\/redsemlac.com\/semmexico\/ex-teresa-arte-actual-explora-en-videoinstalacion-los-contextos-laborales-de-mujeres-en-mexico-y-bucarest\/","title":{"rendered":"Ex Teresa Arte Actual explora en videoinstalaci\u00f3n los contextos laborales de mujeres en M\u00e9xico y Bucarest"},"content":{"rendered":"\n<p class=\"wp-block-paragraph\">Proyecto realizado por la core\u00f3grafa e investigadora Flor Firvida Martin y la core\u00f3grafa y cineasta Simona Deaconescu<\/p>\n\n\n\n<p class=\"wp-block-paragraph\">Redacci\u00f3n<\/p>\n\n\n\n<p class=\"wp-block-paragraph\"><em>SemM\u00e9xico, Cd. de M\u00e9xico, 2 de agosto, 2024.- Mujeres en el trabajo. Encrucijadas, ritmos y continuidades (Women at Work \u2014 Crossroads, Rhythms, and Continuities<\/em>) es una videoinstalaci\u00f3n documental que explora los diferentes contextos laborales de 11 mujeres de la Ciudad de M\u00e9xico y Bucarest, quienes dependen de sus cuerpos para realizar sus diferentes profesiones.<\/p>\n\n\n\n<p class=\"wp-block-paragraph\">Es un proyecto colaborativo dirigido por la core\u00f3grafa e investigadora Flor Firvida Martin (M\u00e9xico\/Argentina) y la core\u00f3grafa y cineasta Simona Deaconescu (Rumania),&nbsp;bajo la curadur\u00eda de Alexandra Manole. Se presentar\u00e1 del 7 al 11 de agosto junto con una serie de lecturas perform\u00e1ticas los d\u00edas mi\u00e9rcoles 7, jueves 8 y viernes 9 de agosto a las 19: 30 h, en Ex Teresa Arte Actual.<\/p>\n\n\n\n<figure class=\"wp-block-image size-full\"><a href=\"https:\/\/redsemlac.com\/semmexico\/wp-content\/uploads\/2024\/08\/ex-teresa-arte-02.jpg\"><img loading=\"lazy\" decoding=\"async\" width=\"920\" height=\"614\" src=\"https:\/\/redsemlac.com\/semmexico\/wp-content\/uploads\/2024\/08\/ex-teresa-arte-02.jpg\" alt=\"\" class=\"wp-image-85098\"\/><\/a><\/figure>\n\n\n\n<p class=\"wp-block-paragraph\">La obra est\u00e1 construida a partir de potentes im\u00e1genes y narrativas proyectadas en m\u00faltiples pantallas sincronizadas, donde las voces de las mujeres son el hilo conductor que traslada a los visitantes a una atm\u00f3sfera inmersiva.<\/p>\n\n\n\n<p class=\"wp-block-paragraph\">A trav\u00e9s de estos relatos, los asistentes podr\u00e1n escuchar las experiencias de las protagonistas de estas historias y conocer c\u00f3mo perciben sus profesiones y sus cuerpos en diversas situaciones y condiciones, habilitando un di\u00e1logo entre las realidades laborales que viven estas mujeres de Europa del Este y Latinoam\u00e9rica.<\/p>\n\n\n\n<p class=\"wp-block-paragraph\">Como parte de este ensamblaje visual y coreogr\u00e1fico se encuentra una bailarina de&nbsp;<em>twerk<\/em>, una escultora, una jugadora de baloncesto profesional, una artista de&nbsp;<em>performance<\/em>, una sanadora y&nbsp;<em>doula<\/em>&nbsp;(acompa\u00f1ante durante el parto), una luchadora, una costurera y una cocinera transg\u00e9nero, quienes comparten sus vivencias cotidianas de supervivencia en el trabajo.<\/p>\n\n\n\n<p class=\"wp-block-paragraph\">Otras profesiones abordadas son las de una terapeuta y trabajadora sexual, una defensora de los derechos de las personas con discapacidad visual, una trabajadora de una f\u00e1brica de vidrio, una bailarina de&nbsp;<em>pole dance<\/em>&nbsp;y una bailarina de danza contempor\u00e1nea. Cada una forma parte de este tapiz de convergencias, experiencias vitales, cuerpos, tiempos y espacialidades.<\/p>\n\n\n\n<p class=\"wp-block-paragraph\">Las protagonistas de las historias son: Mar\u00eda, Candelaria, Geta, Cassandra, Petra, Larisa, Elvira, Am\u00e9rica, Billie Rose, Nina y Gabi.&nbsp;<\/p>\n\n\n\n<p class=\"wp-block-paragraph\">Para Simona Deaconescu y Flor Firvida Martin, creadoras de la instalaci\u00f3n, la pieza es un proyecto expansivo y en constante crecimiento, que parte de la relaci\u00f3n entre lo corp\u00f3reo y lo laboral, para crear un archivo de las econom\u00edas femeninas en diversas latitudes, con el objetivo de incentivar reflexiones sobre lo que significa ser mujer trabajadora en la sociedad actual.<\/p>\n\n\n\n<p class=\"wp-block-paragraph\"><em>Mujeres en el trabajo<\/em>&nbsp;se apropia del espacio \u00fanico de Ex Teresa Arte Actual para ofrecer al p\u00fablico una nueva forma de apreciar la videoinstalaci\u00f3n al presentar tanto la obra como el proceso creativo de las autoras, el cual busca generar reflexiones y preguntas en torno a las condiciones laborales que enfrentan muchas mujeres en el mundo actual.<\/p>\n\n\n\n<p class=\"wp-block-paragraph\">\u00bfCu\u00e1nto ganas? \u00bfCu\u00e1nto te gustar\u00eda ganar? \u00bfC\u00f3mo es realizar tu trabajo como mujer? \u00bfC\u00f3mo es hacerlo en tu ciudad? \u00bfC\u00f3mo sientes tu cuerpo cuando lo realizas?<em>,&nbsp;<\/em>son algunas de las interrogantes del proyecto<em>.<\/em><\/p>\n\n\n\n<p class=\"wp-block-paragraph\">Como parte de las actividades que se llevar\u00e1n a cabo en el marco de la presentaci\u00f3n de esta instalaci\u00f3n de video se realizar\u00e1n tres lecturas perform\u00e1ticas a cargo del d\u00fao art\u00edstico, Simona y Flor, que profundizar\u00e1n en las nociones de econom\u00eda feminista, interseccionalidad (la relaci\u00f3n del g\u00e9nero con la clase y la raza) y notas de experiencias personales.<\/p>\n\n\n\n<figure class=\"wp-block-image size-full\"><a href=\"https:\/\/redsemlac.com\/semmexico\/wp-content\/uploads\/2024\/08\/ex-teresa-arte-03.jpg\"><img loading=\"lazy\" decoding=\"async\" width=\"920\" height=\"713\" src=\"https:\/\/redsemlac.com\/semmexico\/wp-content\/uploads\/2024\/08\/ex-teresa-arte-03.jpg\" alt=\"\" class=\"wp-image-85099\"\/><\/a><\/figure>\n\n\n\n<p class=\"wp-block-paragraph\">Este proyecto est\u00e1 cofinanciado por el Instituto Cultural Rumano, a trav\u00e9s del Programa Cantemir, un marco de financiamiento para proyectos culturales destinados al entorno internacional.<\/p>\n\n\n\n<p class=\"wp-block-paragraph\">Ex Teresa Arte Actual se ubica en Lic. Verdad 8, Centro Hist\u00f3rico. Entrada libre. Horario de visita, de martes a domingo 10:00 a 18:00 h.<\/p>\n\n\n\n<figure class=\"wp-block-image size-full\"><a href=\"https:\/\/redsemlac.com\/semmexico\/wp-content\/uploads\/2024\/08\/ex-teresa-arte-04.jpg\"><img loading=\"lazy\" decoding=\"async\" width=\"920\" height=\"614\" src=\"https:\/\/redsemlac.com\/semmexico\/wp-content\/uploads\/2024\/08\/ex-teresa-arte-04.jpg\" alt=\"\" class=\"wp-image-85100\"\/><\/a><\/figure>\n","protected":false},"excerpt":{"rendered":"<p>Proyecto realizado por la core\u00f3grafa e investigadora Flor Firvida Martin y la core\u00f3grafa y cineasta Simona Deaconescu Redacci\u00f3n SemM\u00e9xico, Cd. de M\u00e9xico, 2 de agosto, 2024.- Mujeres en el trabajo. Encrucijadas, ritmos y continuidades (Women at Work \u2014 Crossroads, Rhythms, and Continuities) es una videoinstalaci\u00f3n documental que explora los diferentes contextos laborales de 11 mujeres [&hellip;]<\/p>\n","protected":false},"author":3,"featured_media":85101,"comment_status":"open","ping_status":"open","sticky":false,"template":"","format":"standard","meta":{"_monsterinsights_skip_tracking":false,"footnotes":""},"categories":[748],"tags":[],"class_list":["post-85097","post","type-post","status-publish","format-standard","has-post-thumbnail","category-cultura-feminista"],"_links":{"self":[{"href":"https:\/\/redsemlac.com\/semmexico\/wp-json\/wp\/v2\/posts\/85097","targetHints":{"allow":["GET"]}}],"collection":[{"href":"https:\/\/redsemlac.com\/semmexico\/wp-json\/wp\/v2\/posts"}],"about":[{"href":"https:\/\/redsemlac.com\/semmexico\/wp-json\/wp\/v2\/types\/post"}],"author":[{"embeddable":true,"href":"https:\/\/redsemlac.com\/semmexico\/wp-json\/wp\/v2\/users\/3"}],"replies":[{"embeddable":true,"href":"https:\/\/redsemlac.com\/semmexico\/wp-json\/wp\/v2\/comments?post=85097"}],"version-history":[{"count":0,"href":"https:\/\/redsemlac.com\/semmexico\/wp-json\/wp\/v2\/posts\/85097\/revisions"}],"wp:featuredmedia":[{"embeddable":true,"href":"https:\/\/redsemlac.com\/semmexico\/wp-json\/wp\/v2\/media\/85101"}],"wp:attachment":[{"href":"https:\/\/redsemlac.com\/semmexico\/wp-json\/wp\/v2\/media?parent=85097"}],"wp:term":[{"taxonomy":"category","embeddable":true,"href":"https:\/\/redsemlac.com\/semmexico\/wp-json\/wp\/v2\/categories?post=85097"},{"taxonomy":"post_tag","embeddable":true,"href":"https:\/\/redsemlac.com\/semmexico\/wp-json\/wp\/v2\/tags?post=85097"}],"curies":[{"name":"wp","href":"https:\/\/api.w.org\/{rel}","templated":true}]}}