{"id":85075,"date":"2024-08-01T14:55:39","date_gmt":"2024-08-01T20:55:39","guid":{"rendered":"https:\/\/redsemlac.com\/semmexico\/?p=85075"},"modified":"2024-08-01T14:55:41","modified_gmt":"2024-08-01T20:55:41","slug":"leticia-ramirez-amaya-titular-de-la-sep-ira-al-equipo-de-sheinbaum","status":"publish","type":"post","link":"https:\/\/redsemlac.com\/semmexico\/leticia-ramirez-amaya-titular-de-la-sep-ira-al-equipo-de-sheinbaum\/","title":{"rendered":"Leticia Ram\u00edrez Amaya, titular de la SEP, ir\u00e1 al equipo de Sheinbaum"},"content":{"rendered":"\n<ul class=\"wp-block-list\">\n<li>Ser\u00e1 coordinadora general de Asuntos Intergubernamentales y Participaci\u00f3n Social de la Presidencia<\/li>\n\n\n\n<li>M\u00e1s de 25 a\u00f1os de experiencia en la Administraci\u00f3n P\u00fablica<\/li>\n<\/ul>\n\n\n\n<p class=\"wp-block-paragraph\">Redacci\u00f3n<\/p>\n\n\n\n<p class=\"wp-block-paragraph\">SemM\u00e9xico, Cd. de M\u00e9xico, 1 de agosto, 2024.- La actual titular de la Secretar\u00eda de Educaci\u00f3n P\u00fablica, Leticia Ram\u00edrez Amaya, ser\u00e1 la pr\u00f3xima coordinadora general de Asuntos Intergubernamentales y Participaci\u00f3n Social de la Presidencia, anunci\u00f3 hoy la virtual presidenta electa Claudia Sheinbaum Pardo.<\/p>\n\n\n\n<p class=\"wp-block-paragraph\">Compa\u00f1era del movimiento desde hace much\u00edsimos a\u00f1os, dijo Sheinbaum Pardo sobre la titular de la SEP.<\/p>\n\n\n\n<p class=\"wp-block-paragraph\">Es maestra por Escuela Nacional de Maestros y la Escuela Nacional de&nbsp;Antropolog\u00eda e Historia en Antropolog\u00eda Social, carrera que al parecer dej\u00f3 trunca, y profesora en Educaci\u00f3n Primaria desde 1988, dio clases en escuelas de la Ciudada de M\u00e9xico, con m\u00e1s de 25 a\u00f1os de experiencia en la Administraci\u00f3n P\u00fablica.&nbsp;<\/p>\n\n\n\n<p class=\"wp-block-paragraph\">Directora General de Mesas de Concertaci\u00f3n de la Secretar\u00eda de Gobierno del entonces Distrito Federal. Fue Coordinadora General de Atenci\u00f3n Ciudadana y Gesti\u00f3n Social de la Jefatura de Gobierno del Distrito Federal, cargo que le confi\u00f3 Andr\u00e9s Manuel L\u00f3pez Obrador, mismo que desempe\u00f1\u00f3 hasta abril de 2006.<\/p>\n\n\n\n<p class=\"wp-block-paragraph\">En diciembre de 2007, el Jefe de Gobierno del Distrito Federal la nombr\u00f3 Coordinadora General de Atenci\u00f3n Ciudadana y Gesti\u00f3n Social, encomienda que desarroll\u00f3 hasta 2012; del 2012 al 2018 se desempe\u00f1\u00f3 como Asesora de la Secretar\u00eda de Medio Ambiente de la Ciudad de M\u00e9xico.<\/p>\n\n\n\n<p class=\"wp-block-paragraph\">Desde diciembre de 2018 fue designada Directora General de Atenci\u00f3n Ciudadana de la Presidencia de la Rep\u00fablica.&nbsp;<\/p>\n\n\n\n<p class=\"wp-block-paragraph\">En 2022, en el gobierno de L\u00f3pez Obrador ocup\u00f3 la titularidad de la SEP en sustituci\u00f3n de Delfina G\u00f3mez \u00c1lvarez y a partir del 1 de octubre ser\u00e1 coordinadora general de Asuntos Intergubernamentales y Participaci\u00f3n Social de la Presidencia, en el gobierno de Claudia Sheinbaum Pardo.<\/p>\n\n\n\n<p class=\"wp-block-paragraph\">En su jueves de gabinete, como llama la virtual presidenta electa anunci\u00f3 tambi\u00e9n la incorporaci\u00f3n a su pr\u00f3ximo gabinete de Arturo Zald\u00edvar Lelo de Larrea como coordinador de Pol\u00edtica y Gobierno de la Presidencia, mientras que Carlos Augusto Mortales, fue confirmado como secretario particular de la Presidencia, todo esto a partir del 1 de octubre.<\/p>\n\n\n\n<p class=\"wp-block-paragraph\">SEP\/sj<\/p>\n","protected":false},"excerpt":{"rendered":"<p>Redacci\u00f3n SemM\u00e9xico, Cd. de M\u00e9xico, 1 de agosto, 2024.- La actual titular de la Secretar\u00eda de Educaci\u00f3n P\u00fablica, Leticia Ram\u00edrez Amaya, ser\u00e1 la pr\u00f3xima coordinadora general de Asuntos Intergubernamentales y Participaci\u00f3n Social de la Presidencia, anunci\u00f3 hoy la virtual presidenta electa Claudia Sheinbaum Pardo. Compa\u00f1era del movimiento desde hace much\u00edsimos a\u00f1os, dijo Sheinbaum Pardo sobre [&hellip;]<\/p>\n","protected":false},"author":3,"featured_media":85076,"comment_status":"open","ping_status":"open","sticky":false,"template":"","format":"standard","meta":{"_monsterinsights_skip_tracking":false,"footnotes":""},"categories":[903],"tags":[],"class_list":["post-85075","post","type-post","status-publish","format-standard","has-post-thumbnail","category-presidenta-y-mas"],"_links":{"self":[{"href":"https:\/\/redsemlac.com\/semmexico\/wp-json\/wp\/v2\/posts\/85075","targetHints":{"allow":["GET"]}}],"collection":[{"href":"https:\/\/redsemlac.com\/semmexico\/wp-json\/wp\/v2\/posts"}],"about":[{"href":"https:\/\/redsemlac.com\/semmexico\/wp-json\/wp\/v2\/types\/post"}],"author":[{"embeddable":true,"href":"https:\/\/redsemlac.com\/semmexico\/wp-json\/wp\/v2\/users\/3"}],"replies":[{"embeddable":true,"href":"https:\/\/redsemlac.com\/semmexico\/wp-json\/wp\/v2\/comments?post=85075"}],"version-history":[{"count":0,"href":"https:\/\/redsemlac.com\/semmexico\/wp-json\/wp\/v2\/posts\/85075\/revisions"}],"wp:featuredmedia":[{"embeddable":true,"href":"https:\/\/redsemlac.com\/semmexico\/wp-json\/wp\/v2\/media\/85076"}],"wp:attachment":[{"href":"https:\/\/redsemlac.com\/semmexico\/wp-json\/wp\/v2\/media?parent=85075"}],"wp:term":[{"taxonomy":"category","embeddable":true,"href":"https:\/\/redsemlac.com\/semmexico\/wp-json\/wp\/v2\/categories?post=85075"},{"taxonomy":"post_tag","embeddable":true,"href":"https:\/\/redsemlac.com\/semmexico\/wp-json\/wp\/v2\/tags?post=85075"}],"curies":[{"name":"wp","href":"https:\/\/api.w.org\/{rel}","templated":true}]}}