{"id":85013,"date":"2024-07-31T09:57:14","date_gmt":"2024-07-31T15:57:14","guid":{"rendered":"https:\/\/redsemlac.com\/semmexico\/?p=85013"},"modified":"2024-07-31T16:57:53","modified_gmt":"2024-07-31T22:57:53","slug":"aprueba-la-tercera-comision-exhorto-a-la-afac-para-que-permita-ingreso-de-leche-materna-en-equipaje-de-pasajeras-de-aviones","status":"publish","type":"post","link":"https:\/\/redsemlac.com\/semmexico\/aprueba-la-tercera-comision-exhorto-a-la-afac-para-que-permita-ingreso-de-leche-materna-en-equipaje-de-pasajeras-de-aviones\/","title":{"rendered":"Aprueba la Tercera Comisi\u00f3n exhorto a la AFAC para que permita ingreso de leche materna en equipaje de pasajeras de aviones"},"content":{"rendered":"\n<p class=\"wp-block-paragraph\">Deber\u00e1 haber capacitaci\u00f3n y adiestramiento del personal t\u00e9cnico, encargados de los filtros de revisi\u00f3n de equipaje&nbsp;<\/p>\n\n\n\n<p class=\"wp-block-paragraph\">Adem\u00e1s dictamin\u00f3 solicitar a la Red de Museos del INBAL, s mecanismos para que exposiciones art\u00edsticas y culturales con animales, se hagan de forma responsable<\/p>\n\n\n\n<p class=\"wp-block-paragraph\">Redacci\u00f3n&nbsp;<\/p>\n\n\n\n<p class=\"wp-block-paragraph\">SemM\u00e9xico, Ciudad de M\u00e9xico, 31 de julio, 2024.- La Tercera Comisi\u00f3n de la Permanente, Hacienda y Cr\u00e9dito P\u00fablico, Agricultura y Fomento, Comunicaciones y Obras P\u00fablicas, que preside el diputado de Morena, Marcos Rosendo Medina Filigrana, aprob\u00f3 el dictamen de un punto de acuerdo para fortalecer mecanismos en favor de los usuarios del transporte a\u00e9reo de nuestro pa\u00eds.&nbsp;<\/p>\n\n\n\n<p class=\"wp-block-paragraph\">El proyecto solicita a la Agencia Federal de Aviaci\u00f3n Civil (AFAC) que fortalezca los protocolos y procedimientos para la capacitaci\u00f3n y adiestramiento del personal t\u00e9cnico, encargados de los filtros de revisi\u00f3n de equipaje, para que permitan el ingreso de leche materna a las pasajeras de aviones en cantidades mayores a los 100 mililitros, independientemente de llevar o no al lactante.<\/p>\n\n\n\n<p class=\"wp-block-paragraph\">Los legisladores y legisladoras recordaron que cuando una madre en periodo de lactancia sale de viaje, en la mayor\u00eda de las ocasiones lo hace sin el infante, por lo cual debe extraer y recolectar la leche para hacer su \u201cbanco\u201d y as\u00ed seguir d\u00e1ndole de comer al beb\u00e9; sin embargo, las mujeres se encuentran con el problema de que al viajar, las reglas que operan en los aeropuertos nacionales e Internacionales respecto a la leche materna y al dispositivo de extracci\u00f3n no son claras, y abren la puerta a la discrecionalidad.<\/p>\n\n\n\n<p class=\"wp-block-paragraph\">Por lo anterior, se\u00f1alaron que es necesario capacitar al personal que se encuentra en los filtros de revisi\u00f3n de equipaje en los aeropuertos, a fin de que puedan ampliar su criterio en la inspecci\u00f3n, y permitan que la lecha materna y sus dispositivos de extracci\u00f3n sean transportados en el equipaje de mano, para que las mujeres que est\u00e1n amamantando dejen de tener experiencias desagradables en los puntos de revisi\u00f3n.<\/p>\n\n\n\n<p class=\"wp-block-paragraph\">Consideraron que la actual normatividad en los aeropuertos nacionales vulnera los derechos de las mujeres a continuar con la lactancia exclusiva y el derecho de la ni\u00f1ez a una alimentaci\u00f3n nutritiva y de calidad, pues expone a las primeras a \u201csituaciones inc\u00f3modas y discriminatorias\u201d, lo cual puede cambiar con una adecuada capacitaci\u00f3n a los operadores de la norma.<\/p>\n\n\n\n<p class=\"wp-block-paragraph\">En el mismo punto de acuerdo, los y las legisladoras avalaron un exhorto a la Secretar\u00eda de Infraestructura, Comunicaciones y Transportes y a la Agencia Federal de Aviaci\u00f3n Civil, para que fortalezca los protocolos y procedimientos de recepci\u00f3n, traslado y entrega del equipaje de los usuarios del transporte a\u00e9reo.<\/p>\n\n\n\n<p class=\"wp-block-paragraph\">El documento detalla que, seg\u00fan la Sociedad Internacional de Telecomunicaciones Aeron\u00e1uticas (SITA), durante 2018 el n\u00famero de maletas mal manejadas fue de 24.8 millones, que incluye equipajes retrasados, da\u00f1ados o perdidos, lo que demuestra la falta de seguridad, control y aplicaci\u00f3n de los protocolos necesarios para salvaguardar los bienes de los usuarios.<\/p>\n\n\n\n<p class=\"wp-block-paragraph\">En la reuni\u00f3n de la Tercera Comisi\u00f3n, los y las legisladoras tambi\u00e9n aprobaron un dictamen en el que piden a la Secretar\u00eda de Cultura, al Instituto Nacional de Bellas Artes y Literatura (INBAL) y a la Red de Museos del INBAL, que fortalezca los mecanismos para que las exposiciones art\u00edsticas y culturales que se presenten en nuestro pa\u00eds con animales, se hagan de manera respetuosa y responsable, a fin de garantizar su bienestar y protecci\u00f3n.<\/p>\n\n\n\n<p class=\"wp-block-paragraph\">En este proyecto tambi\u00e9n se exhorta a los gobiernos de las 32 entidades federativas a que, en coordinaci\u00f3n con los gobiernos municipales y alcald\u00edas de las Ciudad de M\u00e9xico, fortalezcan y ampl\u00eden las acciones, campa\u00f1as y programas dirigidos a concientizar y sensibilizar a las y los funcionarios p\u00fablicos y a la poblaci\u00f3n en general, sobre el trato digno y respetuoso de los animales, y se fomente su reconocimiento como seres sintientes.<\/p>\n\n\n\n<p class=\"wp-block-paragraph\">Adem\u00e1s, solicita que estas campa\u00f1as se enfoquen en prevenir y erradicar la discriminaci\u00f3n hacia las personas usuarias de animales de asistencia f\u00edsica o emocional.<\/p>\n","protected":false},"excerpt":{"rendered":"<p>Deber\u00e1 haber capacitaci\u00f3n y adiestramiento del personal t\u00e9cnico, encargados de los filtros de revisi\u00f3n de equipaje&nbsp; Adem\u00e1s dictamin\u00f3 solicitar a la Red de Museos del INBAL, s mecanismos para que exposiciones art\u00edsticas y culturales con animales, se hagan de forma responsable Redacci\u00f3n&nbsp; SemM\u00e9xico, Ciudad de M\u00e9xico, 31 de julio, 2024.- La Tercera Comisi\u00f3n de la [&hellip;]<\/p>\n","protected":false},"author":3,"featured_media":85014,"comment_status":"open","ping_status":"open","sticky":false,"template":"","format":"standard","meta":{"_monsterinsights_skip_tracking":false,"footnotes":""},"categories":[50],"tags":[987,744,986,985,984],"class_list":["post-85013","post","type-post","status-publish","format-standard","has-post-thumbnail","category-congreso","tag-aviones","tag-lactancia-2","tag-leche-materna","tag-maternidad","tag-mujer-mujeres"],"_links":{"self":[{"href":"https:\/\/redsemlac.com\/semmexico\/wp-json\/wp\/v2\/posts\/85013","targetHints":{"allow":["GET"]}}],"collection":[{"href":"https:\/\/redsemlac.com\/semmexico\/wp-json\/wp\/v2\/posts"}],"about":[{"href":"https:\/\/redsemlac.com\/semmexico\/wp-json\/wp\/v2\/types\/post"}],"author":[{"embeddable":true,"href":"https:\/\/redsemlac.com\/semmexico\/wp-json\/wp\/v2\/users\/3"}],"replies":[{"embeddable":true,"href":"https:\/\/redsemlac.com\/semmexico\/wp-json\/wp\/v2\/comments?post=85013"}],"version-history":[{"count":0,"href":"https:\/\/redsemlac.com\/semmexico\/wp-json\/wp\/v2\/posts\/85013\/revisions"}],"wp:featuredmedia":[{"embeddable":true,"href":"https:\/\/redsemlac.com\/semmexico\/wp-json\/wp\/v2\/media\/85014"}],"wp:attachment":[{"href":"https:\/\/redsemlac.com\/semmexico\/wp-json\/wp\/v2\/media?parent=85013"}],"wp:term":[{"taxonomy":"category","embeddable":true,"href":"https:\/\/redsemlac.com\/semmexico\/wp-json\/wp\/v2\/categories?post=85013"},{"taxonomy":"post_tag","embeddable":true,"href":"https:\/\/redsemlac.com\/semmexico\/wp-json\/wp\/v2\/tags?post=85013"}],"curies":[{"name":"wp","href":"https:\/\/api.w.org\/{rel}","templated":true}]}}