{"id":84983,"date":"2024-07-31T07:56:17","date_gmt":"2024-07-31T13:56:17","guid":{"rendered":"https:\/\/redsemlac.com\/semmexico\/?p=84983"},"modified":"2024-07-31T08:10:30","modified_gmt":"2024-07-31T14:10:30","slug":"desaparicion-de-mujeres-adolescentes-podria-tener-relacion-con-trata-de-personas-redim","status":"publish","type":"post","link":"https:\/\/redsemlac.com\/semmexico\/desaparicion-de-mujeres-adolescentes-podria-tener-relacion-con-trata-de-personas-redim\/","title":{"rendered":"Desaparici\u00f3n de mujeres adolescentes podr\u00eda tener relaci\u00f3n con trata de personas: REDIM"},"content":{"rendered":"\n<p class=\"wp-block-paragraph\">Ser mujer se considera de alta vulnerabilidad y&nbsp; sus cuerpos y vidas pueden ser explotados con diversos prop\u00f3sitos<\/p>\n\n\n\n<p class=\"wp-block-paragraph\">Tania Ram\u00edrez Hern\u00e1ndez, directora de la Red por los Derechos de la Infancia habla sobre la Trata de Personas<\/p>\n\n\n\n<p class=\"wp-block-paragraph\">Gabriela Garza<\/p>\n\n\n\n<p class=\"wp-block-paragraph\">SemM\u00e9xico, Garza Garc\u00eda, Nuevo Le\u00f3n, 31 de julio, 2024.- En el marco del&nbsp;D\u00eda Mundial contra la Trata de Personas, el 29 de julio, &nbsp;Tania Ram\u00edrez Hern\u00e1ndez, directora de la Red por los Derechos de la Infancia en M\u00e9xico, revel\u00f3 que el rango de edad m\u00e1s com\u00fan en el que&nbsp;desaparecen&nbsp;las mujeres es de 14 a 17 a\u00f1os.<\/p>\n\n\n\n<p class=\"wp-block-paragraph\">En una entrevista para&nbsp;Telediario Radio&nbsp;con Enrique Burgos y Pamela Longoria, Ram\u00edrez Hern\u00e1ndez destac\u00f3 que esta tendencia podr\u00eda estar relacionada con la trata de personas.<\/p>\n\n\n\n<p class=\"wp-block-paragraph\">\u00abSi observamos la curva de edad y g\u00e9nero, el pico de desapariciones en nuestro pa\u00eds se encuentra en el grupo de mujeres entre 14 y 17 a\u00f1os. Es decir, son las adolescentes a quienes m\u00e1s se est\u00e1 desapareciendo en este pa\u00eds. Y probablemente la pr\u00e1ctica delictiva detr\u00e1s de estas desapariciones podr\u00eda estar relacionada con la trata.\u00bb<br>\u200b<\/p>\n\n\n\n<p class=\"wp-block-paragraph\">La titular de la&nbsp;Red por los Derechos de la Infancia&nbsp;en M\u00e9xico agreg\u00f3 que&nbsp;<\/p>\n\n\n\n<p class=\"wp-block-paragraph\">\u00abSabemos que ser ni\u00f1a, adolescente o mujer tambi\u00e9n implica una vulnerabilidad especial. Es decir, sus cuerpos y vidas pueden ser utilizados con prop\u00f3sitos de explotaci\u00f3n sexual o comercial. Adem\u00e1s de explotar sexualmente sus cuerpos, tambi\u00e9n se les explota con el fin de obtener alg\u00fan lucro. Estas problem\u00e1ticas podr\u00edan estar relacionadas con los casos de desapariciones, que sabemos que es una de las crisis m\u00e1s duras que vive nuestro pa\u00eds actualmente.\u00bb<\/p>\n\n\n\n<p class=\"wp-block-paragraph\">Adem\u00e1s, destac\u00f3 que el&nbsp;aumento en las denuncias&nbsp;puede ser positivo si indica que el delito est\u00e1 siendo visibilizado y denunciado, en lugar de reflejar un incremento en la incidencia.<\/p>\n\n\n\n<p class=\"wp-block-paragraph\">\u00abEs un delito complejo que, en su denuncia, tambi\u00e9n representa distintos desaf\u00edos. Entonces, quiz\u00e1s se minimiza el hecho de que, por ejemplo, Nuevo Le\u00f3n est\u00e1 en tercer lugar, despu\u00e9s de la Ciudad de M\u00e9xico y el Estado de M\u00e9xico. Es decir, estamos hablando de n\u00facleos urbanos muy poblados y, esperemos, esto pueda ser un indicador positivo de las denuncias y no un reflejo de sucesos e impunidad.\u00bb<\/p>\n\n\n\n<p class=\"wp-block-paragraph\">Asimismo, se\u00f1al\u00f3 la importancia de reconocer que ni\u00f1as, ni\u00f1os y adolescentes son&nbsp;titulares de derechos&nbsp;y no propiedad de sus familias. Tambi\u00e9n enfatiz\u00f3 la necesidad de desmontar ideas estigmatizantes sobre ellos e impulsar leyes que sancionen este delito.<\/p>\n\n\n\n<p class=\"wp-block-paragraph\">\u00abMe parece que la primera pauta para abordar y erradicar este problema debe ser, en primer lugar, reconocer que ni\u00f1as y adolescentes son titulares de derechos. Debemos dejar de pensar que son propiedad de las familias, que les pertenecen a las mam\u00e1s o a los pap\u00e1s, y entender que son personas con plenos derechos. Aunque su edad legal no les permita votar u ocupar otros cargos, necesitamos aceptar esto como un primer paso fundamental.\u00bb<\/p>\n","protected":false},"excerpt":{"rendered":"<p>Ser mujer se considera de alta vulnerabilidad y&nbsp; sus cuerpos y vidas pueden ser explotados con diversos prop\u00f3sitos Tania Ram\u00edrez Hern\u00e1ndez, directora de la Red por los Derechos de la Infancia habla sobre la Trata de Personas Gabriela Garza SemM\u00e9xico, Garza Garc\u00eda, Nuevo Le\u00f3n, 31 de julio, 2024.- En el marco del&nbsp;D\u00eda Mundial contra la [&hellip;]<\/p>\n","protected":false},"author":3,"featured_media":84985,"comment_status":"open","ping_status":"open","sticky":false,"template":"","format":"standard","meta":{"_monsterinsights_skip_tracking":false,"footnotes":""},"categories":[48],"tags":[970,971,149,973,972],"class_list":["post-84983","post","type-post","status-publish","format-standard","has-post-thumbnail","category-no-mas-impunidad-no-mas-impunidad","tag-adolescentes","tag-desaparicion","tag-mujeres","tag-red","tag-trata-de-personas"],"_links":{"self":[{"href":"https:\/\/redsemlac.com\/semmexico\/wp-json\/wp\/v2\/posts\/84983","targetHints":{"allow":["GET"]}}],"collection":[{"href":"https:\/\/redsemlac.com\/semmexico\/wp-json\/wp\/v2\/posts"}],"about":[{"href":"https:\/\/redsemlac.com\/semmexico\/wp-json\/wp\/v2\/types\/post"}],"author":[{"embeddable":true,"href":"https:\/\/redsemlac.com\/semmexico\/wp-json\/wp\/v2\/users\/3"}],"replies":[{"embeddable":true,"href":"https:\/\/redsemlac.com\/semmexico\/wp-json\/wp\/v2\/comments?post=84983"}],"version-history":[{"count":0,"href":"https:\/\/redsemlac.com\/semmexico\/wp-json\/wp\/v2\/posts\/84983\/revisions"}],"wp:featuredmedia":[{"embeddable":true,"href":"https:\/\/redsemlac.com\/semmexico\/wp-json\/wp\/v2\/media\/84985"}],"wp:attachment":[{"href":"https:\/\/redsemlac.com\/semmexico\/wp-json\/wp\/v2\/media?parent=84983"}],"wp:term":[{"taxonomy":"category","embeddable":true,"href":"https:\/\/redsemlac.com\/semmexico\/wp-json\/wp\/v2\/categories?post=84983"},{"taxonomy":"post_tag","embeddable":true,"href":"https:\/\/redsemlac.com\/semmexico\/wp-json\/wp\/v2\/tags?post=84983"}],"curies":[{"name":"wp","href":"https:\/\/api.w.org\/{rel}","templated":true}]}}