{"id":84687,"date":"2024-07-24T14:51:12","date_gmt":"2024-07-24T20:51:12","guid":{"rendered":"https:\/\/redsemlac.com\/semmexico\/?p=84687"},"modified":"2024-07-24T14:51:12","modified_gmt":"2024-07-24T20:51:12","slug":"bellas-y-airosas-nacer-margarita-y-apellidarse-michelena","status":"publish","type":"post","link":"https:\/\/redsemlac.com\/semmexico\/bellas-y-airosas-nacer-margarita-y-apellidarse-michelena\/","title":{"rendered":"Bellas y airosas\u00a0| Nacer Margarita y apellidarse Michelena"},"content":{"rendered":"\n<p class=\"wp-block-paragraph\"><\/p>\n\n\n\n<p class=\"wp-block-paragraph\">Elvira Hern\u00e1ndez Carballido<\/p>\n\n\n\n<p class=\"wp-block-paragraph\">SemM\u00e9xico, Pachuca, Hidalgo, 24 de julio, 2024.- Lleg\u00f3 al mundo la noche del 21 de julio de 1917 en una vieja casona de Pachuca. A su madre la asisti\u00f3 Goya, la fiel mujer otom\u00ed de lengua dulce y suaves manos morenas. Fue una hermosa ni\u00f1a de fulgurantes ojos azules\u2026 Se llamar\u00e1 Margarita. Su padre, Leopoldo, el castellano recio con su muro de amor inexpugnable, no hab\u00eda regresado de la mina con cuya dureza se hablaba de t\u00fa. Goya limpi\u00f3 a la ni\u00f1a y la visti\u00f3 con la ropita que Benita le teji\u00f3 con sus manos de hada celta.<\/p>\n\n\n\n<p class=\"wp-block-paragraph\">El nacimiento de Margarita Michelena fue recuperado con esta evocaci\u00f3n amorosa por su hija Andrea Cata\u00f1o. Ese d\u00eda, el aire suspiraba esperanzador, pero al mismo tiempo la fuerza de un hurac\u00e1n pronosticaba el nacimiento de una hidalguense que arrullar\u00eda palabras, levantar\u00eda torbellinos de poes\u00eda y tifones period\u00edsticos.&nbsp;<\/p>\n\n\n\n<p class=\"wp-block-paragraph\">Margarita fue una ni\u00f1a que desde peque\u00f1a descubri\u00f3 su vocaci\u00f3n de poeta. Ella misma afirmaba que cuando le leyeron los poemas de Luis de G\u00f3ngora su coraz\u00f3n infantil aceler\u00f3 el ritmo y qued\u00f3 marcada por siempre por la poes\u00eda. Se dedic\u00f3 a escribir porque supo que de esa manera se delataba. En toda entrevista repet\u00eda que la mejor manera de conocerla era leyendo sus poemas.<\/p>\n\n\n\n<p class=\"wp-block-paragraph\">Decidida, se fue a estudiar a la Facultad de Filosof\u00eda y Letras a la UNAM, donde conoci\u00f3 a Octavio Paz y Jaime Sabines. Entre lecturas y charlas, borradores y hojas blancas, su vocaci\u00f3n tom\u00f3 fuerza, la poes\u00eda era su manera de expresarse y de vivir. Su primer libro fue <em>Para\u00edso y Nostalgia<\/em> (1945).&nbsp;&nbsp;<\/p>\n\n\n\n<p class=\"wp-block-paragraph\">Como otras mujeres contempor\u00e1neas tambi\u00e9n lo hicieron, Margarita Michelena adem\u00e1s de escribir poemas, publicaba libros y colaboraba en diversas publicaciones literarias, pero al mismo tiempo tuvo otros trabajos \u201cformales\u201d. Fue guionista de programas radiof\u00f3nicos y particip\u00f3 en 1952 en Radio Femenina, la primera estaci\u00f3n hecha por mujeres en M\u00e9xico. Fue productora del programa \u201cMundo Femenino\u201d. En 1962 en la Secretar\u00eda de Educaci\u00f3n P\u00fablica dirigi\u00f3 la revista literaria <em>El libro y el pueblo<\/em>.&nbsp;&nbsp;<\/p>\n\n\n\n<p class=\"wp-block-paragraph\">En esta \u00e9poca escribi\u00f3 la frase de un comercial que tiempo despu\u00e9s ser\u00eda considerado el ejemplo m\u00e1s representativo de la publicidad mexicana por ser sint\u00e9tico, efectivo e informativo, estuvo compuesto solamente por tres palabras: <em>Mejor, mejora, mejoral<\/em>. Su pasi\u00f3n por los idiomas le permiti\u00f3 dedicarse al oficio de la traducci\u00f3n. En 1971, tradujo por primera vez a Charles Pierre Baudelaire, gran influencia en su propia obra.<\/p>\n\n\n\n<p class=\"wp-block-paragraph\">Margarita se enamor\u00f3 y estuvo casada con el pintor Eduardo Cata\u00f1o, tuvieron dos hijos: Andrea y Jes\u00fas. El amor de su vida falleci\u00f3 en 1964. Tal vez en su luto decidi\u00f3 decirle adi\u00f3s a la poes\u00eda, pues en 1969 ella public\u00f3 sus dos \u00faltimos libros: <em>El pa\u00eds m\u00e1s all\u00e1 de la niebla<\/em> y <em>Reuni\u00f3n de Im\u00e1genes.<\/em><\/p>\n\n\n\n<p class=\"wp-block-paragraph\">En 1978 form\u00f3 parte de la p\u00e1gina editorial de <em>Exc\u00e9lsior<\/em>. Luego, en 1980, colabor\u00f3 en la revista <em>Siempre<\/em>. Escribi\u00f3 en la prensa hasta el \u00faltimo d\u00eda de su vida. Su estilo mordaz y su forma de dominar la argumentaci\u00f3n, le gan\u00f3 el respeto de sus lectores. En 1980 decidi\u00f3 fundar <em>Cuesti\u00f3n<\/em>, el primer peri\u00f3dico de informaci\u00f3n general dirigido y escrito por mujeres. La propuesta no fue hacer un periodismo feminista sino un periodismo hecho por reporteras que dominaran todos los g\u00e9neros period\u00edsticos y la informaci\u00f3n general. El lema fue: \u201cLa expresi\u00f3n de la mujer en la noticia\u201d.&nbsp;<\/p>\n\n\n\n<p class=\"wp-block-paragraph\">Tuvo intensos debates desde su trinchera period\u00edstica. Discuti\u00f3 con Ala\u00edde Foppa, tuvo un fuerte enfrentamiento con Man\u00fa Dornbierer, Ra\u00fal Velasco y varios pol\u00edticos mexicanos. Sus palabras nunca cayeron en el insulto o la burla, argumentaba con verdadera inteligencia y sabidur\u00eda.&nbsp;<\/p>\n\n\n\n<p class=\"wp-block-paragraph\">Margarita solamente guard\u00f3 silencio por primera vez con su muerte, el 27 de marzo de 1998.&nbsp; Jaime Sabines, escribi\u00f3: \u201cTantos quieren decirnos c\u00f3mo vivir, qu\u00e9 pensar, en cu\u00e1les formar preparase a la muerte que su ruido me aturde. Ya no s\u00e9 nada. Hoy s\u00f3lo quiero refugiarme en tus versos\u201d.&nbsp;<\/p>\n\n\n\n<p class=\"wp-block-paragraph\">Cuando el cr\u00edtico Dionicio Morales entrevist\u00f3 a Margarita Michelena le comparti\u00f3 una an\u00e9cdota personal:<\/p>\n\n\n\n<p class=\"wp-block-paragraph\">Para terminar, le cuento una an\u00e9cdota m\u00eda con una comunicadora cultural: \u201c\u00bfQui\u00e9n crees, Dionicio, que sea la mejor poeta de M\u00e9xico?\u201d. \u00bfViva o muerta? Le respondo. \u201cViva\u201d, dice ella. Sin titubear digo que Margarita Michelena. La comunicadora cultural menciona otro nombre. Y le digo que no estoy de acuerdo. Ella defiende su argumento diciendo que Margarita tiene 30 a\u00f1os de no escribir poes\u00eda. Yo le contesto: \u201cBueno, Cervantes tiene 400 a\u00f1os que ya no escribe\u201d. Margarita Michelena se r\u00ede y me contesta que ya lo hab\u00eda le\u00eddo en un peri\u00f3dico. Le Gust\u00f3 much\u00edsimo mi respuesta.&nbsp;<\/p>\n","protected":false},"excerpt":{"rendered":"<p>Elvira Hern\u00e1ndez Carballido SemM\u00e9xico, Pachuca, Hidalgo, 24 de julio, 2024.- Lleg\u00f3 al mundo la noche del 21 de julio de 1917 en una vieja casona de Pachuca. A su madre la asisti\u00f3 Goya, la fiel mujer otom\u00ed de lengua dulce y suaves manos morenas. Fue una hermosa ni\u00f1a de fulgurantes ojos azules\u2026 Se llamar\u00e1 Margarita. [&hellip;]<\/p>\n","protected":false},"author":3,"featured_media":70197,"comment_status":"open","ping_status":"open","sticky":false,"template":"","format":"standard","meta":{"_monsterinsights_skip_tracking":false,"footnotes":""},"categories":[202,35],"tags":[],"class_list":["post-84687","post","type-post","status-publish","format-standard","has-post-thumbnail","category-elvira-hernandez-carballido","category-opinion"],"_links":{"self":[{"href":"https:\/\/redsemlac.com\/semmexico\/wp-json\/wp\/v2\/posts\/84687","targetHints":{"allow":["GET"]}}],"collection":[{"href":"https:\/\/redsemlac.com\/semmexico\/wp-json\/wp\/v2\/posts"}],"about":[{"href":"https:\/\/redsemlac.com\/semmexico\/wp-json\/wp\/v2\/types\/post"}],"author":[{"embeddable":true,"href":"https:\/\/redsemlac.com\/semmexico\/wp-json\/wp\/v2\/users\/3"}],"replies":[{"embeddable":true,"href":"https:\/\/redsemlac.com\/semmexico\/wp-json\/wp\/v2\/comments?post=84687"}],"version-history":[{"count":0,"href":"https:\/\/redsemlac.com\/semmexico\/wp-json\/wp\/v2\/posts\/84687\/revisions"}],"wp:featuredmedia":[{"embeddable":true,"href":"https:\/\/redsemlac.com\/semmexico\/wp-json\/wp\/v2\/media\/70197"}],"wp:attachment":[{"href":"https:\/\/redsemlac.com\/semmexico\/wp-json\/wp\/v2\/media?parent=84687"}],"wp:term":[{"taxonomy":"category","embeddable":true,"href":"https:\/\/redsemlac.com\/semmexico\/wp-json\/wp\/v2\/categories?post=84687"},{"taxonomy":"post_tag","embeddable":true,"href":"https:\/\/redsemlac.com\/semmexico\/wp-json\/wp\/v2\/tags?post=84687"}],"curies":[{"name":"wp","href":"https:\/\/api.w.org\/{rel}","templated":true}]}}