{"id":84564,"date":"2024-07-22T11:07:39","date_gmt":"2024-07-22T17:07:39","guid":{"rendered":"https:\/\/redsemlac.com\/semmexico\/?p=84564"},"modified":"2024-07-22T11:07:40","modified_gmt":"2024-07-22T17:07:40","slug":"casi-la-mitad-de-las-mujeres-en-prision-no-tienen-sentencia-segun-el-inegi","status":"publish","type":"post","link":"https:\/\/redsemlac.com\/semmexico\/casi-la-mitad-de-las-mujeres-en-prision-no-tienen-sentencia-segun-el-inegi\/","title":{"rendered":"Casi la mitad de las mujeres en prisi\u00f3n no tienen sentencia, seg\u00fan el Inegi"},"content":{"rendered":"\n<p class=\"wp-block-paragraph\">Foto: Cuartoscuro<\/p>\n\n\n\n<p class=\"wp-block-paragraph\">El 100% de las mujeres que entraron a prisi\u00f3n en Michoac\u00e1n y Edomex y no tienen sentencia, lleg\u00f3 bajo la figura legal de prisi\u00f3n preventiva oficiosa<\/p>\n\n\n\n<p class=\"wp-block-paragraph\"><a href=\"https:\/\/lacaderadeeva.com\/autor\/fernanda-rangel\/6410\">&nbsp;Fernanda Rangel<\/a><\/p>\n\n\n\n<p class=\"wp-block-paragraph\">SemM\u00e9xico\/La Cadera de Eva, Cd. de M\u00e9xico, 22 de julio, 2024.- Las mujeres&nbsp;<a href=\"https:\/\/lasillarota.com\/nacion\/2023\/11\/25\/revelan-la-violencia-abusos-que-padecen-las-mujeres-en-prisiones-mexicanas-458471.html\" target=\"_blank\" rel=\"noreferrer noopener\">mexicanas en&nbsp;prisi\u00f3n<\/a>&nbsp;son las que tienen menos sentencias firmes, de acuerdo con el nuevo Censo Nacional del Sistema Penitenciario 2024 hecho por el Instituto Nacional de Estad\u00edstica y Geograf\u00eda (INEGI), ya que de 86 mil 984 personas&nbsp;<a href=\"https:\/\/lacaderadeeva.com\/actualidad\/sanjuana-maldonado-queda-libre-tras-15-anos-en-prision\/10013\" target=\"_blank\" rel=\"noreferrer noopener\">privadas de su libertad<\/a>&nbsp;sin sentencia,&nbsp;46.8% de ellas son mujeres y el restante 36% hombres.<\/p>\n\n\n\n<p class=\"wp-block-paragraph\">En total, 233 mil 277 personas estaban privadas de la libertad en los 331 centros penitenciarios del pa\u00eds al momento en que este censo se levant\u00f3. 94% son hombres, el restante 5% son mujeres.<\/p>\n\n\n\n<figure class=\"wp-block-image size-full\"><a href=\"https:\/\/redsemlac.com\/semmexico\/wp-content\/uploads\/2024\/07\/mujeres-sin-sentecia-02.jpg\"><img loading=\"lazy\" decoding=\"async\" width=\"656\" height=\"453\" src=\"https:\/\/redsemlac.com\/semmexico\/wp-content\/uploads\/2024\/07\/mujeres-sin-sentecia-02.jpg\" alt=\"\" class=\"wp-image-84567\"\/><\/a><\/figure>\n\n\n\n<p class=\"wp-block-paragraph\">46.8% de las 13 mil 354&nbsp;mujeres privadas de la libertad&nbsp;no tiene sentencia o est\u00e1 legalmente acusada de alg\u00fan delito. S\u00f3lo el 36% de los hombres se encuentra en esta misma figura legal.&nbsp;<\/p>\n\n\n\n<p class=\"wp-block-paragraph\">De acuerdo con el censo del a\u00f1o pasado, la cantidad de&nbsp;mujeres privadas de la libertad&nbsp;aument\u00f3 0.7% en 2024, el equivalente a 48 personas m\u00e1s. En el caso de los hombres se produjo una disminuci\u00f3n de presos sin sentencia de 1.7% con respecto a los mismos periodos.<\/p>\n\n\n\n<figure class=\"wp-block-image size-full\"><a href=\"https:\/\/redsemlac.com\/semmexico\/wp-content\/uploads\/2024\/07\/mujeres-sin-sentecia-03.jpg\"><img loading=\"lazy\" decoding=\"async\" width=\"667\" height=\"482\" src=\"https:\/\/redsemlac.com\/semmexico\/wp-content\/uploads\/2024\/07\/mujeres-sin-sentecia-03.jpg\" alt=\"\" class=\"wp-image-84566\"\/><\/a><\/figure>\n\n\n\n<p class=\"wp-block-paragraph\">Esto se debe al pobre acceso que las mujeres tienen a una defensa legal de calidad en comparaci\u00f3n con lo f\u00e1cil que resulta para los hombres. De acuerdo con una investigaci\u00f3n producida y presentada por la organizaci\u00f3n Reinserta:<\/p>\n\n\n\n<p class=\"wp-block-paragraph\">\u201cLas mujeres reciben sentencias de 23 a\u00f1os, en promedio,&nbsp;por cometer delitos graves; mientras que los hombres tienen castigos de 17 a\u00f1os por los mismos il\u00edcitos\u201d.<\/p>\n\n\n\n<p class=\"wp-block-paragraph\">Del total de&nbsp;mujeres privadas de la libertad&nbsp;que no han recibido una sentencia (6 mil 259) el 50% entr\u00f3 a la c\u00e1rcel por&nbsp;prisi\u00f3n&nbsp;preventiva oficiosa, 28.2% bajo&nbsp;prisi\u00f3n&nbsp;preventiva justificada, 1.9% otros supuestos jur\u00eddicos y el restante 19% no identificado.<\/p>\n\n\n\n<p class=\"wp-block-paragraph\">En Michoac\u00e1n y el Estado de M\u00e9xico el 100% de las mujeres que entraron a&nbsp;prisi\u00f3n&nbsp;y se encuentran sin sentencia,&nbsp;lleg\u00f3 bajo la figura legal de&nbsp;prisi\u00f3n&nbsp;preventiva oficiosa. Mientras que las prisiones federales declaran que el 100% de las mujeres en sus centros est\u00e1 bajo una figura legal no especificada.<strong><a href=\"https:\/\/lacaderadeeva.com\/actualidad\/por-que-son-las-mujeres-quienes-mas-visitan-las-carceles\/5749\"><\/a><\/strong><\/p>\n\n\n\n<p class=\"wp-block-paragraph\"><strong><a href=\"https:\/\/lacaderadeeva.com\/actualidad\/por-que-son-las-mujeres-quienes-mas-visitan-las-carceles\/5749\">&nbsp;<\/a><\/strong><\/p>\n\n\n\n<p class=\"wp-block-paragraph\"><strong><a href=\"https:\/\/lacaderadeeva.com\/actualidad\/por-que-son-las-mujeres-quienes-mas-visitan-las-carceles\/5749\">\u00bfPor qu\u00e9 son las mujeres quienes m\u00e1s visitan las c\u00e1rceles? <\/a><\/strong><strong>&nbsp;\u00bfLa&nbsp;prisi\u00f3n&nbsp;preventiva oficiosa podr\u00eda causar m\u00e1s aprehensiones sin sentencia?<\/strong><\/p>\n\n\n\n<p class=\"wp-block-paragraph\">El presidente Andr\u00e9s Manuel L\u00f3pez Obrador le ha propuesto a la Suprema Corte de Justicia de la Naci\u00f3n (SCJN) la reafirmaci\u00f3n de la&nbsp;prisi\u00f3n&nbsp;preventiva como una medida cautelar de apoyo en el sistema penitenciario mexicano. Esto significa que una persona ser\u00e1 enviada de forma autom\u00e1tica a&nbsp;prisi\u00f3n&nbsp;por haber cometido cierto delito sin que haya sido revisado juez.<\/p>\n\n\n\n<p class=\"wp-block-paragraph\">El Diario Oficial de la Federaci\u00f3n (DOF) cita como cr\u00edmenes merecedores de&nbsp;prisi\u00f3n&nbsp;preventiva oficiosa al: feminicidio, secuestro, robo dentro de una vivienda, delincuencia organizada, homicidio doloso, violaci\u00f3n, trata de personas y delitos cometidos con medios violentos como armas y explosivos.<\/p>\n\n\n\n<p class=\"wp-block-paragraph\">La Corte Interamericana reprob\u00f3 a M\u00e9xico en m\u00faltiples ocasiones y le ha solicitado remover esta figura legal de su funcionamiento, adem\u00e1s de acudir a la medida cautelar \u201cprisi\u00f3n&nbsp;preventiva justificada\u201d si se necesita aislar a la persona por el bien de la comunidad.<\/p>\n\n\n\n<p class=\"wp-block-paragraph\">En la conferencia ma\u00f1anera del 16 de abril de este a\u00f1o la secretaria de Gobierno,&nbsp;Luisa Mar\u00eda Alcalde, advirti\u00f3 que eliminar la&nbsp;prisi\u00f3n&nbsp;preventiva oficiosa es&nbsp;\u201cuna amenaza a la seguridad nacional\u201d&nbsp;y \u201cuna afectaci\u00f3n irreparable a los derechos de las v\u00edctimas\u201d as\u00ed como \u201cuna extrema vulnerabilidad al personal policial, de las fiscal\u00edas, de los juzgadores y de los testigos\u201d.<\/p>\n\n\n\n<figure class=\"wp-block-image size-full\"><a href=\"https:\/\/redsemlac.com\/semmexico\/wp-content\/uploads\/2024\/07\/mujeres-sin-sentecia-04.jpg\"><img loading=\"lazy\" decoding=\"async\" width=\"353\" height=\"227\" src=\"https:\/\/redsemlac.com\/semmexico\/wp-content\/uploads\/2024\/07\/mujeres-sin-sentecia-04.jpg\" alt=\"\" class=\"wp-image-84565\"\/><\/a><\/figure>\n","protected":false},"excerpt":{"rendered":"<p>Foto: Cuartoscuro El 100% de las mujeres que entraron a prisi\u00f3n en Michoac\u00e1n y Edomex y no tienen sentencia, lleg\u00f3 bajo la figura legal de prisi\u00f3n preventiva oficiosa &nbsp;Fernanda Rangel SemM\u00e9xico\/La Cadera de Eva, Cd. de M\u00e9xico, 22 de julio, 2024.- Las mujeres&nbsp;mexicanas en&nbsp;prisi\u00f3n&nbsp;son las que tienen menos sentencias firmes, de acuerdo con el nuevo [&hellip;]<\/p>\n","protected":false},"author":3,"featured_media":84568,"comment_status":"open","ping_status":"open","sticky":false,"template":"","format":"standard","meta":{"_monsterinsights_skip_tracking":false,"footnotes":""},"categories":[682],"tags":[],"class_list":["post-84564","post","type-post","status-publish","format-standard","has-post-thumbnail","category-noticias"],"_links":{"self":[{"href":"https:\/\/redsemlac.com\/semmexico\/wp-json\/wp\/v2\/posts\/84564","targetHints":{"allow":["GET"]}}],"collection":[{"href":"https:\/\/redsemlac.com\/semmexico\/wp-json\/wp\/v2\/posts"}],"about":[{"href":"https:\/\/redsemlac.com\/semmexico\/wp-json\/wp\/v2\/types\/post"}],"author":[{"embeddable":true,"href":"https:\/\/redsemlac.com\/semmexico\/wp-json\/wp\/v2\/users\/3"}],"replies":[{"embeddable":true,"href":"https:\/\/redsemlac.com\/semmexico\/wp-json\/wp\/v2\/comments?post=84564"}],"version-history":[{"count":0,"href":"https:\/\/redsemlac.com\/semmexico\/wp-json\/wp\/v2\/posts\/84564\/revisions"}],"wp:featuredmedia":[{"embeddable":true,"href":"https:\/\/redsemlac.com\/semmexico\/wp-json\/wp\/v2\/media\/84568"}],"wp:attachment":[{"href":"https:\/\/redsemlac.com\/semmexico\/wp-json\/wp\/v2\/media?parent=84564"}],"wp:term":[{"taxonomy":"category","embeddable":true,"href":"https:\/\/redsemlac.com\/semmexico\/wp-json\/wp\/v2\/categories?post=84564"},{"taxonomy":"post_tag","embeddable":true,"href":"https:\/\/redsemlac.com\/semmexico\/wp-json\/wp\/v2\/tags?post=84564"}],"curies":[{"name":"wp","href":"https:\/\/api.w.org\/{rel}","templated":true}]}}