{"id":84455,"date":"2024-07-18T17:14:49","date_gmt":"2024-07-18T23:14:49","guid":{"rendered":"https:\/\/redsemlac.com\/semmexico\/?p=84455"},"modified":"2024-07-18T17:14:49","modified_gmt":"2024-07-18T23:14:49","slug":"vivimos-un-momento-historico-en-que-las-mujeres-tenemos-voz-y-liderazgo-claudia-curiel-de-icaza-secretaria-de-cultura","status":"publish","type":"post","link":"https:\/\/redsemlac.com\/semmexico\/vivimos-un-momento-historico-en-que-las-mujeres-tenemos-voz-y-liderazgo-claudia-curiel-de-icaza-secretaria-de-cultura\/","title":{"rendered":"Vivimos un momento hist\u00f3rico en que las mujeres tenemos voz y liderazgo: Claudia Curiel de Icaza, Secretar\u00eda de Cultura"},"content":{"rendered":"\n<p class=\"wp-block-paragraph\">A Turismo Josefina Rodr\u00edguez Zamora y a Trabajo continuar\u00e1 Marath Baruch Bola\u00f1os<\/p>\n\n\n\n<p class=\"wp-block-paragraph\">Elda Montiel<\/p>\n\n\n\n<p class=\"wp-block-paragraph\">SemM\u00e9xico,&nbsp; Ciudad de M\u00e9xico, 18 de julio, 2024.- En el \u201cjueves de gabinete\u201d como expres\u00f3 la virtual presidenta electa Claudia Sheinbaum Pardo dio a conocer a tres nuevos nombramientos de secretar\u00edas de estado,&nbsp; que entrar\u00e1n en funciones el 1\u00ba de octubre&nbsp; de los que dijo \u201cj\u00f3venes brillantes\u201d.&nbsp;&nbsp;<\/p>\n\n\n\n<p class=\"wp-block-paragraph\">Josefina Rodr\u00edguez Zamora asumir\u00e1 el cargo de Secretar\u00eda de Turismo la m\u00e1s joven del gabinete, Claudia Curiel de Icaza ha sido nombrada secretaria de Cultura y Marut Baruch Bola\u00f1os repetir\u00e1 en el cargo en la Secretar\u00eda del Trabajo y Previsi\u00f3n Social.&nbsp;<\/p>\n\n\n\n<p class=\"wp-block-paragraph\">La pr\u00f3xima Secretaria de Turismo en su presentaci\u00f3n en el Museo Interactivo de Econom\u00eda, destac\u00f3 que el turismo es el primer sector empleador de j\u00f3venes y el segundo empleador de mujeres, y que le da gusto representar al 44 % de j\u00f3venes y el 58% de mujeres que trabaja en el sector turismo.<\/p>\n\n\n\n<p class=\"wp-block-paragraph\">Josefina Rodr\u00edguez Zamora es licenciada en Administraci\u00f3n de Empresas por la Universidad Iberoamericana y desde 2021 es Secretar\u00eda&nbsp; de Turismo en Tlaxcala desarroll\u00f3 la campa\u00f1a \u201cTlaxcala s\u00ed existe\u201d para dar a conocer la cultura, gastronom\u00eda, historia y atractivos de la entidad.&nbsp;<\/p>\n\n\n\n<p class=\"wp-block-paragraph\">M\u00e9xico ,dijo es el sexto lugar m\u00e1s visitado en el mundo y se\u00f1al\u00f3 que la principal riqueza es la gente se comprometi\u00f3 que la industria beneficie a los pueblos ind\u00edgenas, artesanos y comunidades enteras de los 32 estados del pa\u00eds.&nbsp;<\/p>\n\n\n\n<p class=\"wp-block-paragraph\">La secretaria de Cultura&nbsp; Claudia Curiel de Icaza&nbsp; viene desempe\u00f1ando ese cargo en el gobierno de la Ciudad de M\u00e9xico, desde que estaba al frente&nbsp; Claudia Sheinbaum Pardo. Licenciada en Historia por la UNAM y con especialidad en Educaci\u00f3n para las Artes se destac\u00f3 su experiencia de 20 a\u00f1os en acciones que tienen que ver con cultura comunitaria, apoyo a la cultura popular y alternativa y apoyo a la Orquesta Filarm\u00f3nica de la Ciudad de M\u00e9xico con un programa permanente de retiro voluntario para que gocen de pensi\u00f3n.<\/p>\n\n\n\n<p class=\"wp-block-paragraph\">Claudia Curiel de Icaza se dijo muy orgullosa y honrada de ser parte del equipo de la primera presidenta cient\u00edfica y humanista. Dijo que se vive un momento hist\u00f3rico en que las mujeres tenemos voz y liderazgo.&nbsp;&nbsp;&nbsp;<\/p>\n\n\n\n<p class=\"wp-block-paragraph\">\u201cMe toc\u00f3 vivir cuando en el pa\u00eds no hab\u00eda pluralidad ni democracia donde mandaban los de arriba y se sacrificaban los de abajo\u201d. Est\u00e1 orgullosa de ser parte de un movimiento que pone primero a las personas que a los intereses particulares, lo que&nbsp; comprueba que los cambios y las transformaciones son posibles.<\/p>\n\n\n\n<p class=\"wp-block-paragraph\">&nbsp;Asegur\u00f3 que se dar\u00e1 un espacio central a los pueblos ind\u00edgenas, seremos plurales, incluyentes y propositivos. A la vez tradicionales y contempor\u00e1neos.&nbsp;<\/p>\n\n\n\n<p class=\"wp-block-paragraph\">Marath Baruch Bola\u00f1os continuar\u00e1 al frente de la Secretaria del Trabajo y Previsi\u00f3n Social, cargo que asumi\u00f3 en junio de 2023. Dijo que en la agenda laboral se ha puesto como centro el bienestar de la poblaci\u00f3n mexicana. Y destac\u00f3 la reforma de pensiones hecha en este sexenio que casi termina, la regulaci\u00f3n del outsourcing y otros beneficios.<\/p>\n\n\n\n<p class=\"wp-block-paragraph\">Cuenta con una licenciatura en Relaciones Internacionales por la UNAM y tiene estudios de maestr\u00eda en Estudios Latinoamericanos por la Facultad de Filosof\u00eda y Letras de la misma universidad, donde tambi\u00e9n se ha desempe\u00f1ado como profesor.<\/p>\n","protected":false},"excerpt":{"rendered":"<p>A Turismo Josefina Rodr\u00edguez Zamora y a Trabajo continuar\u00e1 Marath Baruch Bola\u00f1os Elda Montiel SemM\u00e9xico,&nbsp; Ciudad de M\u00e9xico, 18 de julio, 2024.- En el \u201cjueves de gabinete\u201d como expres\u00f3 la virtual presidenta electa Claudia Sheinbaum Pardo dio a conocer a tres nuevos nombramientos de secretar\u00edas de estado,&nbsp; que entrar\u00e1n en funciones el 1\u00ba de octubre&nbsp; [&hellip;]<\/p>\n","protected":false},"author":3,"featured_media":84456,"comment_status":"open","ping_status":"open","sticky":false,"template":"","format":"standard","meta":{"_monsterinsights_skip_tracking":false,"footnotes":""},"categories":[682],"tags":[],"class_list":["post-84455","post","type-post","status-publish","format-standard","has-post-thumbnail","category-noticias"],"_links":{"self":[{"href":"https:\/\/redsemlac.com\/semmexico\/wp-json\/wp\/v2\/posts\/84455","targetHints":{"allow":["GET"]}}],"collection":[{"href":"https:\/\/redsemlac.com\/semmexico\/wp-json\/wp\/v2\/posts"}],"about":[{"href":"https:\/\/redsemlac.com\/semmexico\/wp-json\/wp\/v2\/types\/post"}],"author":[{"embeddable":true,"href":"https:\/\/redsemlac.com\/semmexico\/wp-json\/wp\/v2\/users\/3"}],"replies":[{"embeddable":true,"href":"https:\/\/redsemlac.com\/semmexico\/wp-json\/wp\/v2\/comments?post=84455"}],"version-history":[{"count":0,"href":"https:\/\/redsemlac.com\/semmexico\/wp-json\/wp\/v2\/posts\/84455\/revisions"}],"wp:featuredmedia":[{"embeddable":true,"href":"https:\/\/redsemlac.com\/semmexico\/wp-json\/wp\/v2\/media\/84456"}],"wp:attachment":[{"href":"https:\/\/redsemlac.com\/semmexico\/wp-json\/wp\/v2\/media?parent=84455"}],"wp:term":[{"taxonomy":"category","embeddable":true,"href":"https:\/\/redsemlac.com\/semmexico\/wp-json\/wp\/v2\/categories?post=84455"},{"taxonomy":"post_tag","embeddable":true,"href":"https:\/\/redsemlac.com\/semmexico\/wp-json\/wp\/v2\/tags?post=84455"}],"curies":[{"name":"wp","href":"https:\/\/api.w.org\/{rel}","templated":true}]}}