{"id":84442,"date":"2024-07-18T15:50:25","date_gmt":"2024-07-18T21:50:25","guid":{"rendered":"https:\/\/redsemlac.com\/semmexico\/?p=84442"},"modified":"2024-07-18T15:50:26","modified_gmt":"2024-07-18T21:50:26","slug":"con-la-sobrerrepresentacion-morena-quiere-desaparecer-a-la-oposicion-y-tener-el-control-total-del-poder-pan-y-mexico-evalua","status":"publish","type":"post","link":"https:\/\/redsemlac.com\/semmexico\/con-la-sobrerrepresentacion-morena-quiere-desaparecer-a-la-oposicion-y-tener-el-control-total-del-poder-pan-y-mexico-evalua\/","title":{"rendered":"Con la sobrerrepresentaci\u00f3n Morena quiere desaparecer a la oposici\u00f3n y tener el control total del poder: PAN y M\u00e9xico Eval\u00faa\u00a0\u00a0"},"content":{"rendered":"\n<p class=\"wp-block-paragraph\">Quieren darle m\u00e1s diputados al PVEM que al PAN<\/p>\n\n\n\n<p class=\"wp-block-paragraph\">Legisladora dice a presidenta electa que no se deje imponer funcionarios<\/p>\n\n\n\n<p class=\"wp-block-paragraph\">Elda Montiel<\/p>\n\n\n\n<p class=\"wp-block-paragraph\">SemM\u00e9xico, Ciudad de M\u00e9xico, 18 de julio,&nbsp; 2024.- El debate sobre la reforma al Poder Judicial se centr\u00f3 en la sobrerrepresentaci\u00f3n de la mayor\u00eda oficialista, en el pleno de la Comisi\u00f3n Permanente, agudizada por las declaraciones del Presidente Andr\u00e9s Manuel L\u00f3pez Obrador y la Secretaria de Gobernaci\u00f3n, Luisa Mar\u00eda Alcalde Luj\u00e1n en la conferencia ma\u00f1anera de Palacio Nacional.<\/p>\n\n\n\n<p class=\"wp-block-paragraph\">Mientras que la senadora del PRI, Beatriz Paredes Rangel advirti\u00f3 que se pondr\u00e1 en riesgo la estabilidad del pa\u00eds porque en varias regiones de la Rep\u00fablica los poderes f\u00e1cticos y el crimen organizado se apoderar\u00e1n e impondr\u00e1n a los juzgadores, la&nbsp; senadora del PAN Kenia L\u00f3pez Rabad\u00e1n sostuvo que es un abuso de la ley y un fraude la sobrerrepresentaci\u00f3n, porque se quiere desaparecer a la oposici\u00f3n y tener jueces a modo, sin experiencia y subordinados.&nbsp;&nbsp;<\/p>\n\n\n\n<p class=\"wp-block-paragraph\">Luisa Mar\u00eda Alcalde afirm\u00f3 que \u201cde acuerdo a las reglas hoy establecidas en nuestra Constituci\u00f3n, la coalici\u00f3n Morena, PT y Verde Ecologista, obtendr\u00eda 373 diputadas y diputados, es decir, una mayor\u00eda calificada. Y la mayor\u00eda calificada te da la posibilidad de modificar la Constituci\u00f3n, no solamente las leyes\u201d.<\/p>\n\n\n\n<p class=\"wp-block-paragraph\">La legisladora Kenia L\u00f3pez Rabad\u00e1n en tribuna refiri\u00f3 \u201cQuieren abusar de su poder diciendo desde Palacio Nacional, como lo hizo hoy la secretaria de Gobernaci\u00f3n al viejo estilo de Bartlett, quieren improntar y obligar a que tengan m\u00e1s votos de aquellos que el pueblo de M\u00e9xico les dio. Esto es muy claro, obtuvieron el 54 por ciento de los votos, no dos terceras partes.<\/p>\n\n\n\n<figure class=\"wp-block-image\"><img decoding=\"async\" src=\"https:\/\/lh7-us.googleusercontent.com\/docsz\/AD_4nXda8DJaniBTOwRcg5NQ-gibLT9n025sWT-vgBti49TY5lequqILddfzwhTdzUAa4SFCbtftNTP52I-FvNWm8UEu7XSSGaIUw_AokQ6ssGbB8yHxYBCRJJB6Tov7YMGv8za008-vCjc4TQIjaMhrTgwYY6nfMLW8mjRf3183y6h_BjBll9WgATs?key=Rt292jiI3K7mFLeElUugtQ\" alt=\"Un grupo de personas posando para una foto\n\nDescripci\u00f3n generada autom\u00e1ticamente\"\/><\/figure>\n\n\n\n<p class=\"wp-block-paragraph\">Hizo un llamado a la decencia legislativa y parlamentaria y preciso que Morena lo que quiere es m\u00e1s poder y no que las y los mexicanos tengan justicia. Les insisti\u00f3 \u201cno tienen&nbsp; dos terceras partes, no son dem\u00f3cratas, quieren aplastar a la oposici\u00f3n quit\u00e1ndoles curules, regalarlas a sus aliados.&nbsp;<\/p>\n\n\n\n<p class=\"wp-block-paragraph\">\u201cDestruir al Poder Judicial significar\u00e1 que ustedes anhelen que un solo hombre siga mandando, y yo espero por el bien de este pa\u00eds, que la doctora Claudia Sheinbaum no se deje, no se deje imponer una reforma constitucional, as\u00ed como no se deje imponer a un titular de Cofepris, o del IMSS, o incluso hasta un subsecretario.<\/p>\n\n\n\n<p class=\"wp-block-paragraph\">Lo que calific\u00f3 de una verg\u00fcenza hist\u00f3rica que la primera presidenta de M\u00e9xico no la respete su antecesor.&nbsp;<\/p>\n\n\n\n<p class=\"wp-block-paragraph\"><strong>Posici\u00f3n del PAN&nbsp;<\/strong><\/p>\n\n\n\n<p class=\"wp-block-paragraph\">La senadora Kenia L\u00f3pez Rabad\u00e1n en su&nbsp; cuenta de X se refiri\u00f3 a lo expresado por el presidente -\u2013 Si la Constituci\u00f3n establece que se pueden realizar reformas y se establece que se necesita mayor\u00eda calificada y si esto se consigue es cumplir con la Constituci\u00f3n-&nbsp; parece una advertencia de que amenazar\u00e1 a senadores de oposici\u00f3n para doblarlos y lograr su prop\u00f3sito de da\u00f1ar al Poder Judicial.<\/p>\n\n\n\n<p class=\"wp-block-paragraph\">En conferencia de prensa a nombre del PAN fijo la posici\u00f3n p\u00fablica. Manifest\u00f3 que con la sobre representaci\u00f3n Morena le falta el respeto a las y los mexicanos, es un fraude a la Ley.&nbsp;<\/p>\n\n\n\n<p class=\"wp-block-paragraph\">\u201cAhora resulta que no obstante el Partido Verde obtuvo menos de 9 por ciento de la votaci\u00f3n y el PAN obtuvo 18 por ciento de la votaci\u00f3n, esto es el doble, el PAN obtuvo el doble de la votaci\u00f3n que el Partido Verde, pues le quieren asignar 75 diputados al Verde y s\u00f3lo 68 al PAN.\u201d<\/p>\n\n\n\n<p class=\"wp-block-paragraph\">Preciso que 33 de cada 100 electores votaron por Morena, pero 33 de cada 100 electores no son las curules, los esca\u00f1os que \u00e9l ambiciona tener para lastimar y para modificar la Constituci\u00f3n. Es claro que esa hiper mayor\u00eda ficticia que quiere le va a hacer da\u00f1o a la democracia en este pa\u00eds, porque busca, lamentablemente, eliminar a las minor\u00edas.<\/p>\n\n\n\n<p class=\"wp-block-paragraph\">La \u00faltima instancia que conocer\u00e1 de este tema tan importante ser\u00e1 el Tribunal Electoral del Poder Judicial de la Federaci\u00f3n, cuya fecha m\u00e1xima es el 23 de agosto. Y al Tribunal le decimos que piense en el pueblo de M\u00e9xico y en el sentido de la Constituci\u00f3n y del legislador.<\/p>\n\n\n\n<p class=\"wp-block-paragraph\">A los magistrados federales les dijo: \u201cVan a tener que ser bien valientes, porque el mensaje con la Secretaria de Gobierno del Presidente de la Rep\u00fablica es totalmente doloso, es totalmente abrasivo, no deber\u00eda ser en un Estado democr\u00e1tico\u201d.<\/p>\n\n\n\n<p class=\"wp-block-paragraph\">La Secretaria General del PAN, diputada Noemi Berenice Luna Ayala, indic\u00f3 que se debe respetar el esp\u00edritu del legislador cuando se instituy\u00f3 la figura de la sobre representaci\u00f3n. Esta figura se llev\u00f3 a la normatividad en 1997 y fue hasta el 2014 cuando se reconocen las coaliciones electorales.<\/p>\n\n\n\n<p class=\"wp-block-paragraph\">Consider\u00f3 que la constituci\u00f3n establece la sobre representaci\u00f3n para permitir que las minor\u00edas tengan una representaci\u00f3n equitativa en el Congreso de la Uni\u00f3n, no a la inversa, para permitir una sobre representaci\u00f3n del oficialismo, que es lo que pretende hacer Morena con sus aliados. \u201cParece rid\u00edculo, yo lo dir\u00eda con esa palabra, que quien obtiene 54 por ciento de la votaci\u00f3n, pretenda tener 74 por ciento de las posiciones en el Congreso de la Uni\u00f3n\u201d.<\/p>\n\n\n\n<p class=\"wp-block-paragraph\">\u201cHay una argucia por parte del oficialismo. Morena logr\u00f3 poner a sus candidatos en sus partidos sat\u00e9lites para con esto tener una mayor\u00eda artificial que permita que no haya la divisi\u00f3n de poderes que debe existir en cualquier democracia y sacar su plan C y sus 20 reformas, que no son otra cosa que un capricho del presidente de la Rep\u00fablica\u201d.<\/p>\n\n\n\n<p class=\"wp-block-paragraph\"><strong>Las voces morenistas<\/strong><\/p>\n\n\n\n<p class=\"wp-block-paragraph\">En el pleno por Morena, el diputado Gerardo Fern\u00e1ndez Noro\u00f1a se\u00f1al\u00f3 que, aunque en M\u00e9xico debe decidir el pueblo, aun se sigue \u201cregateando el derecho de elegir al Poder Judicial\u201d; precis\u00f3 que su partido pol\u00edtico est\u00e1 abierto a las propuestas que una reforma de este calado implica, aunque no \u201ca la defensa de lo indefendible\u201d ni a la \u201cp\u00e9rdida de la ubicaci\u00f3n en la realidad\u201d de los partidos de oposici\u00f3n.<\/p>\n\n\n\n<p class=\"wp-block-paragraph\">El diputado del PT, \u00c1ngel Benjam\u00edn Robles Montoya, afirm\u00f3 que se lograr\u00e1 la reforma constitucional al Poder Judicial en septiembre, y estar\u00e1 el Congreso de la Uni\u00f3n, en la C\u00e1mara de Diputados y de Senadores, representado en su mayor\u00eda por quienes forman la Cuarta Transformaci\u00f3n.<\/p>\n\n\n\n<p class=\"wp-block-paragraph\">Por Morena, el senador Reyes Flores Hurtado defendi\u00f3 que la reforma al Poder Judicial pretende obtener los mejores perfiles para que la ciudadan\u00eda sea la que decida en votaci\u00f3n directa qui\u00e9n llega a los cargos de juzgador. \u201cLa idea es que los candidatos seleccionados en el proceso sean los mejores, de tal manera que cualquiera sea un buen juzgador y quitarle la tentaci\u00f3n, a quienes deciden, de poner a sus cuates\u201d.<\/p>\n\n\n\n<p class=\"wp-block-paragraph\">Mientras que el coordinador parlamentario de Morena, Ricardo Monreal \u00c1vila, en entrevista, afirm\u00f3 sobre los se\u00f1alamientos de representaci\u00f3n de Morena en el Congreso de la Uni\u00f3n, Monreal \u00c1vila record\u00f3 que, \u201cya se ha aplicado una f\u00f3rmula similar en anteriores procesos electorales, adem\u00e1s de que tal f\u00f3rmula est\u00e1 se\u00f1alada en la Constituci\u00f3n Pol\u00edtica, por lo que no hay \u201csobre representaci\u00f3n ni abuso\u201d.<\/p>\n\n\n\n<p class=\"wp-block-paragraph\">Asegur\u00f3 que la reforma al Poder Judicial no afectar\u00e1 los derechos o conquistas laborales de los trabajadores, pues lo que se busca es limpiar el sistema de justicia, eliminar los privilegios ofensivos y quitarle al crimen organizado y a la delincuencia de cuello blanco su influencia entre algunos juzgadores.<\/p>\n\n\n\n<p class=\"wp-block-paragraph\">Se trata, a\u00f1adi\u00f3, de limpiar el sistema de justicia, fortalecer el r\u00e9gimen de divisi\u00f3n de poderes, otorgarle autonom\u00eda al Poder Judicial, y \u201cquitarle al crimen organizado su influencia y al crimen de cuello blanco la influencia enorme que tiene sobre algunos juzgadores\u201d.<\/p>\n\n\n\n<p class=\"wp-block-paragraph\"><strong>Punto de Acuerdo de senadora panista a reforma judicial<\/strong><\/p>\n\n\n\n<p class=\"wp-block-paragraph\">La senadora Minerva Hern\u00e1ndez Ramos anunci\u00f3 que presentar\u00e1 un punto de acuerdo ante la Comisi\u00f3n Permanente del Congreso de la Uni\u00f3n, a fin de exhortar a la Comisi\u00f3n de Puntos Constitucionales de la C\u00e1mara de Diputados, para que, en la elaboraci\u00f3n del dictamen para modificar al Poder Judicial de la Federaci\u00f3n (PJF), enviada por el titular del Poder Ejecutivo federal, considere incluir en la reforma un novedoso esquema de transparencia y rendici\u00f3n de cuentas como mecanismo de control ciudadano.<\/p>\n\n\n\n<p class=\"wp-block-paragraph\">\u201cEstamos obligados a aprobar una reforma que m\u00e1s all\u00e1 del fortalecimiento institucional sea de utilidad y en beneficio del ciudadano\u201d, destac\u00f3 Hern\u00e1ndez Ramos. La reforma al Poder Judicial no resolver\u00e1 el boquete fiscal que tenemos para sanear tanto la hacienda p\u00fablica federal y estatal.<\/p>\n\n\n\n<p class=\"wp-block-paragraph\">Por ello, solicitar\u00e1 que se convoque y delinee en conjunto con la sociedad civil, acad\u00e9micos y expertos, la construcci\u00f3n de un cap\u00edtulo de transparencia y rendici\u00f3n de cuentas como parte de la reforma.<\/p>\n\n\n\n<p class=\"wp-block-paragraph\">Hern\u00e1ndez Ramos propone en el documento, exhortar a la Secretar\u00eda de Hacienda y Cr\u00e9dito P\u00fablico a enviar la actualizaci\u00f3n del impacto presupuestal de la reforma por la trascendencia e importancia que representa en la agenda nacional para los ciudadanos; respetar y salvaguardar en todo momento los derechos laborales de los trabajadores del PJF, y establecer con claridad la extinci\u00f3n de aquellos fideicomisos pertenecientes al Poder Judicial que no se encuentren relacionados con las prestaciones sociales de los trabajadores.&nbsp;<\/p>\n\n\n\n<p class=\"wp-block-paragraph\">&nbsp;<strong>Sociedad civil coincide con el PAN&nbsp;<\/strong><\/p>\n\n\n\n<p class=\"wp-block-paragraph\">Para Luis Rubio de M\u00e9xico Eval\u00faa el verdadero objetivo de la reforma judicial es el control total, en su columna titulada \u201cGolpe\u201d se\u00f1ala que la intenci\u00f3n es recrear el autoritarismo de los 70 sin pensar que es inviable en el contexto actual. &nbsp; El presidente pretende controlar el proceso que lleve a la sobrerrepresentaci\u00f3n y, de ah\u00ed, a la mayor\u00eda calificada. No es una conspiraci\u00f3n, pero la actitud golpista es m\u00e1s que evidente.<\/p>\n\n\n\n<p class=\"wp-block-paragraph\">Curiosamente, la Reforma al Poder Judicial que propone el actual presidente no busca mejorar la deficiente impartici\u00f3n de justicia que afecta al 99% de la ciudadan\u00eda, sino establecer un estricto control sobre los ministros de la SCJ. Se trata, pues, de un objetivo puramente pol\u00edtico.<\/p>\n\n\n\n<p class=\"wp-block-paragraph\">La iniciativa que se discute, y se teme tanto, no tiene por objetivo mejorar la justicia ni crear mecanismos para dirimir conflictos o diferendos que afectan a la ciudadan\u00eda, sino establecer un f\u00e9rreo control sobre los ministros de la Suprema Corte de Justicia.&nbsp;Es decir, se trata de un objetivo estrictamente pol\u00edtico que se deriva m\u00e1s de un \u00e1nimo de venganza que de un esp\u00edritu constructivo orientado a resolver problemas reales y tangibles que afligen a la poblaci\u00f3n.<\/p>\n\n\n\n<p class=\"wp-block-paragraph\">No es un asunto de leyes sino de poder Para el presidente L\u00f3pez Obrador lo relevante no es la ley sino el poder con que cuenta la presidencia y su mantra ha sido la de incrementarlo de manera sistem\u00e1tica, primero de facto y ahora en la constituci\u00f3n.<\/p>\n\n\n\n<p class=\"wp-block-paragraph\">No es casualidad que las dos instituciones m\u00e1s disputadas \u2014por atacantes y defensores por igual\u2014 sean las m\u00e1s conocidas: la SCJ y el INE. Su credibilidad las acredita y, en consecuencia, su eliminaci\u00f3n tendr\u00eda enormes costos para el gobierno y para el pa\u00eds en general<strong>.<\/strong><\/p>\n\n\n\n<p class=\"wp-block-paragraph\"><strong>Sociedad Civil M\u00e9xico<\/strong><\/p>\n\n\n\n<p class=\"wp-block-paragraph\">El movimiento Sociedad Civil M\u00e9xico que forma parte de la Marea Rosa hizo un llamado al Instituto Nacional Electoral a resguardar la representaci\u00f3n democr\u00e1tica en el Congreso Nacional.&nbsp;<\/p>\n\n\n\n<p class=\"wp-block-paragraph\">Ante los intentos de sobrerrepresentaci\u00f3n en la c\u00e1maras legislativas mostraron su rechazo y preocupaci\u00f3n, lamentaron que con el 54% de los votos quieran adue\u00f1arse de m\u00e1s del 70 % de los esca\u00f1os.&nbsp;<\/p>\n\n\n\n<p class=\"wp-block-paragraph\">En un comunicado instaron a los consejeros cumplan con el deber de garantizar un proceso electoral justo y representativo para todos los ciudadanos.&nbsp;&nbsp;&nbsp;&nbsp;<\/p>\n","protected":false},"excerpt":{"rendered":"<p>Quieren darle m\u00e1s diputados al PVEM que al PAN Legisladora dice a presidenta electa que no se deje imponer funcionarios Elda Montiel SemM\u00e9xico, Ciudad de M\u00e9xico, 18 de julio,&nbsp; 2024.- El debate sobre la reforma al Poder Judicial se centr\u00f3 en la sobrerrepresentaci\u00f3n de la mayor\u00eda oficialista, en el pleno de la Comisi\u00f3n Permanente, agudizada [&hellip;]<\/p>\n","protected":false},"author":3,"featured_media":84443,"comment_status":"open","ping_status":"open","sticky":false,"template":"","format":"standard","meta":{"_monsterinsights_skip_tracking":false,"footnotes":""},"categories":[50],"tags":[],"class_list":["post-84442","post","type-post","status-publish","format-standard","has-post-thumbnail","category-congreso"],"_links":{"self":[{"href":"https:\/\/redsemlac.com\/semmexico\/wp-json\/wp\/v2\/posts\/84442","targetHints":{"allow":["GET"]}}],"collection":[{"href":"https:\/\/redsemlac.com\/semmexico\/wp-json\/wp\/v2\/posts"}],"about":[{"href":"https:\/\/redsemlac.com\/semmexico\/wp-json\/wp\/v2\/types\/post"}],"author":[{"embeddable":true,"href":"https:\/\/redsemlac.com\/semmexico\/wp-json\/wp\/v2\/users\/3"}],"replies":[{"embeddable":true,"href":"https:\/\/redsemlac.com\/semmexico\/wp-json\/wp\/v2\/comments?post=84442"}],"version-history":[{"count":0,"href":"https:\/\/redsemlac.com\/semmexico\/wp-json\/wp\/v2\/posts\/84442\/revisions"}],"wp:featuredmedia":[{"embeddable":true,"href":"https:\/\/redsemlac.com\/semmexico\/wp-json\/wp\/v2\/media\/84443"}],"wp:attachment":[{"href":"https:\/\/redsemlac.com\/semmexico\/wp-json\/wp\/v2\/media?parent=84442"}],"wp:term":[{"taxonomy":"category","embeddable":true,"href":"https:\/\/redsemlac.com\/semmexico\/wp-json\/wp\/v2\/categories?post=84442"},{"taxonomy":"post_tag","embeddable":true,"href":"https:\/\/redsemlac.com\/semmexico\/wp-json\/wp\/v2\/tags?post=84442"}],"curies":[{"name":"wp","href":"https:\/\/api.w.org\/{rel}","templated":true}]}}