{"id":84436,"date":"2024-07-18T15:47:52","date_gmt":"2024-07-18T21:47:52","guid":{"rendered":"https:\/\/redsemlac.com\/semmexico\/?p=84436"},"modified":"2024-07-18T15:48:26","modified_gmt":"2024-07-18T21:48:26","slug":"cdmx-define-aprobacion-de-ley-paola-buenrostro-busca-tipificar-los-transfeminicidios","status":"publish","type":"post","link":"https:\/\/redsemlac.com\/semmexico\/cdmx-define-aprobacion-de-ley-paola-buenrostro-busca-tipificar-los-transfeminicidios\/","title":{"rendered":"CDMX define aprobaci\u00f3n de Ley Paola Buenrostro; busca tipificar los transfeminicidios"},"content":{"rendered":"\n<p class=\"wp-block-paragraph\">En\u00a0 la pasada Marcha del Orgullo, la poblaci\u00f3n trans exigi\u00f3 justicia ante los cr\u00edmenes de odio \/ Foto: Aracely Mart\u00ednez \/ Ovaciones<\/p>\n\n\n\n<p class=\"wp-block-paragraph\">Esta iniciativa tambi\u00e9n abre la puerta a la \u201cfamilia social\u201d, es decir amistades de la v\u00edctima, quienes podr\u00e1n reclamar el cuerpo<\/p>\n\n\n\n<p class=\"wp-block-paragraph\">Gloria L\u00f3pez<\/p>\n\n\n\n<p class=\"wp-block-paragraph\">SemM\u00e9xico \/ El Sol de M\u00e9xico, Ciudad de M\u00e9xico, 18 de julio, 2024.- A tres a\u00f1os de estar en la congeladora, el Congreso capitalino discute hoy la aprobaci\u00f3n de la Ley Paola Buenrostro&nbsp;para tipificar los&nbsp;transfeminicidios&nbsp;en la Ciudad de M\u00e9xico y castigar este delito con penas de entre 30 y 70 a\u00f1os de c\u00e1rcel.<\/p>\n\n\n\n<p class=\"wp-block-paragraph\">Hoy los&nbsp;diputados retomar\u00e1n la iniciativa que&nbsp;Tem\u00edstocles Villanueva&nbsp;present\u00f3 el 5 de octubre de 2021&nbsp;y que propone reformar diversos ordenamientos en materia de tipificaci\u00f3n y atenci\u00f3n a v\u00edctimas de&nbsp;transfeminicidio,&nbsp;en memoria a Paola,&nbsp;una mujer trans que ejerc\u00eda el trabajo sexual y que fue asesinada en por motivos de odio.<\/p>\n\n\n\n<p class=\"wp-block-paragraph\">En entrevista con&nbsp;El Sol de M\u00e9xico&nbsp;el legislador explic\u00f3 que esta iniciativa considera reformar cuatro ordenamientos distintos que son el C\u00f3digo Penal de la Ciudad de M\u00e9xico, la Ley de V\u00edctimas de la capital, el C\u00f3digo Civil y la Ley Org\u00e1nica de la Fiscal\u00eda.<\/p>\n\n\n\n<p class=\"wp-block-paragraph\">\u201cLa iniciativa fue construida por organizaciones, colectivos, activistas de la diversidad sexual y de la defensa de los derechos humanos feministas, que tiene como objetivo atender la recomendaci\u00f3n 02\/2019 de la Comisi\u00f3n de Derechos Humanos de la Ciudad de M\u00e9xico por el caso de&nbsp; Paola Buenrostro, una&nbsp;joven trabajadora sexual asesinada en el a\u00f1o 2016\u201d, detall\u00f3.<\/p>\n\n\n\n<figure class=\"wp-block-image\"><img decoding=\"async\" src=\"https:\/\/lh7-us.googleusercontent.com\/docsz\/AD_4nXeDZ1BJR5rfzl8zcdcDsUIbx5ndY6R2Y4lHdncpqIglTWCk0bjBafdxG-vyn3NhOtSTGEzh3935gu4smxCMJOd7N_Vv8uLr0wAPLAUclM3fANb6qw4vKOF9rWUZ-EOsiWouMNwjZXIP7MiFo1z8QYr3dXSyefbYpZ30AXzeaEMIAhmc70xlj-A?key=msx_9VSMQUSuK7NW6Auclg\" alt=\"Interfaz de usuario gr\u00e1fica, Texto\n\nDescripci\u00f3n generada autom\u00e1ticamente\"\/><\/figure>\n\n\n\n<p class=\"wp-block-paragraph\">El&nbsp;diputado morenista resalt\u00f3 que una de las modificaciones a la Ley de v\u00edctimas propone que se incluya el concepto de \u201cfamilia social\u201d, lo que obligar\u00e1 a la Fiscal\u00eda a entregar los restos de la v\u00edctima a la familia elegida en caso de que no tengan familia consangu\u00ednea.<\/p>\n\n\n\n<p class=\"wp-block-paragraph\">\u201cMuchas personas trans son expulsadas del hogar a muy temprana edad y en la mayor\u00eda de los casos no hay tienen relaci\u00f3n con su familia consangu\u00ednea, por lo que no se acercan para solicitar los restos mortales, tampoco exigen justicia y a trav\u00e9s del tiempo las personas trans construyen una familia social integrada por personas que forman parte de su vida&nbsp;y son quienes reclaman el cuerpo para darle sepultura y para reconocer su identidad\u201d, agreg\u00f3.<\/p>\n\n\n\n<p class=\"wp-block-paragraph\">El diputado record\u00f3 que la recomendaci\u00f3n que emiti\u00f3 la Comisi\u00f3n de Derechos Humanos local mandata que la Fiscal\u00eda capitalina investigue con perspectiva de g\u00e9nero y enfoque diferenciado los delitos de&nbsp;transfeminicidio.<\/p>\n\n\n\n<p class=\"wp-block-paragraph\">\u201cAunque la&nbsp;Fiscal\u00eda de la Ciudad de M\u00e9xico&nbsp;ha tenido voluntad para utilizar el tipo penal para juzgar todos los casos que involucran a personas trans, la realidad es que se requiere de un tipo penal que garantice el acceso a la justicia sin discriminaci\u00f3n\u201d, se\u00f1al\u00f3.<\/p>\n\n\n\n<p class=\"wp-block-paragraph\">Destac\u00f3 que, en caso de aprobarse,&nbsp;la Fiscal\u00eda tendr\u00e1 que usar este tipo penal cuando se trate de personas trans que fueron asesinadas en raz\u00f3n de su identidad de g\u00e9nero, adem\u00e1s de que impactar\u00e1 en la actuaci\u00f3n de la procuraci\u00f3n de justicia sin revictimizaci\u00f3n.<\/p>\n\n\n\n<figure class=\"wp-block-image\"><img decoding=\"async\" src=\"https:\/\/lh7-us.googleusercontent.com\/docsz\/AD_4nXf0mSawZNFI-TwKijMd7LBUf7rhK_tJWRCk_m_0uL44lbit-2XlHUUMdDZJ_cGmGyTI5knBmkf5_EUkeIA0BdSbKimhIY-Q10vHQ7sCc8uSxW7IeZ0pOzJynQMTnVtOCj3DuBMHTHB8GrjtUC94dHBiupqSR8_aiUKvPzMUbZ21H5FnbU6o3DI?key=msx_9VSMQUSuK7NW6Auclg\" alt=\"Interfaz de usuario gr\u00e1fica, Aplicaci\u00f3n\n\nDescripci\u00f3n generada autom\u00e1ticamente con confianza media\"\/><\/figure>\n\n\n\n<p class=\"wp-block-paragraph\">Villanueva destac\u00f3 que hasta el momento&nbsp;se han registrado 10 asesinatos de personas trans en la Ciudad de M\u00e9xico, de los que cuatro fueron por raz\u00f3n de identidad de g\u00e9nero, mientras que la organizaci\u00f3n civil Lleca ha contabilizado al menos ocho casos.<\/p>\n\n\n\n<p class=\"wp-block-paragraph\">Uno de los casos m\u00e1s recientes ocurri\u00f3 el pasado 24 de mayo en la alcald\u00eda&nbsp;Cuauht\u00e9moc&nbsp;donde&nbsp;se registr\u00f3 el asesinato de una mujer trans que trabaja al interior de una est\u00e9tica de la calle Rep\u00fablica de Per\u00fa. De acuerdo con las autoridades la mujer de 42 a\u00f1os fue encontrada sin signos vitales por disparos de arma de fuego.<\/p>\n\n\n\n<p class=\"wp-block-paragraph\">El&nbsp;21 de febrero, en la colonia Renovaci\u00f3n de la alcald\u00eda Iztapalapa, fue localizado el cuerpo de otra mujer trans&nbsp;con signos de violencia que viv\u00eda en casas de cart\u00f3n sobre el Eje 6.<\/p>\n\n\n\n<p class=\"wp-block-paragraph\">Kenya Cuevas, fundadora de la&nbsp;Casa de las Mu\u00f1ecas Tiresias&nbsp;y&nbsp;amiga de Paola Buenrostro, promovi\u00f3 una recompensa para localizar y detener a Arturo Felipe Delgadillo Olvera, quien el 30 de octubre de 2016 fue arrestado por el asesinato de Buenrostro y dos d\u00edas despu\u00e9s un juez lo liber\u00f3.<\/p>\n\n\n\n<p class=\"wp-block-paragraph\">Siete a\u00f1os despu\u00e9s,&nbsp;la Fiscal\u00eda ofreci\u00f3 una recompensa de 500 mil pesos a quienes den informaci\u00f3n para la captura de quien le dispar\u00f3 a Buenrostro.<\/p>\n\n\n\n<p class=\"wp-block-paragraph\">Cuevas explic\u00f3 a este diario que una vez que Delgadillo sea detenido iniciar\u00e1 un nuevo proceso penal y el delito podr\u00eda reconfigurarse, por ello la importancia de la aprobaci\u00f3n de esta iniciativa.<\/p>\n","protected":false},"excerpt":{"rendered":"<p>En\u00a0 la pasada Marcha del Orgullo, la poblaci\u00f3n trans exigi\u00f3 justicia ante los cr\u00edmenes de odio \/ Foto: Aracely Mart\u00ednez \/ Ovaciones Esta iniciativa tambi\u00e9n abre la puerta a la \u201cfamilia social\u201d, es decir amistades de la v\u00edctima, quienes podr\u00e1n reclamar el cuerpo Gloria L\u00f3pez SemM\u00e9xico \/ El Sol de M\u00e9xico, Ciudad de M\u00e9xico, 18 [&hellip;]<\/p>\n","protected":false},"author":3,"featured_media":84438,"comment_status":"open","ping_status":"open","sticky":false,"template":"","format":"standard","meta":{"_monsterinsights_skip_tracking":false,"footnotes":""},"categories":[50],"tags":[],"class_list":["post-84436","post","type-post","status-publish","format-standard","has-post-thumbnail","category-congreso"],"_links":{"self":[{"href":"https:\/\/redsemlac.com\/semmexico\/wp-json\/wp\/v2\/posts\/84436","targetHints":{"allow":["GET"]}}],"collection":[{"href":"https:\/\/redsemlac.com\/semmexico\/wp-json\/wp\/v2\/posts"}],"about":[{"href":"https:\/\/redsemlac.com\/semmexico\/wp-json\/wp\/v2\/types\/post"}],"author":[{"embeddable":true,"href":"https:\/\/redsemlac.com\/semmexico\/wp-json\/wp\/v2\/users\/3"}],"replies":[{"embeddable":true,"href":"https:\/\/redsemlac.com\/semmexico\/wp-json\/wp\/v2\/comments?post=84436"}],"version-history":[{"count":0,"href":"https:\/\/redsemlac.com\/semmexico\/wp-json\/wp\/v2\/posts\/84436\/revisions"}],"wp:featuredmedia":[{"embeddable":true,"href":"https:\/\/redsemlac.com\/semmexico\/wp-json\/wp\/v2\/media\/84438"}],"wp:attachment":[{"href":"https:\/\/redsemlac.com\/semmexico\/wp-json\/wp\/v2\/media?parent=84436"}],"wp:term":[{"taxonomy":"category","embeddable":true,"href":"https:\/\/redsemlac.com\/semmexico\/wp-json\/wp\/v2\/categories?post=84436"},{"taxonomy":"post_tag","embeddable":true,"href":"https:\/\/redsemlac.com\/semmexico\/wp-json\/wp\/v2\/tags?post=84436"}],"curies":[{"name":"wp","href":"https:\/\/api.w.org\/{rel}","templated":true}]}}