{"id":84432,"date":"2024-07-18T15:46:25","date_gmt":"2024-07-18T21:46:25","guid":{"rendered":"https:\/\/redsemlac.com\/semmexico\/?p=84432"},"modified":"2024-07-18T15:46:25","modified_gmt":"2024-07-18T21:46:25","slug":"amicus-curiae-de-amnistia-internacional-ante-juzgado-por-deficiente-plan-de-reparacion-del-dano-a-victimas-en-el-feminicidio-de-karla-pontigo","status":"publish","type":"post","link":"https:\/\/redsemlac.com\/semmexico\/amicus-curiae-de-amnistia-internacional-ante-juzgado-por-deficiente-plan-de-reparacion-del-dano-a-victimas-en-el-feminicidio-de-karla-pontigo\/","title":{"rendered":"Amicus Curiae de Amnist\u00eda Internacional ante Juzgado por deficiente Plan de Reparaci\u00f3n del Da\u00f1o a v\u00edctimas en el feminicidio de\u00a0 Karla Pontigo\u00a0"},"content":{"rendered":"\n<p class=\"wp-block-paragraph\">CEAV no considera sentencia de la SCJN y creaci\u00f3n de Fiscal\u00eda de Feminicidio por el activismo de la mam\u00e1 de Karla<\/p>\n\n\n\n<p class=\"wp-block-paragraph\">Elda Montiel&nbsp;<\/p>\n\n\n\n<p class=\"wp-block-paragraph\">SemM\u00e9xico,&nbsp; Ciudad de M\u00e9xico, 18 de julio,&nbsp; 2024.- Amnist\u00eda Internacional M\u00e9xico present\u00f3 un Amicus Curiae o informe t\u00e9cnico, al Juzgado Primero de Distrito de San Luis Potos\u00ed, que analiza, en un juicio de amparo, un Plan de Reparaci\u00f3n del Da\u00f1o en el feminicidio de Karla Pontigo, ocurrido el 28 de octubre del 2012.&nbsp;<\/p>\n\n\n\n<p class=\"wp-block-paragraph\">Las deficiencias del Plan de Reparaci\u00f3n del Da\u00f1o que emiti\u00f3 la Comisi\u00f3n Ejecutiva de Atenci\u00f3n a V\u00edctimas (CEAV) son:&nbsp; No permitir la participaci\u00f3n de las v\u00edctimas, no considerar medidas de satisfacci\u00f3n como disculpa p\u00fablica y la responsabilidad del Estado por las violaciones y omisiones del personal de la entonces Procuradur\u00eda de San Luis Potos\u00ed, se se\u00f1ala en el Amicus Curiae con el prop\u00f3sito de que el juzgador considere la perspectiva de g\u00e9nero y los est\u00e1ndares de&nbsp; los Sistemas Internacional e Interamericano de derechos humanos.&nbsp;<\/p>\n\n\n\n<p class=\"wp-block-paragraph\">Destaca que el Plan de Reparaci\u00f3n del Da\u00f1o de la CEAV no consider\u00f3 los importantes logros del activismo de la se\u00f1ora Esperanza Luciotto, madre de Karla como la&nbsp;Sentencia sobre la responsabilidad de la cadena de mando durante las investigaciones por el feminicidio de su hija, que dict\u00f3 la Suprema Corte de Justicia de la Naci\u00f3n (SCJN), y la creaci\u00f3n de la&nbsp;<a href=\"https:\/\/amnistia.org.mx\/contenido\/index.php\/gracias-a-las-familias-de-victimas-de-feminicidio-san-luis-potosi-cuenta-ahora-con-una-fiscalia-especializada-en-feminicidios\/\">Fiscal\u00eda Especializada en Feminicidios<\/a>&nbsp;en San Luis Potos\u00ed.<\/p>\n\n\n\n<p class=\"wp-block-paragraph\">Aunque esto ha tenido un impacto grave en su salud f\u00edsica y psicol\u00f3gica, as\u00ed como en su seguridad e integridad f\u00edsica, puesto que ha sufrido amenazas, lo que ha desencadenado efectos en la salud psico-emocional de la familia. No facilitar la participaci\u00f3n directa de las v\u00edctimas directas e indirectas en dicho plan, contraviene lo dispuesto por la Corte Penal Internacional que ha desarrollado un enfoque centrado en la v\u00edctima y que les involucra en el proceso de justicia penal.&nbsp;<\/p>\n\n\n\n<p class=\"wp-block-paragraph\">Amnist\u00eda Internacional advierte que el CEAV no hizo un an\u00e1lisis amplio e integral en relaci\u00f3n con las secuelas psicol\u00f3gicas y f\u00edsicas diagnosticadas en la madre y en los dos hermanos de Karla a consecuencia del feminicidio de \u00e9sta, como v\u00edctimas indirectas, lo que viola los est\u00e1ndares internacionales en el dise\u00f1o y ejecuci\u00f3n del Plan de Reparaci\u00f3n Integral.<\/p>\n\n\n\n<p class=\"wp-block-paragraph\">No consider\u00f3 medidas amplias e integrales de satisfacci\u00f3n a que tienen derecho las v\u00edctimas y con las que se busca la recuperaci\u00f3n de la memoria, el reconocimiento de su dignidad y el consuelo de sus familiares, como una disculpa p\u00fablica para Karla y su familia ni medidas que apunten a la responsabilidad del estado de San Luis Potos\u00ed por las violaciones a los derechos humanos en contra de la madre y hermanos de Karla Pontigo en su lucha por acceder a la justicia o por las omisiones en que incurrieron las personas servidoras p\u00fablicas de la entonces Procuradur\u00eda General de Justicia de San Luis Potos\u00ed cuando investigaron el feminicidio.<\/p>\n\n\n\n<p class=\"wp-block-paragraph\">La segunda sentencia por feminicidio, despu\u00e9s del caso de Mariana Lima Buend\u00eda, se\u00f1ala de manera clara que el Fiscal General no puede deslindarse de las irregularidades que se cometen en la investigaci\u00f3n independientemente de que no sea el encargado directo. Destaca la responsabilidad del Director de Servicios Periciales y del Jefe de la Polic\u00eda y ordena iniciar las investigaciones administrativas y penales por las irregularidades cometidas.<\/p>\n\n\n\n<p class=\"wp-block-paragraph\">La CEAV tampoco consider\u00f3 medidas para la conservaci\u00f3n del memorial de Karla Pontigo, que fue develado en mayo de 2021, o nombrar Karla Pontigo a la calle donde est\u00e1 ubicado el inmueble donde fue asesinada. Estas medidas deben establecerse con la participaci\u00f3n directa de las v\u00edctimas para que se sientan reparadas en dignidad y derechos.<\/p>\n\n\n\n<p class=\"wp-block-paragraph\">Refiere que en el contexto de la sentencia de la CoIDH en el caso Gonz\u00e1lez y otros (\u201cCampo Algodonero\u201d) vs. M\u00e9xico, el amicus curiae precisa que \u201clas&nbsp;garant\u00edas de no repetici\u00f3n&nbsp;deben reflejar medidas estructurales que aborden la problem\u00e1tica que motiv\u00f3 las violaciones a derechos humanos, en este caso los feminicidios, desde diferentes niveles e instancias\u201d.<\/p>\n\n\n\n<p class=\"wp-block-paragraph\">Amnist\u00eda Internacional precisa que el documento de la CEAV reduce las garant\u00edas de no repetici\u00f3n a la capacitaci\u00f3n de los agentes del MP en materia de derechos humanos, pese a que las autoridades involucradas en el caso de Karla Pontigo son diversas, por lo que \u201cdesaprovecha la oportunidad de establecer otras medidas de no repetici\u00f3n integrales, amplias y con perspectiva de derechos humanos\u201d.<\/p>\n\n\n\n<p class=\"wp-block-paragraph\">La Fundaci\u00f3n para la Justicia y el Estado Democr\u00e1tico de Derecho (FJEDD), que litiga el caso de Karla, fue la encargada de interponer el amparo referido dadas las deficiencias que presenta el Plan de Reparaci\u00f3n del Da\u00f1o que emiti\u00f3 La Comisi\u00f3n Ejecutiva de Atenci\u00f3n a V\u00edctimas (CEAV). Amnist\u00eda Internacional M\u00e9xico acompa\u00f1a desde el 2016 a la se\u00f1ora Esperanza Luciotto L\u00f3pez y a los hermanos de Karla Pontigo en su b\u00fasqueda de verdad, justicia y reparaci\u00f3n del da\u00f1o.&nbsp;<\/p>\n\n\n\n<p class=\"wp-block-paragraph\"><strong>Enfoque del&nbsp;<\/strong><strong><em>amicus curiae<\/em><\/strong><\/p>\n\n\n\n<p class=\"wp-block-paragraph\">El documento est\u00e1 centrado en las medidas de reparaci\u00f3n del da\u00f1o para el caso del feminicidio de Karla Pontigo. Destaca que en casos como \u00e9ste el Estado mexicano tiene la obligaci\u00f3n de aplicar una perspectiva de g\u00e9nero al momento de reparar el da\u00f1o. Es decir, \u201cdebe tener en cuenta la discriminaci\u00f3n espec\u00edfica que sufren las mujeres por el hecho de ser mujeres y los efectos espec\u00edficos de la violencia en sus vidas\u201d.<\/p>\n\n\n\n<p class=\"wp-block-paragraph\">Cita instrumentos internacionales como \u201cLa Declaraci\u00f3n de Nairobi\u201d, que abogan por reparaciones sensibles al g\u00e9nero que tengan en cuenta las relaciones de g\u00e9nero preexistentes y los desequilibrios de poder para garantizar una evaluaci\u00f3n justa del da\u00f1o infligido a las mujeres. Otros instrumentos relacionados con este enfoque son las Recomendaciones Generales N\u00b0 2, 33 y 35 del Comit\u00e9 de la ONU para la Eliminaci\u00f3n de la Discriminaci\u00f3n contra la Mujer (CEDAW) y la Convenci\u00f3n de Bel\u00e9m do Par\u00e1.<\/p>\n\n\n\n<p class=\"wp-block-paragraph\">Como signatario de los referidos instrumentos internacionales el Estado mexicano est\u00e1 obligado a cumplir con los elementos b\u00e1sicos de un recurso efectivo, de tal forma que la reparaci\u00f3n del da\u00f1o sea plena y efectiva, integral e incluya m\u00faltiples y diversos elementos al momento de su dise\u00f1o e implementaci\u00f3n.<\/p>\n","protected":false},"excerpt":{"rendered":"<p>CEAV no considera sentencia de la SCJN y creaci\u00f3n de Fiscal\u00eda de Feminicidio por el activismo de la mam\u00e1 de Karla Elda Montiel&nbsp; SemM\u00e9xico,&nbsp; Ciudad de M\u00e9xico, 18 de julio,&nbsp; 2024.- Amnist\u00eda Internacional M\u00e9xico present\u00f3 un Amicus Curiae o informe t\u00e9cnico, al Juzgado Primero de Distrito de San Luis Potos\u00ed, que analiza, en un juicio [&hellip;]<\/p>\n","protected":false},"author":3,"featured_media":84433,"comment_status":"open","ping_status":"open","sticky":false,"template":"","format":"standard","meta":{"_monsterinsights_skip_tracking":false,"footnotes":""},"categories":[48],"tags":[],"class_list":["post-84432","post","type-post","status-publish","format-standard","has-post-thumbnail","category-no-mas-impunidad-no-mas-impunidad"],"_links":{"self":[{"href":"https:\/\/redsemlac.com\/semmexico\/wp-json\/wp\/v2\/posts\/84432","targetHints":{"allow":["GET"]}}],"collection":[{"href":"https:\/\/redsemlac.com\/semmexico\/wp-json\/wp\/v2\/posts"}],"about":[{"href":"https:\/\/redsemlac.com\/semmexico\/wp-json\/wp\/v2\/types\/post"}],"author":[{"embeddable":true,"href":"https:\/\/redsemlac.com\/semmexico\/wp-json\/wp\/v2\/users\/3"}],"replies":[{"embeddable":true,"href":"https:\/\/redsemlac.com\/semmexico\/wp-json\/wp\/v2\/comments?post=84432"}],"version-history":[{"count":0,"href":"https:\/\/redsemlac.com\/semmexico\/wp-json\/wp\/v2\/posts\/84432\/revisions"}],"wp:featuredmedia":[{"embeddable":true,"href":"https:\/\/redsemlac.com\/semmexico\/wp-json\/wp\/v2\/media\/84433"}],"wp:attachment":[{"href":"https:\/\/redsemlac.com\/semmexico\/wp-json\/wp\/v2\/media?parent=84432"}],"wp:term":[{"taxonomy":"category","embeddable":true,"href":"https:\/\/redsemlac.com\/semmexico\/wp-json\/wp\/v2\/categories?post=84432"},{"taxonomy":"post_tag","embeddable":true,"href":"https:\/\/redsemlac.com\/semmexico\/wp-json\/wp\/v2\/tags?post=84432"}],"curies":[{"name":"wp","href":"https:\/\/api.w.org\/{rel}","templated":true}]}}