{"id":84427,"date":"2024-07-18T15:44:19","date_gmt":"2024-07-18T21:44:19","guid":{"rendered":"https:\/\/redsemlac.com\/semmexico\/?p=84427"},"modified":"2024-07-18T15:44:34","modified_gmt":"2024-07-18T21:44:34","slug":"lamine-nico-y-bolivia","status":"publish","type":"post","link":"https:\/\/redsemlac.com\/semmexico\/lamine-nico-y-bolivia\/","title":{"rendered":"Opini\u00f3n | Lamine, Nico y Bolivia"},"content":{"rendered":"\n<p class=\"wp-block-paragraph\">&nbsp;Drina Ergueta<\/p>\n\n\n\n<p class=\"wp-block-paragraph\">SemM\u00e9xico, La Paz-Bolivia, 18 de julio,&nbsp; 2024.- Muchas portadas de medios de comunicaci\u00f3n f\u00edsicos y digitales, adem\u00e1s de las redes sociales, han destacado las im\u00e1genes de los futbolistas espa\u00f1oles Lamine Yamal y Nico Williams como protagonistas del campeonato europeo de f\u00fatbol y lo han hecho tanto por la calidad de su participaci\u00f3n deportiva como por su particularidad de ser negros en una selecci\u00f3n blanca. Esta inusual aparici\u00f3n puede extrapolarse a Bolivia.<\/p>\n\n\n\n<p class=\"wp-block-paragraph\">Una parte de esa repercusi\u00f3n medi\u00e1tica y de redes fue de rechazo por razones racistas, ya que \u201cese tipo\u201d de representaci\u00f3n nacional no pod\u00eda concebirse ni permitirse; la otra, era para destacar la diversidad de una selecci\u00f3n y de un Estado que, para algunos, tiene tambi\u00e9n diversidad de naciones, entre ellas les corresponder\u00eda por nacimiento la vasca a Williams y la catalana a Yamal.<\/p>\n\n\n\n<p class=\"wp-block-paragraph\">Ese rechazo ya lo pasaron las selecciones francesas, alemanas o inglesas (donde una buena parte de sus integrantes tiene ra\u00edces africanas, turcas o \u00e1rabes), con m\u00e1s a\u00f1os de migraci\u00f3n extranjera en sus territorios. En Espa\u00f1a es un hecho que podr\u00eda considerarse reciente, de este siglo, siendo Catalu\u00f1a una de las que m\u00e1s registra con un 24% de poblaci\u00f3n proveniente de otros pa\u00edses.<\/p>\n\n\n\n<p class=\"wp-block-paragraph\">En Bolivia la migraci\u00f3n es insignificante; al contrario, es un pa\u00eds de emigrantes, por lo que la comparaci\u00f3n con lo que ocurre en la selecci\u00f3n espa\u00f1ola y las reacciones racistas que produce s\u00f3lo puede hacerse no con la poblaci\u00f3n que llega sino con la originaria. Se podr\u00eda decir que la selecci\u00f3n de f\u00fatbol boliviana es el reflejo de la revoluci\u00f3n republicana criolla de hace 200 a\u00f1os, donde la indianidad no tiene cabida.&nbsp;<\/p>\n\n\n\n<p class=\"wp-block-paragraph\">No hay futbolistas que apelliden Mamani o Quispe o Choque en la selecci\u00f3n boliviana y eso no es un hecho casual, es la consecuencia de un marginamiento consuetudinario hist\u00f3rico. Ni la resistencia f\u00edsica ni las capacidades lo justifican, s\u00f3lo se trata de un resultado de discriminaci\u00f3n social.&nbsp;<\/p>\n\n\n\n<p class=\"wp-block-paragraph\">Por otra parte, ya se conoce la discriminaci\u00f3n que por raz\u00f3n de g\u00e9nero existe en el f\u00fatbol, ya que se trata de un deporte marcadamente masculino y masculinizado. Las conquistas de los equipos y selecciones de f\u00fatbol femeninas son recientes y muy importantes, especialmente en Espa\u00f1a donde han ganado un peso y presencia medi\u00e1tica y publicitaria relevantes. En este aspecto, en Bolivia no hay comparaci\u00f3n posible, el impacto de los equipos y selecci\u00f3n femeninos es m\u00ednimo y eso tambi\u00e9n es consecuencia de una discriminaci\u00f3n social, esta vez por raz\u00f3n de g\u00e9nero.<\/p>\n\n\n\n<p class=\"wp-block-paragraph\">A las mujeres no les corresponde las luces del \u00e9xito deportivo, de la competencia y representaci\u00f3n, mucho menos los premios y pagos econ\u00f3micos que generan. La poblaci\u00f3n LGTBI est\u00e1 excluida, no puede caber gente que no sea hombre en el f\u00fatbol masculino, por eso s\u00f3lo se hacen expl\u00edcitas otras opciones sexuales en las selecciones femeninas.<\/p>\n\n\n\n<p class=\"wp-block-paragraph\">El deporte tiene la facultad de otorgar a deportistas una representaci\u00f3n identitaria de un grupo, un gremio, un barrio, una ciudad, un pa\u00eds, seg\u00fan el nivel de la competici\u00f3n. Las personas que hacen f\u00fatbol, al recibir esa idolatr\u00eda por ser representantes sociales en una lucha contra otras representaciones, tienen (o tendr\u00edan) que ser ejemplares en su desempe\u00f1o deportivo y tambi\u00e9n en su comportamiento personal. Adem\u00e1s, el deporte no est\u00e1 al margen de un mundo de c\u00f3digos est\u00e9ticos corporales muy definidos por la moda y concepciones raciales, all\u00ed ciertos fenotipos tienen menos \u00e9xito que otros.<\/p>\n\n\n\n<p class=\"wp-block-paragraph\">Ser deportista, y en especial ser futbolista, otorga a \u00e9ste un \u00e1urea especial ante la sociedad unos brillos que seducen y por los que sue\u00f1an desde muy j\u00f3venes muchos chicos y chicas. Por ello, quien puede paga por un aprendizaje y entrenamiento y aqu\u00ed vuelven a salir las condiciones sociales discriminatorias que relegan a quien no tiene recursos.<\/p>\n\n\n\n<p class=\"wp-block-paragraph\">Durante el gobierno de Evo Morales se construyeron infinidad de canchas de f\u00fatbol en poblaciones urbanas y rurales, lo que fue muy criticado en su momento. En Bolivia hay gran afici\u00f3n por el f\u00fatbol, como deporte, por lo que tener cierta infraestructura es positivo. El problema est\u00e1 en que hace falta un sistema de escuela deportiva seria y estatal (ya hay privadas) que ofrezca oportunidades a toda la poblaci\u00f3n, en su diversidad social, racial y de g\u00e9nero, de lograr una profesionalizaci\u00f3n y una conformaci\u00f3n de equipos competitivos y con representatividad social real y no elitista de la poblaci\u00f3n.<\/p>\n","protected":false},"excerpt":{"rendered":"<p>&nbsp;Drina Ergueta SemM\u00e9xico, La Paz-Bolivia, 18 de julio,&nbsp; 2024.- Muchas portadas de medios de comunicaci\u00f3n f\u00edsicos y digitales, adem\u00e1s de las redes sociales, han destacado las im\u00e1genes de los futbolistas espa\u00f1oles Lamine Yamal y Nico Williams como protagonistas del campeonato europeo de f\u00fatbol y lo han hecho tanto por la calidad de su participaci\u00f3n deportiva [&hellip;]<\/p>\n","protected":false},"author":3,"featured_media":8467,"comment_status":"open","ping_status":"open","sticky":false,"template":"","format":"standard","meta":{"_monsterinsights_skip_tracking":false,"footnotes":""},"categories":[77,35],"tags":[],"class_list":["post-84427","post","type-post","status-publish","format-standard","has-post-thumbnail","category-drina-ergueta","category-opinion"],"_links":{"self":[{"href":"https:\/\/redsemlac.com\/semmexico\/wp-json\/wp\/v2\/posts\/84427","targetHints":{"allow":["GET"]}}],"collection":[{"href":"https:\/\/redsemlac.com\/semmexico\/wp-json\/wp\/v2\/posts"}],"about":[{"href":"https:\/\/redsemlac.com\/semmexico\/wp-json\/wp\/v2\/types\/post"}],"author":[{"embeddable":true,"href":"https:\/\/redsemlac.com\/semmexico\/wp-json\/wp\/v2\/users\/3"}],"replies":[{"embeddable":true,"href":"https:\/\/redsemlac.com\/semmexico\/wp-json\/wp\/v2\/comments?post=84427"}],"version-history":[{"count":0,"href":"https:\/\/redsemlac.com\/semmexico\/wp-json\/wp\/v2\/posts\/84427\/revisions"}],"wp:featuredmedia":[{"embeddable":true,"href":"https:\/\/redsemlac.com\/semmexico\/wp-json\/wp\/v2\/media\/8467"}],"wp:attachment":[{"href":"https:\/\/redsemlac.com\/semmexico\/wp-json\/wp\/v2\/media?parent=84427"}],"wp:term":[{"taxonomy":"category","embeddable":true,"href":"https:\/\/redsemlac.com\/semmexico\/wp-json\/wp\/v2\/categories?post=84427"},{"taxonomy":"post_tag","embeddable":true,"href":"https:\/\/redsemlac.com\/semmexico\/wp-json\/wp\/v2\/tags?post=84427"}],"curies":[{"name":"wp","href":"https:\/\/api.w.org\/{rel}","templated":true}]}}