{"id":84382,"date":"2024-07-18T09:23:20","date_gmt":"2024-07-18T15:23:20","guid":{"rendered":"https:\/\/redsemlac.com\/semmexico\/?p=84382"},"modified":"2024-07-18T09:23:21","modified_gmt":"2024-07-18T15:23:21","slug":"onu-dh-anima-a-las-proximas-autoridades-a-garantizar-condiciones-dignas-para-las-personas-privadas-de-la-libertad","status":"publish","type":"post","link":"https:\/\/redsemlac.com\/semmexico\/onu-dh-anima-a-las-proximas-autoridades-a-garantizar-condiciones-dignas-para-las-personas-privadas-de-la-libertad\/","title":{"rendered":"ONU-DH anima a las pr\u00f3ximas autoridades a garantizar condiciones dignas para las personas privadas de la libertad"},"content":{"rendered":"\n<p class=\"wp-block-paragraph\">Mensaje con Motivo del D\u00eda Internacional de Nelson Mandela, 18 de julio<\/p>\n\n\n\n<p class=\"wp-block-paragraph\">Redacci\u00f3n<\/p>\n\n\n\n<p class=\"wp-block-paragraph\">SemM\u00e9xico\/ONU Noticias, Ciudad de M\u00e9xico, 18 de julio,&nbsp; 2024.- En el marco del&nbsp;<a href=\"https:\/\/hchr.us14.list-manage.com\/track\/click?u=54ff874b5ab8ff86ab68f4f15&amp;id=43ffa83c30&amp;e=0820a58aca\">D\u00eda Internacional de Nelson<\/a>&nbsp;<a href=\"https:\/\/hchr.us14.list-manage.com\/track\/click?u=54ff874b5ab8ff86ab68f4f15&amp;id=583ff434e0&amp;e=0820a58aca\">Mandela<\/a>, que promueve los derechos de las personas privadas de la libertad, la Oficina en M\u00e9xico del Alto Comisionado de las Naciones Unidas para los Derechos Humanos (ONU-DH) hace un llamado respetuoso al Estado mexicano, especialmente a las autoridades electas, federales y estatales, a dise\u00f1ar una pol\u00edtica penitenciaria que garantice condiciones dignas de detenci\u00f3n. La adopci\u00f3n del \u201cPlan Integral para el Fortalecimiento del Sistema Penitenciario\u201d,(<a href=\"https:\/\/mail.google.com\/mail\/u\/0\/#m_-7927714355449326424__bookmark0\">1<\/a>)&nbsp;al que aludi\u00f3 en campa\u00f1a la Dra. Claudia Sheinbaum, pr\u00f3xima Presidenta de M\u00e9xico, podr\u00eda significar un parteaguas en favor de un sector de la poblaci\u00f3n hist\u00f3ricamente olvidado.<\/p>\n\n\n\n<p class=\"wp-block-paragraph\">\u00a0Las inadecuadas condiciones de detenci\u00f3n, el hacinamiento, los problemas de autogobierno y corrupci\u00f3n, los esquemas r\u00edgidos de aislamiento administrativo y las deficiencias en las pol\u00edticas de reinserci\u00f3n, son algunos de los retos que han sido se\u00f1alados por los organismos nacionales e internacionales de derechos humanos. El abuso de la prisi\u00f3n preventiva y la existencia misma de la prisi\u00f3n preventiva oficiosa han exacerbado estos desaf\u00edos.<\/p>\n\n\n\n<p class=\"wp-block-paragraph\">Particularmente preocupantes son las condiciones de las mujeres privadas de la libertad. Instancias como la Comisi\u00f3n Nacional de los Derechos Humanos y el Instituto Federal de Defensor\u00eda P\u00fablica han detectado, por ejemplo, la inobservancia de los derechos humanos en la prisi\u00f3n federal para mujeres en Morelos, lo que ha conducido a la muerte de 15 mujeres en los \u00faltimos tres a\u00f1os,(<a href=\"https:\/\/mail.google.com\/mail\/u\/0\/#m_-7927714355449326424__bookmark1\">2<\/a>)\u00a0algunas de ellas aparentemente por suicidio.<br>\u00a0<br>La ONU-DH recuerda que las prisiones en M\u00e9xico albergan principalmente a personas en situaci\u00f3n de pobreza y marginaci\u00f3n, quienes enfrentan una mayor vulnerabilidad debido a las dif\u00edciles condiciones de detenci\u00f3n en las prisiones. Esta realidad le otorga una mayor fuerza a nuestro llamado.<\/p>\n\n\n\n<p class=\"wp-block-paragraph\">La apertura del Estado mexicano al escrutinio y la cooperaci\u00f3n internacional ha sido fundamental para el avance de los derechos humanos de todas las personas, incluyendo los de aquellas que se encuentran privadas de la libertad. En este contexto, desde la ONU-DH reconocemos que el Estado mexicano haya aceptado en d\u00edas pasados las recomendaciones relativas a la situaci\u00f3n de las personas privadas de la libertad formuladas en el cuarto ciclo del\u00a0<a href=\"https:\/\/hchr.us14.list-manage.com\/track\/click?u=54ff874b5ab8ff86ab68f4f15&amp;id=e353e7a363&amp;e=0820a58aca\">Examen Peri\u00f3dico Universal<\/a>\u00a0ante el Consejo de Derechos Humanos de la ONU. En el mes de septiembre, el Grupo de Trabajo de la ONU sobre la Detenci\u00f3n Arbitraria presentar\u00e1 su informe de misi\u00f3n a M\u00e9xico, y el Subcomit\u00e9 para la Prevenci\u00f3n de la Tortura ya ha anunciado una visita al pa\u00eds en el primer semestre del 2025.<\/p>\n\n\n\n<p class=\"wp-block-paragraph\">\u00a0Por lo anterior, la ONU-DH anima a que el \u201cPlan Integral para el Fortalecimiento del Sistema Penitenciario\u201d, a ser adoptado por el pr\u00f3ximo gobierno, atienda lo dispuesto en las Reglas M\u00ednimas de las Naciones Unidas para el Tratamiento de los Reclusos, conocidas como\u00a0<a href=\"https:\/\/hchr.us14.list-manage.com\/track\/click?u=54ff874b5ab8ff86ab68f4f15&amp;id=28a4809c09&amp;e=0820a58aca\"><em>Reglas Nelson Mandela<\/em><\/a>; observe lo establecido en la Ley Nacional de Ejecuci\u00f3n Penal, y vele por la implementaci\u00f3n efectiva de las recomendaciones de los organismos nacionales e internacionales de derechos humanos.<br>\u00a0<br>Finalmente, reiteramos nuestra plena disposici\u00f3n para seguir brindado asistencia y cooperaci\u00f3n t\u00e9cnica al Estado mexicano, particularmente a las autoridades electas, con el objetivo de garantizar el cumplimiento de la normatividad nacional e internacional en materia de derechos humanos.<\/p>\n","protected":false},"excerpt":{"rendered":"<p>Mensaje con Motivo del D\u00eda Internacional de Nelson Mandela, 18 de julio Redacci\u00f3n SemM\u00e9xico\/ONU Noticias, Ciudad de M\u00e9xico, 18 de julio,&nbsp; 2024.- En el marco del&nbsp;D\u00eda Internacional de Nelson&nbsp;Mandela, que promueve los derechos de las personas privadas de la libertad, la Oficina en M\u00e9xico del Alto Comisionado de las Naciones Unidas para los Derechos Humanos [&hellip;]<\/p>\n","protected":false},"author":3,"featured_media":84383,"comment_status":"open","ping_status":"open","sticky":false,"template":"","format":"standard","meta":{"_monsterinsights_skip_tracking":false,"footnotes":""},"categories":[897],"tags":[],"class_list":["post-84382","post","type-post","status-publish","format-standard","has-post-thumbnail","category-especial"],"_links":{"self":[{"href":"https:\/\/redsemlac.com\/semmexico\/wp-json\/wp\/v2\/posts\/84382","targetHints":{"allow":["GET"]}}],"collection":[{"href":"https:\/\/redsemlac.com\/semmexico\/wp-json\/wp\/v2\/posts"}],"about":[{"href":"https:\/\/redsemlac.com\/semmexico\/wp-json\/wp\/v2\/types\/post"}],"author":[{"embeddable":true,"href":"https:\/\/redsemlac.com\/semmexico\/wp-json\/wp\/v2\/users\/3"}],"replies":[{"embeddable":true,"href":"https:\/\/redsemlac.com\/semmexico\/wp-json\/wp\/v2\/comments?post=84382"}],"version-history":[{"count":0,"href":"https:\/\/redsemlac.com\/semmexico\/wp-json\/wp\/v2\/posts\/84382\/revisions"}],"wp:featuredmedia":[{"embeddable":true,"href":"https:\/\/redsemlac.com\/semmexico\/wp-json\/wp\/v2\/media\/84383"}],"wp:attachment":[{"href":"https:\/\/redsemlac.com\/semmexico\/wp-json\/wp\/v2\/media?parent=84382"}],"wp:term":[{"taxonomy":"category","embeddable":true,"href":"https:\/\/redsemlac.com\/semmexico\/wp-json\/wp\/v2\/categories?post=84382"},{"taxonomy":"post_tag","embeddable":true,"href":"https:\/\/redsemlac.com\/semmexico\/wp-json\/wp\/v2\/tags?post=84382"}],"curies":[{"name":"wp","href":"https:\/\/api.w.org\/{rel}","templated":true}]}}