{"id":84339,"date":"2024-07-17T14:37:50","date_gmt":"2024-07-17T20:37:50","guid":{"rendered":"https:\/\/redsemlac.com\/semmexico\/?p=84339"},"modified":"2024-07-17T14:37:51","modified_gmt":"2024-07-17T20:37:51","slug":"con-amlo-aumentan-feminicidios-y-se-niega-la-justicia-a-las-victimas-prd","status":"publish","type":"post","link":"https:\/\/redsemlac.com\/semmexico\/con-amlo-aumentan-feminicidios-y-se-niega-la-justicia-a-las-victimas-prd\/","title":{"rendered":"Con AMLO aumentan feminicidios y se niega la justicia a las v\u00edctimas: PRD"},"content":{"rendered":"\n<ul class=\"wp-block-list\">\n<li>El gobierno federal \u201cno tiene -ni tendr\u00e1- perspectiva de g\u00e9nero ni de derechos humanos<\/li>\n<\/ul>\n\n\n\n<ul class=\"wp-block-list\">\n<li>Asegura diputada Elizabeth P\u00e9rez que hace falta presupuesto para acceder a la justicia<\/li>\n<\/ul>\n\n\n\n<p class=\"wp-block-paragraph\">Redacci\u00f3n<\/p>\n\n\n\n<p class=\"wp-block-paragraph\">SemM\u00e9xico, Ciudad de M\u00e9xico, 17 de julio, 2024.-Tras exhibir que diariamente asesinan a 11 mujeres en nuestro pa\u00eds, la vicecoordinadora del Grupo Parlamentario del Partido de la Revoluci\u00f3n Democr\u00e1tica (GPPRD), Elizabeth P\u00e9rez Valdez, advirti\u00f3 sobre el grave problema que enfrentan las familias de las v\u00edctimas, quienes a menudo deben convertirse en defensores de derechos humanos para buscar justicia.<\/p>\n\n\n\n<p class=\"wp-block-paragraph\">Adjudic\u00f3 la falta de presupuesto como uno de los grandes impedimentos para que se atiendan con prontitud y diligencia los cientos de casos de feminicidios en M\u00e9xico y en particular en la capital del pa\u00eds. \u201cNo hay recursos, los procesos son lentos\u201d, aclar\u00f3.<\/p>\n\n\n\n<p class=\"wp-block-paragraph\">La diputada federal se\u00f1al\u00f3 que la comisi\u00f3n de este delito aument\u00f3 durante el presente sexenio, porque no se atendi\u00f3 ni se dio apoyo a familiares de las v\u00edctimas, ya que solamente cuatro de cada 10 enjuiciados por el delito de feminicidio reciben una sentencia, seg\u00fan estad\u00edsticas de la propia fiscal\u00eda capitalina.&nbsp;<\/p>\n\n\n\n<p class=\"wp-block-paragraph\">En este contexto, la vicecoordinadora acus\u00f3 al Gobierno Federal, encabezado por Andr\u00e9s Manuel L\u00f3pez Obrador, de manipular las cifras de feminicidios y desapariciones para ocultar el verdadero sufrimiento de las familias afectadas.<\/p>\n\n\n\n<p class=\"wp-block-paragraph\">Tambi\u00e9n expres\u00f3 su condena hacia las autoridades federales y locales al se\u00f1alar que no est\u00e1n tomando medidas efectivas para prevenir y sancionar los feminicidios, que contin\u00faan en aumento en el pa\u00eds y en espec\u00edfico en la Ciudad de M\u00e9xico.<\/p>\n\n\n\n<p class=\"wp-block-paragraph\">Por ello, la integrante de la fracci\u00f3n del Sol Azteca reproch\u00f3 que a poco m\u00e1s de dos meses de que concluya el sexenio morenista de L\u00f3pez Obrador queda claro que \u201cno tiene -ni tendr\u00e1- perspectiva de g\u00e9nero ni de derechos humanos y le importa menos el acceso a la justicia\u201d.&nbsp;<\/p>\n\n\n\n<p class=\"wp-block-paragraph\">La tambi\u00e9n reconocida luchadora social por los derechos de las mexicanas afirm\u00f3 que, en el caso particular de la CDMX, ninguna alcald\u00eda es segura para las mujeres y denunci\u00f3 que en la administraci\u00f3n de Claudia Sheinbaum Pardo -virtual presidenta electa- se registr\u00f3 un aumento en los feminicidios.&nbsp;<\/p>\n\n\n\n<p class=\"wp-block-paragraph\">\u00abHoy, las mujeres no pueden caminar libremente por la capital del pa\u00eds. Por donde quiera que vayan no est\u00e1n seguras\u00bb, reprob\u00f3 la diputada, que durante la actual LXV Legislatura ha impulsado la equidad de g\u00e9nero, propuesto y respaldado leyes que atienden las problem\u00e1ticas de quienes integran m\u00e1s de la mitad de la poblaci\u00f3n y denunciado desde la tribuna la violencia contra las mujeres.<\/p>\n\n\n\n<p class=\"wp-block-paragraph\">Adem\u00e1s, la tambi\u00e9n feminista indic\u00f3 que las familias de las v\u00edctimas enfrentan un sistema de justicia lento y omiso, poniendo en riesgo sus vidas al exigir que se investigue y se castigue a los responsables de los feminicidios.<\/p>\n\n\n\n<p class=\"wp-block-paragraph\">En cuanto a las estad\u00edsticas, revel\u00f3 que entre 2020 y 2024 el Ministerio P\u00fablico solicit\u00f3 150 \u00f3rdenes de aprehensi\u00f3n por feminicidio; mientras, el Atlas de Feminicidios reporta 314 casos en el mismo periodo. Sin embargo, la Fiscal\u00eda General de Justicia de la CDMX s\u00f3lo dict\u00f3 170 \u00f3rdenes de captura.&nbsp;<\/p>\n\n\n\n<p class=\"wp-block-paragraph\">Finalmente, la legisladora por la Ciudad de M\u00e9xico record\u00f3 que, durante el primer debate presidencial, del 7 de abril pasado, Claudia Sheinbaum asegur\u00f3 que se hab\u00eda dado una reducci\u00f3n del 40 por ciento en los feminicidios y cero impunidad, datos que P\u00e9rez Valdez desminti\u00f3 ante el incremento en los casos y una falta de apoyo a las familias de las v\u00edctimas.<\/p>\n\n\n\n<p class=\"wp-block-paragraph\">SEM\/sj<\/p>\n","protected":false},"excerpt":{"rendered":"<p>Redacci\u00f3n SemM\u00e9xico, Ciudad de M\u00e9xico, 17 de julio, 2024.-Tras exhibir que diariamente asesinan a 11 mujeres en nuestro pa\u00eds, la vicecoordinadora del Grupo Parlamentario del Partido de la Revoluci\u00f3n Democr\u00e1tica (GPPRD), Elizabeth P\u00e9rez Valdez, advirti\u00f3 sobre el grave problema que enfrentan las familias de las v\u00edctimas, quienes a menudo deben convertirse en defensores de derechos [&hellip;]<\/p>\n","protected":false},"author":3,"featured_media":84340,"comment_status":"open","ping_status":"open","sticky":false,"template":"","format":"standard","meta":{"_monsterinsights_skip_tracking":false,"footnotes":""},"categories":[50],"tags":[],"class_list":["post-84339","post","type-post","status-publish","format-standard","has-post-thumbnail","category-congreso"],"_links":{"self":[{"href":"https:\/\/redsemlac.com\/semmexico\/wp-json\/wp\/v2\/posts\/84339","targetHints":{"allow":["GET"]}}],"collection":[{"href":"https:\/\/redsemlac.com\/semmexico\/wp-json\/wp\/v2\/posts"}],"about":[{"href":"https:\/\/redsemlac.com\/semmexico\/wp-json\/wp\/v2\/types\/post"}],"author":[{"embeddable":true,"href":"https:\/\/redsemlac.com\/semmexico\/wp-json\/wp\/v2\/users\/3"}],"replies":[{"embeddable":true,"href":"https:\/\/redsemlac.com\/semmexico\/wp-json\/wp\/v2\/comments?post=84339"}],"version-history":[{"count":0,"href":"https:\/\/redsemlac.com\/semmexico\/wp-json\/wp\/v2\/posts\/84339\/revisions"}],"wp:featuredmedia":[{"embeddable":true,"href":"https:\/\/redsemlac.com\/semmexico\/wp-json\/wp\/v2\/media\/84340"}],"wp:attachment":[{"href":"https:\/\/redsemlac.com\/semmexico\/wp-json\/wp\/v2\/media?parent=84339"}],"wp:term":[{"taxonomy":"category","embeddable":true,"href":"https:\/\/redsemlac.com\/semmexico\/wp-json\/wp\/v2\/categories?post=84339"},{"taxonomy":"post_tag","embeddable":true,"href":"https:\/\/redsemlac.com\/semmexico\/wp-json\/wp\/v2\/tags?post=84339"}],"curies":[{"name":"wp","href":"https:\/\/api.w.org\/{rel}","templated":true}]}}