{"id":84332,"date":"2024-07-17T14:34:36","date_gmt":"2024-07-17T20:34:36","guid":{"rendered":"https:\/\/redsemlac.com\/semmexico\/?p=84332"},"modified":"2024-07-17T14:34:36","modified_gmt":"2024-07-17T20:34:36","slug":"bellas-y-airosas-frida-en-julio","status":"publish","type":"post","link":"https:\/\/redsemlac.com\/semmexico\/bellas-y-airosas-frida-en-julio\/","title":{"rendered":"Bellas y Airosas | Frida en julio"},"content":{"rendered":"\n<ul class=\"wp-block-list\">\n<li>Elvira Hern\u00e1ndez Carballido\u00a0\u00a0<\/li>\n<\/ul>\n\n\n\n<p class=\"wp-block-paragraph\">SemM\u00e9xico, Pachuca, Hgo., 17 de julio, 2024.- Otro aniversario de tu nacimiento y muerte, naciste un 6 de julio de 1907 y moriste el 13 de julio de 1954, es inevitable evocarte en este mes.&nbsp;<\/p>\n\n\n\n<p class=\"wp-block-paragraph\">Otro aniversario y yo tolerando voces expertas que critican tu obra como copia masculina, como espacio de lamentos femeninos, como tragedia absurdamente eterna cuando fuiste de las primeras pintoras mexicanas que reconoci\u00f3 su dolor y lo volvi\u00f3 arte, que palp\u00f3 sus heridas y las cur\u00f3 a pincelazos, que am\u00f3 a su manera y lo jur\u00f3 con su frente marcada con el rostro del amor eterno.<\/p>\n\n\n\n<p class=\"wp-block-paragraph\">Otro aniversario y yo sigo llenado mis paredes con tus cejas inolvidables que trazaban tu destino tr\u00e1gicamente gozoso, y yo sigo arrim\u00e1ndote a mi o\u00eddo para que en forma de arete me des buenos consejos sobre el mal de amores, y yo imprimi\u00e9ndote en hojas y hojas de papel donde escribo mi diario muy parecido a tu columna rota, y yo sigo rez\u00e1ndote por las noches porque eres la chamana leal que bendice mis pecados.<\/p>\n\n\n\n<p class=\"wp-block-paragraph\">Otro aniversario y sigo esper\u00e1ndote en una esquina de Coyoac\u00e1n, amarrada al \u00e1rbol de la esperanza, sin pies para no dejarte huellas, aunque juraste jam\u00e1s regresar.<\/p>\n\n\n\n<p class=\"wp-block-paragraph\">Frida, esa pintora espejo donde las mujeres santificadas y con pasaporte seguro al cielo reniegan descubrirse.<\/p>\n\n\n\n<p class=\"wp-block-paragraph\">Frida, imagen que se venden en bolsas y ropa interior, en cafeteras lujosas y en cervezas artesanales sin que recibas hasta tus infiernos alguna regal\u00eda del uso y abuso que otros han hecho de tu obra.&nbsp;<\/p>\n\n\n\n<p class=\"wp-block-paragraph\">Frida, columna rota que reconstruye mi coraz\u00f3n roto con sus historias de perseverancia y necedad como amante de la vida.<\/p>\n\n\n\n<p class=\"wp-block-paragraph\">Frida, unos cuantos piquetitos pueden herir mi alma pero como venadita herida, tu imaginaci\u00f3n fortalece mis debilidades ante alma negras que me persiguen como sombras cuando yo coloreo paredes, vidas y sue\u00f1os.<\/p>\n\n\n\n<p class=\"wp-block-paragraph\">Kahlo, el apellido que trae consigo casas azules y alas para volar.<\/p>\n\n\n\n<p class=\"wp-block-paragraph\">Kahlo, la firma que garantiza autorretratos parecidos a mi vida.<\/p>\n\n\n\n<p class=\"wp-block-paragraph\">Kahlo, el complemento de un nombre que cuenta historias perversas, que hace visible amores clandestinos y dolores aut\u00e9nticos al centro del alma-.<\/p>\n\n\n\n<p class=\"wp-block-paragraph\">Kahlo, la herencia de im\u00e1genes que me descubren y me niegan, que me delatan y me emocionan, que me hacen brindar por la vida y maldecir los destinos marcados.&nbsp;<\/p>\n\n\n\n<p class=\"wp-block-paragraph\">Otro aniversario para evocar que naciste y que exististe, para repetir Frida Kahlo mirando de frente las reproducciones baratas de tu obra, para refugiarme en la casa azul y acariciar discretamente el borde de tu cama para sentir tus sue\u00f1os y tus pesadillas, para confirmar que eres mi pintora y mi chamana, mi espejo y mi sombra, pintora mexicana eternizada eterna por su obra ya eterna.&nbsp;<\/p>\n\n\n\n<p class=\"wp-block-paragraph\">Te descubr\u00ed cuando mi profesor de la materia de redacci\u00f3n nos oblig\u00f3 a visitar una exposici\u00f3n de Diego Rivera en el Palacio de Bellas Artes. Obligada entr\u00e9 a ese m\u00e1gico lugar que poco a poco me envolvi\u00f3 en cada cuadro y en cada mural que yo descubr\u00eda, fue entonces cuando te vi en un paseo por la Alameda. De inmediato le pregunt\u00e9 a mi maestro qui\u00e9n era esa mujer: Ah, la esposa de Diego, respondi\u00f3 indiferente y desinteresado.&nbsp; Sin nombre, sin m\u00e1s datos sobre ti que tus cejas gruesas, que tu vestido de tehuana, que tu rebozo envolvi\u00e9ndote, tu mirada delataba una mezcla de extra\u00f1os sentimientos que reconoc\u00ed en mi propia alma.&nbsp;<\/p>\n\n\n\n<p class=\"wp-block-paragraph\">Entonces te busqu\u00e9, pregunt\u00e9 por ti, supe tu nombre y hasta fui a tu casa. Y empezaste a delatarte cuando caminaba por las estancias que alguna vez recorriste, descubr\u00ed tu estudio con un cuadro a medio terminar, me conmovieron esos colores ya caducos por el tiempo, tu cama con el espejo de cielo donde te espiabas a ti misma y entr\u00e9 a tu cocina bordada de jarritos que ordenados se formaban para repetir tu nombre.&nbsp;<\/p>\n\n\n\n<p class=\"wp-block-paragraph\">Ah\u00ed estaban tus pinturas. Pinturas espejo porque delataban mucho m\u00e1s que un sufrimiento, delataban vida y dignidad, muerte y fuerza, deseo y pasi\u00f3n. Y en cada pintura encontr\u00e9 mucho de m\u00ed y comprend\u00ed mucho de ti. As\u00ed que me puse a inventar mi propia galer\u00eda:<\/p>\n\n\n\n<p class=\"wp-block-paragraph\"><strong>FRIDA ENAMORADA<\/strong>. Porque pint\u00f3 a Diego en el centro de su mente y lo am\u00f3 como un castigo y como un destino.&nbsp;<\/p>\n\n\n\n<p class=\"wp-block-paragraph\"><strong>FRIDA SEDIENTA. <\/strong>Que brindaba por la luna mientras tomaba para calmar sus alegr\u00edas y para revelar sus tristezas.&nbsp;<\/p>\n\n\n\n<p class=\"wp-block-paragraph\"><strong>FRIDA VESTIDA<\/strong>. Siempre tatuada de trajes t\u00edpicos que la inspiraba para inventar a nuestro M\u00e9xico lleno de colores y sonrisas, de l\u00e1grimas y dolor, de amor y desamor.<\/p>\n\n\n\n<p class=\"wp-block-paragraph\"><strong>FRIDA BIGOTONA<\/strong>. En ninguno de sus autorretratos escondi\u00f3 esos finos vellitos que delataban su belleza tal cual, su manera de romper con el g\u00e9nero, su certeza de que los besos de bigotito convert\u00edan a los hombres adictos a su sabor.&nbsp;<\/p>\n\n\n\n<p class=\"wp-block-paragraph\"><strong>FRIDA NO MADRE<\/strong>. Nunca dio asilo en su vientre durante nueve meses porque sus embarazos siempre terminaron en abortos, pero el aborto solamente es una tragedia cuando se sue\u00f1a con un hijo deseado que no pudo ser. Para Frida, un hijo deseado jam\u00e1s lleg\u00f3.<\/p>\n\n\n\n<p class=\"wp-block-paragraph\"><strong>FRIDA PINTORA<\/strong>. Cada trazo firme de su pincel se comprometi\u00f3 a resarcir a todas las mujeres heridas por el desamor. En cada autorretrato su mirada es una red que nos atrapa y permite palmar su rabia o su amor, su pasi\u00f3n y su dolor.<\/p>\n\n\n\n<p class=\"wp-block-paragraph\"><strong>FRIDA-YO-ELLA-NOSOTRAS<\/strong>, juntas y separadas, reconoci\u00e9ndonos diferentes, pero no ajenas, descubriendo en nuestro espejo lo que ella no es y hemos querido ser.<\/p>\n\n\n\n<p class=\"wp-block-paragraph\">Frida eres m\u00e1s que mi pintora favorita, m\u00e1s que el tequila donde brindo por el ingrato que todav\u00eda le hace rasgu\u00f1os a mi coraz\u00f3n, m\u00e1s que mis aretes desde done me susurras que conf\u00ede m\u00e1s en m\u00ed, m\u00e1s que mi vestido que cubre un vientre partido, pero tambi\u00e9n una luna fr\u00eda que me reconcilia con mi esencia de mujer.<\/p>\n\n\n\n<p class=\"wp-block-paragraph\">Frida eres m\u00e1s que ese \u00edcono convertido en culto feminista en este siglo XXI, ser\u00e1s siempre mi chamana que lanza polvos celestiales para que las sombras negras bautizadas con rosas no envenenen mi clima celestial. Mi bruja con la que paseo a los doce de la noche para beber estrellas y embriagarme de luceros. Mi hechicera que le da a mi vida un ritmo de blues popero con boleros inolvidables que el hombre que amo siempre cantar\u00e1 a mi o\u00eddo. Una maga que me obliga a aprender trucos para tolerar cada clavo que me crucifica por culpa de envidias y chismes absurdos.&nbsp;<\/p>\n\n\n\n<p class=\"wp-block-paragraph\">Frida, que este doble aniversario de vida y muerte nos sigas inspirando por siempre.&nbsp;<\/p>\n","protected":false},"excerpt":{"rendered":"<p>SemM\u00e9xico, Pachuca, Hgo., 17 de julio, 2024.- Otro aniversario de tu nacimiento y muerte, naciste un 6 de julio de 1907 y moriste el 13 de julio de 1954, es inevitable evocarte en este mes.&nbsp; Otro aniversario y yo tolerando voces expertas que critican tu obra como copia masculina, como espacio de lamentos femeninos, como [&hellip;]<\/p>\n","protected":false},"author":3,"featured_media":70197,"comment_status":"open","ping_status":"open","sticky":false,"template":"","format":"standard","meta":{"_monsterinsights_skip_tracking":false,"footnotes":""},"categories":[202,35],"tags":[],"class_list":["post-84332","post","type-post","status-publish","format-standard","has-post-thumbnail","category-elvira-hernandez-carballido","category-opinion"],"_links":{"self":[{"href":"https:\/\/redsemlac.com\/semmexico\/wp-json\/wp\/v2\/posts\/84332","targetHints":{"allow":["GET"]}}],"collection":[{"href":"https:\/\/redsemlac.com\/semmexico\/wp-json\/wp\/v2\/posts"}],"about":[{"href":"https:\/\/redsemlac.com\/semmexico\/wp-json\/wp\/v2\/types\/post"}],"author":[{"embeddable":true,"href":"https:\/\/redsemlac.com\/semmexico\/wp-json\/wp\/v2\/users\/3"}],"replies":[{"embeddable":true,"href":"https:\/\/redsemlac.com\/semmexico\/wp-json\/wp\/v2\/comments?post=84332"}],"version-history":[{"count":0,"href":"https:\/\/redsemlac.com\/semmexico\/wp-json\/wp\/v2\/posts\/84332\/revisions"}],"wp:featuredmedia":[{"embeddable":true,"href":"https:\/\/redsemlac.com\/semmexico\/wp-json\/wp\/v2\/media\/70197"}],"wp:attachment":[{"href":"https:\/\/redsemlac.com\/semmexico\/wp-json\/wp\/v2\/media?parent=84332"}],"wp:term":[{"taxonomy":"category","embeddable":true,"href":"https:\/\/redsemlac.com\/semmexico\/wp-json\/wp\/v2\/categories?post=84332"},{"taxonomy":"post_tag","embeddable":true,"href":"https:\/\/redsemlac.com\/semmexico\/wp-json\/wp\/v2\/tags?post=84332"}],"curies":[{"name":"wp","href":"https:\/\/api.w.org\/{rel}","templated":true}]}}