{"id":84328,"date":"2024-07-17T14:30:27","date_gmt":"2024-07-17T20:30:27","guid":{"rendered":"https:\/\/redsemlac.com\/semmexico\/?p=84328"},"modified":"2024-07-17T14:30:40","modified_gmt":"2024-07-17T20:30:40","slug":"los-capitales-indefiniciones-fiscales-del-proximo-gobierno-provoca-tension-entre-empresarios","status":"publish","type":"post","link":"https:\/\/redsemlac.com\/semmexico\/los-capitales-indefiniciones-fiscales-del-proximo-gobierno-provoca-tension-entre-empresarios\/","title":{"rendered":"Los Capitales | Indefiniciones fiscales del pr\u00f3ximo gobierno, provoca tensi\u00f3n entre empresarios."},"content":{"rendered":"\n<p class=\"wp-block-paragraph\">Edgar Gonz\u00e1lez Mart\u00ednez<\/p>\n\n\n\n<p class=\"wp-block-paragraph\">SemM\u00e9xico, Ciudad de M\u00e9xico, 17 de julio, 2024.- Se percibe en el ambiente financiero nacional cierta tendencia hacia episodios de volatilidad ante la incertidumbre por los riesgos idiosincr\u00e1ticos y las definiciones fiscales que deber\u00e1 hacer el pr\u00f3ximo gobierno. Como lo se\u00f1alan analistas de INVEX \u201cen las bolsas se percibe un comportamiento desfasado en la respuesta de baja en tasas de inter\u00e9s que cobra relevancia en d\u00edas recientes, y la respuesta no sorprende si consideramos que las expectativas (sobre un incremento del PIB) eran demasiado optimistas cuando los m\u00faltiplos comenzaron a revaluarse y, de alguna manera, descontaban ya la posibilidad de un FED acerc\u00e1ndose al ajuste en su pol\u00edtica monetaria.<\/p>\n\n\n\n<p class=\"wp-block-paragraph\">Mientras, la bolsa mexicana finalmente regres\u00f3 por momentos a los 55,000 puntos, aunque comenzamos la semana con menor entusiasmo que el registrado la semana previa. No hay necesariamente un factor especial ligado a este desempe\u00f1o, podr\u00eda deberse a la expectativa sobre la temporada de reportes corporativos, o la b\u00fasqueda del mercado por posiciones en valuaciones m\u00e1s atractivas, siguiendo la corriente en el exterior que privilegi\u00f3 el desempe\u00f1o de emisoras de baja capitalizaci\u00f3n.<\/p>\n\n\n\n<p class=\"wp-block-paragraph\">Por supuesto, nos parece favorable esta recuperaci\u00f3n, en momentos en donde las valuaciones luc\u00edan muy castigadas por factores pol\u00edticos, independientemente de la fuerza de sus fundamentales; sin embargo, reconocemos que la volatilidad podr\u00eda continuar. Esta semana conoceremos las cifras de AMX, KIMBER y AC, entre otras. A diferencia del 1T-24 donde el efecto de tipo de cambio tuvo mayor incidencia en los ingresos dolarizados (de forma negativa) en este trimestre el impacto adverso ser\u00eda mucho menor; mientras que la posici\u00f3n monetaria de<\/p>\n\n\n\n<p class=\"wp-block-paragraph\">empresas con d\u00f3lares podr\u00eda haber un efecto negativo en las utilidades. En t\u00e9rminos generales se espera un crecimiento poco relevante en t\u00e9rminos de ingresos y con una rentabilidad estable para el S&amp;amp;PBMV IPC.<\/p>\n\n\n\n<p class=\"wp-block-paragraph\">Y por \u00faltimo, aunque no menos importante, en el mercado cambiario, la semana inicia con cierto movimiento marginal a favor del d\u00f3lar despu\u00e9s de una baja sostenida a lo largo de la semana anterior. El tipo de cambio se ubica alrededor de los $17.8 pesos por d\u00f3lar. Los datos de inflaci\u00f3n en los EU, que empujaron las tasas en d\u00f3lares a la baja, supusieron una debilidad generalizada de la moneda norteamericana frente a sus principales pares.<\/p>\n\n\n\n<p class=\"wp-block-paragraph\"><strong>El peso se reval\u00faa por indefiniciones de EU en pol\u00edtica monetaria<\/strong><\/p>\n\n\n\n<p class=\"wp-block-paragraph\">El presidente de la FED lleva meses reiterando que la Reserva Federal necesita tener una mayor confianza en que los precios se dirigen de forma sostenible hacia el objetivo del 2 % antes de llevar a cabo el primer recorte de tasas. En su intervenci\u00f3n ante el congreso, Powell se atrevi\u00f3 a dar un peque\u00f1o paso m\u00e1s all\u00e1, un ligero matiz al reconocer que los datos de inflaciones m\u00e1s recientes han mostrado algunos avances modestos, y m\u00e1s datos positivos reforzar\u00edan su confianza en que la inflaci\u00f3n avanza de forma sostenida hacia el 2 %. Esta declaraci\u00f3n fue antes del reporte de inflaci\u00f3n de junio.<\/p>\n\n\n\n<p class=\"wp-block-paragraph\">Una de las dudas es si la Reserva Federal dar\u00e1 en la reuni\u00f3n de finales de este mes una se\u00f1al clara de un posible recorte en septiembre. Si no lo hace, el banco central a\u00fan tendr\u00eda la ocasi\u00f3n de colocar su mensaje en el seminario econ\u00f3mico de Jackson Hole, que se celebra del 22 al 24 de agosto. En el \u00ednter, el peso mexicano seguir\u00e1 benefici\u00e1ndose de esta especulaci\u00f3n sobre la pol\u00edtica monetaria relativa de M\u00e9xico y EU, lo ayudar\u00eda a transitar julio con cierta estabilidad, en rango acotado y en promedio mensual alrededor de $17.90 spot.<\/p>\n\n\n\n<p class=\"wp-block-paragraph\"><strong>Tulum ofrece gran variedad tur\u00edstica: Ortiz Mena<\/strong><\/p>\n\n\n\n<p class=\"wp-block-paragraph\">David Ortiz Mena, presidente de la Asociaci\u00f3n de Hoteles de Tulum destac\u00f3 que hoy el destino presenta una ocupaci\u00f3n promedio del 62% en ocupaci\u00f3n general y en el plan europeo del 27%.<\/p>\n\n\n\n<p class=\"wp-block-paragraph\">El Sargazo disminuy\u00f3 notablemente con relaci\u00f3n a a\u00f1os anteriores, lo que permite a los visitantes disfrutar de las actividades acu\u00e1ticas en las playas de Tulum. En coordinaci\u00f3n que los tres niveles de Gobierno, el sector privado fortalece las acciones de prevenci\u00f3n y protecci\u00f3n a los visitantes, lo que ha permitido tener la confianza de los turistas que visitan el destino.<\/p>\n\n\n\n<p class=\"wp-block-paragraph\">loscapitales@yahoo.com.mx<\/p>\n\n\n\n<p class=\"wp-block-paragraph\">www.agendadeinversiones.com.mx<\/p>\n\n\n\n<p class=\"wp-block-paragraph\">Twiter: @Edgar4712<\/p>\n","protected":false},"excerpt":{"rendered":"<p>Edgar Gonz\u00e1lez Mart\u00ednez SemM\u00e9xico, Ciudad de M\u00e9xico, 17 de julio, 2024.- Se percibe en el ambiente financiero nacional cierta tendencia hacia episodios de volatilidad ante la incertidumbre por los riesgos idiosincr\u00e1ticos y las definiciones fiscales que deber\u00e1 hacer el pr\u00f3ximo gobierno. Como lo se\u00f1alan analistas de INVEX \u201cen las bolsas se percibe un comportamiento desfasado [&hellip;]<\/p>\n","protected":false},"author":3,"featured_media":75979,"comment_status":"open","ping_status":"open","sticky":false,"template":"","format":"standard","meta":{"_monsterinsights_skip_tracking":false,"footnotes":""},"categories":[750,35],"tags":[],"class_list":["post-84328","post","type-post","status-publish","format-standard","has-post-thumbnail","category-edgar-gonzalez-martinez","category-opinion"],"_links":{"self":[{"href":"https:\/\/redsemlac.com\/semmexico\/wp-json\/wp\/v2\/posts\/84328","targetHints":{"allow":["GET"]}}],"collection":[{"href":"https:\/\/redsemlac.com\/semmexico\/wp-json\/wp\/v2\/posts"}],"about":[{"href":"https:\/\/redsemlac.com\/semmexico\/wp-json\/wp\/v2\/types\/post"}],"author":[{"embeddable":true,"href":"https:\/\/redsemlac.com\/semmexico\/wp-json\/wp\/v2\/users\/3"}],"replies":[{"embeddable":true,"href":"https:\/\/redsemlac.com\/semmexico\/wp-json\/wp\/v2\/comments?post=84328"}],"version-history":[{"count":0,"href":"https:\/\/redsemlac.com\/semmexico\/wp-json\/wp\/v2\/posts\/84328\/revisions"}],"wp:featuredmedia":[{"embeddable":true,"href":"https:\/\/redsemlac.com\/semmexico\/wp-json\/wp\/v2\/media\/75979"}],"wp:attachment":[{"href":"https:\/\/redsemlac.com\/semmexico\/wp-json\/wp\/v2\/media?parent=84328"}],"wp:term":[{"taxonomy":"category","embeddable":true,"href":"https:\/\/redsemlac.com\/semmexico\/wp-json\/wp\/v2\/categories?post=84328"},{"taxonomy":"post_tag","embeddable":true,"href":"https:\/\/redsemlac.com\/semmexico\/wp-json\/wp\/v2\/tags?post=84328"}],"curies":[{"name":"wp","href":"https:\/\/api.w.org\/{rel}","templated":true}]}}