{"id":84098,"date":"2024-07-11T08:37:58","date_gmt":"2024-07-11T14:37:58","guid":{"rendered":"https:\/\/redsemlac.com\/semmexico\/?p=84098"},"modified":"2024-07-11T08:37:59","modified_gmt":"2024-07-11T14:37:59","slug":"los-capitales-empresas-muy-endeudadas-por-los-altos-intereses-bancarios-henderson","status":"publish","type":"post","link":"https:\/\/redsemlac.com\/semmexico\/los-capitales-empresas-muy-endeudadas-por-los-altos-intereses-bancarios-henderson\/","title":{"rendered":"Los capitales | Empresas, muy endeudadas por los altos intereses bancarios: Henderson."},"content":{"rendered":"\n<p class=\"wp-block-paragraph\">Por EDGAR GONZALEZ MARTINEZ<\/p>\n\n\n\n<p class=\"wp-block-paragraph\"><\/p>\n\n\n\n<p class=\"wp-block-paragraph\">Edgar Gonz\u00e1lez Mart\u00ednez<\/p>\n\n\n\n<p class=\"wp-block-paragraph\">SemM\u00e9xico, Ciudad de M\u00e9xico, 11 de julio, 2024.-Janus Henderson, tal vez el conglomerado m\u00e1s fuerte del sector financiero en el mundo, prev\u00e9 que los niveles de endeudamiento empresarial sigan aumentando en 2024\/25, pero a un ritmo a\u00fan m\u00e1s lento, un 2,5% hasta alcanzar la cifra r\u00e9cord de 8,38 billones de d\u00f3lares.<\/p>\n\n\n\n<p class=\"wp-block-paragraph\">&nbsp;El costo del servicio de la deuda seguir\u00e1 creciendo, aunque los bancos centrales bajen los tipos de inter\u00e9s, ya que la deuda m\u00e1s barata y antigua se refinancia a nuevos tipos m\u00e1s altos. Cabe destacar que las empresas pagaron un r\u00e9cord de 458.000 millones de d\u00f3lares en intereses en 2023\/24, un 24,4% m\u00e1s interanual. Mientras, la deuda de los mercados emergentes disminuy\u00f3 muy ligeramente de un a\u00f1o a otro en moneda constante, ya que el aumento de los tipos de inter\u00e9s desalent\u00f3 el endeudamiento. Las empresas japonesas son las que m\u00e1s r\u00e1pido han aumentado su tasa de intereses; las estadounidenses est\u00e1n notando ahora los efectos.<\/p>\n\n\n\n<p class=\"wp-block-paragraph\">A su vez, Tim Winstone, Gestor de Cartera del Equipo de Cr\u00e9dito Corporativo de Janus Henderson, nos dijo: \u00abEl fuerte aumento del gasto de las empresas en intereses en el \u00faltimo a\u00f1o, marca un cambio radical en las finanzas corporativas. La tendencia es evidente en todas partes, pero es importante recordar que los costos del servicio de la deuda parten de una base hist\u00f3ricamente baja, por lo que se trata de un proceso de normalizaci\u00f3n. Y aunque los tipos de inter\u00e9s oficiales de los bancos centrales empiecen a bajar este a\u00f1o, prevemos que las tasas de inter\u00e9s sigan subiendo por el momento, ya que las deudas antiguas siguen venciendo y refinanci\u00e1ndose a tipos m\u00e1s altos. En general, las empresas est\u00e1n absorbiendo estos costos de inter\u00e9s m\u00e1s altos con poca dificultad, aunque el impacto es mayor para las empresas m\u00e1s peque\u00f1as que a menudo se enfrentan a un precipicio de refinanciaci\u00f3n, que para las m\u00e1s grandes que suelen tener una gama de vencimientos para sus deudas y por lo tanto ven un cambio m\u00e1s gradual a tasas de inter\u00e9s m\u00e1s altas.<\/p>\n\n\n\n<p class=\"wp-block-paragraph\">\u00abEn los mercados de renta fija, creemos que los m\u00e1rgenes se han estrechado demasiado para los prestatarios de mayor riesgo, para los vencimientos largos y para los bonos corporativos en USD en particular. Preferimos centrarnos en empresas con grado de inversi\u00f3n, especialmente en regiones como Europa, donde los diferenciales son m\u00e1s atractivos. Tambi\u00e9n preferimos actualmente los sectores no c\u00edclicos, porque las empresas de sectores muy c\u00edclicos, como la miner\u00eda, disfrutan de diferenciales injustificadamente estrechos, dado el mayor riesgo para sus beneficios. \u00abSomos optimistas de cara al a\u00f1o que viene. Las econom\u00edas han resistido bien la subida de tipos y parece que aterrizan con relativa suavidad. A medida que el ciclo de tipos gire finalmente a la baja, los bonos se comportar\u00e1n bien conforme bajen los rendimientos, impulsando la rentabilidad del capital para los inversores.\u00bb<\/p>\n\n\n\n<p class=\"wp-block-paragraph\"><strong>Mejorar servicio el\u00e9ctrico demanda presidente de la CMIC,&nbsp;<\/strong><strong>Luis M\u00e9ndez Jaled<\/strong><\/p>\n\n\n\n<p class=\"wp-block-paragraph\">El empresario nos dice que las afectaciones sufridas en la operaci\u00f3n de los parques industriales, corresponde a problemas relacionadas con la energ\u00eda el\u00e9ctrica, en primer lugar, seguido de afectaciones por tr\u00e1mites, agua y gas natural.<\/p>\n\n\n\n<p class=\"wp-block-paragraph\">En ese contexto, una infraestructura el\u00e9ctrica confiable, puede ser la pieza clave para aprovechar plenamente el nearshoring en favor de M\u00e9xico.<\/p>\n\n\n\n<p class=\"wp-block-paragraph\">Afortunadamente -nos dijo- no partimos de cero, pues est\u00e1n en marcha importantes proyectos, entre los que destacan:<\/p>\n\n\n\n<p class=\"wp-block-paragraph\">\u2022 Cinco centrales de ciclo combinado: M\u00e9rida, Valladolid, San Luis R\u00edo Colorado, Tuxpan y Gonz\u00e1lez Ortega, adem\u00e1s de una aeroderivada concluida en Baja California. Agregar\u00e1n en conjunto 4 mil megawatts de capacidad.<\/p>\n\n\n\n<p class=\"wp-block-paragraph\">\u2022 22 proyectos aportar\u00e1n mil 500 megawatts de fuentes renovables. Este rubro incluye la Central Fotovoltaica Puerto Pe\u00f1asco, en Sonora y el parque solar Nach\u00ed Cocom, en Yucat\u00e1n, as\u00ed como la renovaci\u00f3n y ampliaci\u00f3n de la vida \u00fatil del sistema de hidroel\u00e9ctricas.<\/p>\n\n\n\n<p class=\"wp-block-paragraph\">\u2022 Siete termoel\u00e9ctricas: Manzanillo III, Lerdo, San Luis Potos\u00ed, El Sauz, Salamanca, Mexicali Oriente y Altar, las dos \u00faltimas ya est\u00e1n terminadas.<\/p>\n\n\n\n<p class=\"wp-block-paragraph\">\u2022 Refuerzo de l\u00edneas de transmisi\u00f3n: De octubre de 2024 a diciembre de 2025 se concluir\u00e1n 44 proyectos de refuerzo de las l\u00edneas de Transmisi\u00f3n por 8,548 MVA.<\/p>\n\n\n\n<p class=\"wp-block-paragraph\">\u2022 Redes de distribuci\u00f3n: De octubre de 2024 a diciembre de 2025 se desarrollar\u00e1n 41 proyectos para las Redes Generales de distribuci\u00f3n.<\/p>\n\n\n\n<p class=\"wp-block-paragraph\"><strong>Granjas verticales para ahorrar agua, propone El Rinc\u00f3n Verde<\/strong><\/p>\n\n\n\n<p class=\"wp-block-paragraph\">Se trata de un proyecto que puede ser gran negocio en ciudades con concentraciones de hoteles y restaurantes cuyos chefs de cocina prefieren productos hort\u00edcolas frescos, pero que no tienen espacios para cultivar diversos productos y que requieren grandes extensiones de terreno. Al reducir el consumo de agua y eliminar la necesidad de pesticidas y herbicidas, las granjas verticales contribuyen a la protecci\u00f3n del medio ambiente y promueven pr\u00e1cticas agr\u00edcolas responsables.&nbsp;A nivel mundial se desperdician alrededor de 1,050 millones de toneladas de alimentos, del cual el 28% corresponde a los proveedores de servicios alimentarios, de acuerdo con datos de la&nbsp;<strong>Organizaci\u00f3n de las Naciones Unidas<\/strong>.<\/p>\n\n\n\n<p class=\"wp-block-paragraph\">Precisamente el&nbsp;<a href=\"https:\/\/elrincon-verde.com\/\"><strong>Rinc\u00f3n Verde<\/strong><\/a>&nbsp;en alianza con&nbsp;<strong>Origeen Greener Cities<\/strong>&nbsp;presentan&nbsp;<strong>VPots<\/strong>, un innovador sistema de granjas verticales hidrop\u00f3nicos dise\u00f1ado para transformar la forma en que hoteles y restaurantes acceden a productos frescos, de alta calidad y cultivados de manera responsable. Las granjas verticales utilizan tecnolog\u00edas avanzadas como la&nbsp;<strong>hidropon\u00eda,<\/strong>&nbsp;la&nbsp;<strong>aeropon\u00eda<\/strong>&nbsp;y la&nbsp;<strong>acuapon\u00eda<\/strong>&nbsp;(peces y hortalizas) para cultivar plantas sin tierra, utilizando soluciones de nutrientes disueltas en agua. Estas t\u00e9cnicas no solo reducen el uso de agua en comparaci\u00f3n con la agricultura convencional, sino que tambi\u00e9n permiten un control preciso sobre el entorno de crecimiento, lo que resulta en una mayor eficiencia y&nbsp;<strong>productividad.<\/strong>&nbsp;La vida \u00fatil extendida de los productos hidrop\u00f3nicos reduce el desperdicio y asegura la frescura de estos.<\/p>\n\n\n\n<p class=\"wp-block-paragraph\"><a href=\"mailto:loscapitales@yahoo.com.mx\">loscapitales@yahoo.com.mx<\/a><\/p>\n\n\n\n<p class=\"wp-block-paragraph\"><a href=\"http:\/\/www.agendadeinversiones.com.mx\/\">www.agendadeinversiones.com.mx<\/a><\/p>\n\n\n\n<p class=\"wp-block-paragraph\">Twiter: @Edgar4712<\/p>\n","protected":false},"excerpt":{"rendered":"<p>Por EDGAR GONZALEZ MARTINEZ Edgar Gonz\u00e1lez Mart\u00ednez SemM\u00e9xico, Ciudad de M\u00e9xico, 11 de julio, 2024.-Janus Henderson, tal vez el conglomerado m\u00e1s fuerte del sector financiero en el mundo, prev\u00e9 que los niveles de endeudamiento empresarial sigan aumentando en 2024\/25, pero a un ritmo a\u00fan m\u00e1s lento, un 2,5% hasta alcanzar la cifra r\u00e9cord de 8,38 [&hellip;]<\/p>\n","protected":false},"author":3,"featured_media":75979,"comment_status":"open","ping_status":"open","sticky":false,"template":"","format":"standard","meta":{"_monsterinsights_skip_tracking":false,"footnotes":""},"categories":[750,35],"tags":[],"class_list":["post-84098","post","type-post","status-publish","format-standard","has-post-thumbnail","category-edgar-gonzalez-martinez","category-opinion"],"_links":{"self":[{"href":"https:\/\/redsemlac.com\/semmexico\/wp-json\/wp\/v2\/posts\/84098","targetHints":{"allow":["GET"]}}],"collection":[{"href":"https:\/\/redsemlac.com\/semmexico\/wp-json\/wp\/v2\/posts"}],"about":[{"href":"https:\/\/redsemlac.com\/semmexico\/wp-json\/wp\/v2\/types\/post"}],"author":[{"embeddable":true,"href":"https:\/\/redsemlac.com\/semmexico\/wp-json\/wp\/v2\/users\/3"}],"replies":[{"embeddable":true,"href":"https:\/\/redsemlac.com\/semmexico\/wp-json\/wp\/v2\/comments?post=84098"}],"version-history":[{"count":0,"href":"https:\/\/redsemlac.com\/semmexico\/wp-json\/wp\/v2\/posts\/84098\/revisions"}],"wp:featuredmedia":[{"embeddable":true,"href":"https:\/\/redsemlac.com\/semmexico\/wp-json\/wp\/v2\/media\/75979"}],"wp:attachment":[{"href":"https:\/\/redsemlac.com\/semmexico\/wp-json\/wp\/v2\/media?parent=84098"}],"wp:term":[{"taxonomy":"category","embeddable":true,"href":"https:\/\/redsemlac.com\/semmexico\/wp-json\/wp\/v2\/categories?post=84098"},{"taxonomy":"post_tag","embeddable":true,"href":"https:\/\/redsemlac.com\/semmexico\/wp-json\/wp\/v2\/tags?post=84098"}],"curies":[{"name":"wp","href":"https:\/\/api.w.org\/{rel}","templated":true}]}}