{"id":84073,"date":"2024-07-10T07:40:33","date_gmt":"2024-07-10T13:40:33","guid":{"rendered":"https:\/\/redsemlac.com\/semmexico\/?p=84073"},"modified":"2024-07-10T07:40:34","modified_gmt":"2024-07-10T13:40:34","slug":"gaza-la-violencia-genocida-de-israel-provoca-la-hambruna-senalan-expertos-y-expertas-de-onu","status":"publish","type":"post","link":"https:\/\/redsemlac.com\/semmexico\/gaza-la-violencia-genocida-de-israel-provoca-la-hambruna-senalan-expertos-y-expertas-de-onu\/","title":{"rendered":"Gaza: La \u00abviolencia genocida\u00bb de Israel provoca la hambruna, se\u00f1alan expertos y expertas de ONU"},"content":{"rendered":"\n<p class=\"wp-block-paragraph\">\u00a9 UNRWA Una ni\u00f1a espera poder llenar con agua sus botellas vac\u00edas.<\/p>\n\n\n\n<p class=\"wp-block-paragraph\">Redacci\u00f3n<\/p>\n\n\n\n<p class=\"wp-block-paragraph\">SemM\u00e9xico\/ONU Noticias, Ciudad de M\u00e9xico, 10 de julio, 2024.- Las recientes muertes de ni\u00f1os palestinos por desnutrici\u00f3n \u201cno dejan dudas\u201d de que la hambruna afecta a toda la Franja. La Oficina de Derechos Humanos expresa consternaci\u00f3n tras nuevas \u00f3rdenes de evacuaci\u00f3n en la ciudad de Gaza que empujan a la poblaci\u00f3n a zonas en las que Israel realiza operaciones militares.<\/p>\n\n\n\n<p class=\"wp-block-paragraph\">\u00abLa reciente muerte de m\u00e1s ni\u00f1os palestinos a causa del hambre y la desnutrici\u00f3n no deja lugar a dudas de que la hambruna se ha extendido por toda la Franja de Gaza\u00bb, afirmaron este martes expertos* de la ONU en un comunicado. Los expertos** hicieron referencia a las muertes de un beb\u00e9 de seis meses, Fayez Ataya; de Abdul Qader Al-Sarhi, de 13 a\u00f1os; y de Ahmed Abu Rida, de 9 a\u00f1os, que fallecieron entre el 30 de mayo y el 3 de junio debido a la&nbsp;desnutrici\u00f3n y la falta de acceso a una atenci\u00f3n m\u00e9dica adecuada.<\/p>\n\n\n\n<p class=\"wp-block-paragraph\">Insistieron en que la muerte de un ni\u00f1o debido a la desnutrici\u00f3n y la deshidrataci\u00f3n indica que las estructuras sanitarias y sociales est\u00e1n siendo atacadas y gravemente debilitadas.<\/p>\n\n\n\n<figure class=\"wp-block-image\"><img decoding=\"async\" src=\"https:\/\/lh7-us.googleusercontent.com\/docsz\/AD_4nXc910QjM_qwXdFGONql2dlR5giBYA51HFN4LP2s4hbbjQj_RmcJJ-H-KqE6Mj3bcmm-dNptChL_glXHgmjmF9tdSsVenX3uj50VKhu4XOHn4RCUUbbEPUaFJy4CNhGRBB0z8Y4KgInCHPtBxVELEEq2obztijTU6NNmIffVj4n2gTqTcqjVRuA?key=cqmMBs5y2io5EFLsWRjFKQ\" alt=\"Edificio con letrero en frente\n\nDescripci\u00f3n generada autom\u00e1ticamente\"\/><\/figure>\n\n\n\n<p class=\"wp-block-paragraph\">Campa\u00f1a de hambruna deliberada<\/p>\n\n\n\n<p class=\"wp-block-paragraph\">\u00abDeclaramos que la campa\u00f1a de hambruna deliberada y selectiva de Israel contra el pueblo palestino es una forma de violencia genocida y ha provocado hambruna en toda Gaza. Hacemos un llamamiento a la comunidad internacional para que d\u00e9 prioridad a la entrega de ayuda humanitaria por carretera, y que por todos los medios necesarios ponga fin al asedio de Israel y establezca un alto el fuego\u00bb, subrayaron.<\/p>\n\n\n\n<p class=\"wp-block-paragraph\">Adem\u00e1s, se\u00f1alaron que la hambruna ha azotado el norte de Gaza desde que un beb\u00e9 de dos meses y un ni\u00f1o de diez a\u00f1os murieron de hambre el 24 de febrero y el 4 de marzo, respectivamente.<\/p>\n\n\n\n<p class=\"wp-block-paragraph\">Seg\u00fan los expertos, el mundo entero deber\u00eda haber intervenido entonces para detener&nbsp;la \u00abcampa\u00f1a genocida de hambre de Israel y evitar estas muertes\u00bb.&nbsp;Detallaron tambi\u00e9n que 34 palestinos han muerto de desnutrici\u00f3n desde el 7 de octubre, la mayor\u00eda de ellos ni\u00f1os.<\/p>\n\n\n\n<p class=\"wp-block-paragraph\">\u00abLa inacci\u00f3n es complicidad\u00bb, concluyeron.<\/p>\n\n\n\n<p class=\"wp-block-paragraph\">Los palestinos ya no tienen d\u00f3nde refugiarse<\/p>\n\n\n\n<p class=\"wp-block-paragraph\">Por otra parte, la Oficina de Derechos Humanos expres\u00f3 consternaci\u00f3n tras una nueva orden de las Fuerzas de Defensa de Israel (FDI) a los residentes de la ciudad de Gaza a&nbsp;que evac\u00faen a zonas en las que se est\u00e1n llevando a cabo sus operaciones militares, en las que siguen muriendo civiles y otros resultan heridos. La Oficina recalc\u00f3 que muchas de estas personas ya han sido desplazadas por la fuerza en m\u00faltiples ocasiones.<\/p>\n\n\n\n<p class=\"wp-block-paragraph\">Adem\u00e1s, la Oficina manifest\u00f3 profunda preocupaci\u00f3n por \u201cel r\u00e1pido deterioro\u201d del orden civil en toda la Franja, que estar\u00eda teniendo un impacto negativo significativo en la protecci\u00f3n de los palestinos y en el espacio humanitario.<\/p>\n\n\n\n<p class=\"wp-block-paragraph\">\u201cLos palestinos ya no tienen d\u00f3nde refugiarse\u201d, insisti\u00f3 la Oficina, reiterando su llamamiento a Israel para que \u201chaga todo lo posible\u201d por garantizar la seguridad de los civiles en Gaza.<\/p>\n\n\n\n<p class=\"wp-block-paragraph\">En esta misma l\u00ednea, la Agencia para los Refugiados Palestinos (<a href=\"https:\/\/www.un.org\/coronavirus\">UNRWA<\/a>)&nbsp;<a href=\"https:\/\/x.com\/UNRWA\/status\/1810601841043894461\">se\u00f1al\u00f3<\/a>&nbsp;este martes en un tuit que, en medio de nuevas \u00f3rdenes de evacuaci\u00f3n, las familias siguen vi\u00e9ndose obligadas a huir sin que haya un lugar seguro.<\/p>\n\n\n\n<p class=\"wp-block-paragraph\">\u201cLos bombardeos contin\u00faan en toda la Franja de Gaza, y la gente tiene que volver a las zonas destruidas a pesar de la amenaza de artefactos explosivos sin detonar\u201d.<\/p>\n\n\n\n<p class=\"wp-block-paragraph\">Por otra parte, los gazat\u00edes que consiguen llegar a otras zonas, \u201cviven hacinados en refugios y tiendas improvisadas en la playa o junto a edificios da\u00f1ados\u201d, seg\u00fan se\u00f1al\u00f3 la agencia en otra&nbsp;<a href=\"https:\/\/x.com\/UNRWA\/status\/1810633047186055198\">publicaci\u00f3n<\/a>.<\/p>\n\n\n\n<p class=\"wp-block-paragraph\">El organismo detall\u00f3 que&nbsp;la privacidad de los refugiados es inexistente y faltan servicios y suministros cr\u00edticos.<\/p>\n\n\n\n<p class=\"wp-block-paragraph\">La atenci\u00f3n sanitaria, amenazada<\/p>\n\n\n\n<p class=\"wp-block-paragraph\">Seg\u00fan el director de la&nbsp;<a href=\"http:\/\/www.who.int\/es\/\">Organizaci\u00f3n Mundial de la Salud<\/a>&nbsp;(<a href=\"http:\/\/www.who.int\/es\/\">OMS<\/a>), las \u00f3rdenes de evacuaci\u00f3n impedir\u00e1n \u201ca\u00fan m\u00e1s\u201d la prestaci\u00f3n de una atenci\u00f3n \u201cmuy limitada\u201d para salvar vidas y&nbsp;<a href=\"https:\/\/x.com\/DrTedros\/status\/1810409198900883474\">reiter\u00f3<\/a>&nbsp;su llamamiento a un alto el fuego.<\/p>\n\n\n\n<p class=\"wp-block-paragraph\">Tedros Adhanom Ghebreyesus indic\u00f3 que los hospitales Al-Ahli y Patient Friendly est\u00e1n fuera de servicio. \u201cLos pacientes se fueron, recibieron el alta anticipada o fueron derivados a los hospitales Kamal Adwan e Indonesio, que&nbsp;sufren escasez de combustible, camas y suministros m\u00e9dicos&nbsp;para traumatolog\u00eda. El hospital indonesio ha triplicado su capacidad\u201d, dijo hoy en un tuit.<\/p>\n\n\n\n<p class=\"wp-block-paragraph\">Otros hospitales de la zona contin\u00faan trabajando parcialmente, pero el doctor Tedros advirti\u00f3 que podr\u00edan dejar de funcionar muy pronto debido a las hostilidades en sus proximidades o a la obstrucci\u00f3n del acceso.<\/p>\n\n\n\n<p class=\"wp-block-paragraph\"><em>* Los expertos:<\/em>&nbsp;<em>Michael Fakhri,&nbsp;<\/em><a href=\"https:\/\/www.ohchr.org\/es\/special-procedures\/sr-food\"><em>relator especial sobre el derecho a la alimentaci\u00f3n<\/em><\/a><em>; Balakrishnan Rajagopal,&nbsp;<\/em><a href=\"https:\/\/www.ohchr.org\/es\/special-procedures\/sr-housing\"><em>relator especial sobre el derecho a una vivienda adecuada<\/em><\/a><em>&nbsp;; Tlaleng Mofokeng,&nbsp;<\/em><a href=\"https:\/\/www.ohchr.org\/es\/special-procedures\/sr-health\"><em>relatora especial sobre el derecho a la salud<\/em><\/a><em>; Francesca Albanese,&nbsp;<\/em><a href=\"https:\/\/www.ohchr.org\/es\/special-procedures\/sr-palestine\"><em>relatora especial sobre el Territorio Palestino Ocupado<\/em><\/a><em>&nbsp;Pedro Arrojo-Agudo,&nbsp;<\/em><a href=\"https:\/\/www.ohchr.org\/es\/special-procedures\/sr-water-and-sanitation\"><em>relator especial sobre el derecho al agua y al saneamiento<\/em><\/a><em>;&nbsp;Paula Gaviria Betancur,&nbsp;<\/em><a href=\"https:\/\/www.ohchr.org\/es\/special-procedures\/sr-internally-displaced-persons\"><em>relatora especial sobre los derechos humanos de los desplazados internos<\/em><\/a><em>;&nbsp;George Katrougalos,&nbsp;<\/em><a href=\"https:\/\/www.ohchr.org\/es\/special-procedures\/ie-international-order\"><em>experto independiente sobre el orden internacional<\/em><\/a><em>; Barbara G. Reynolds (presidenta), Bina D&#8217;Costa, Dominique Day y Catherine Namakula,&nbsp;<\/em><a href=\"https:\/\/www.ohchr.org\/es\/special-procedures\/wg-african-descent\"><em>Grupo de Trabajo de Expertos sobre los Afrodescendientes<\/em><\/a><em>.<\/em><\/p>\n","protected":false},"excerpt":{"rendered":"<p>\u00a9 UNRWA Una ni\u00f1a espera poder llenar con agua sus botellas vac\u00edas. Redacci\u00f3n SemM\u00e9xico\/ONU Noticias, Ciudad de M\u00e9xico, 10 de julio, 2024.- Las recientes muertes de ni\u00f1os palestinos por desnutrici\u00f3n \u201cno dejan dudas\u201d de que la hambruna afecta a toda la Franja. La Oficina de Derechos Humanos expresa consternaci\u00f3n tras nuevas \u00f3rdenes de evacuaci\u00f3n en [&hellip;]<\/p>\n","protected":false},"author":3,"featured_media":84074,"comment_status":"open","ping_status":"open","sticky":false,"template":"","format":"standard","meta":{"_monsterinsights_skip_tracking":false,"footnotes":""},"categories":[53],"tags":[],"class_list":["post-84073","post","type-post","status-publish","format-standard","has-post-thumbnail","category-internacional"],"_links":{"self":[{"href":"https:\/\/redsemlac.com\/semmexico\/wp-json\/wp\/v2\/posts\/84073","targetHints":{"allow":["GET"]}}],"collection":[{"href":"https:\/\/redsemlac.com\/semmexico\/wp-json\/wp\/v2\/posts"}],"about":[{"href":"https:\/\/redsemlac.com\/semmexico\/wp-json\/wp\/v2\/types\/post"}],"author":[{"embeddable":true,"href":"https:\/\/redsemlac.com\/semmexico\/wp-json\/wp\/v2\/users\/3"}],"replies":[{"embeddable":true,"href":"https:\/\/redsemlac.com\/semmexico\/wp-json\/wp\/v2\/comments?post=84073"}],"version-history":[{"count":0,"href":"https:\/\/redsemlac.com\/semmexico\/wp-json\/wp\/v2\/posts\/84073\/revisions"}],"wp:featuredmedia":[{"embeddable":true,"href":"https:\/\/redsemlac.com\/semmexico\/wp-json\/wp\/v2\/media\/84074"}],"wp:attachment":[{"href":"https:\/\/redsemlac.com\/semmexico\/wp-json\/wp\/v2\/media?parent=84073"}],"wp:term":[{"taxonomy":"category","embeddable":true,"href":"https:\/\/redsemlac.com\/semmexico\/wp-json\/wp\/v2\/categories?post=84073"},{"taxonomy":"post_tag","embeddable":true,"href":"https:\/\/redsemlac.com\/semmexico\/wp-json\/wp\/v2\/tags?post=84073"}],"curies":[{"name":"wp","href":"https:\/\/api.w.org\/{rel}","templated":true}]}}