{"id":8399,"date":"2019-06-15T01:40:56","date_gmt":"2019-06-15T01:40:56","guid":{"rendered":"https:\/\/redsemlac.com\/semmexico\/?p=8399"},"modified":"2023-07-21T14:49:15","modified_gmt":"2023-07-21T19:49:15","slug":"comunidad-lgbt-viste-a-la-blanca-merida-de-colores","status":"publish","type":"post","link":"https:\/\/redsemlac.com\/semmexico\/comunidad-lgbt-viste-a-la-blanca-merida-de-colores\/","title":{"rendered":"Comunidad LGBT viste a la \u201cBlanca\u201d M\u00e9rida de colores"},"content":{"rendered":"\n<p class=\"wp-block-paragraph\"> <strong><em>M\u00e1s de ocho mil personas asistieron a la marcha por la diversidad sexual <\/em><\/strong><\/p>\n\n\n\n<p class=\"wp-block-paragraph\"><strong>Lorena Castellanos Rinc\u00f3n<\/strong><\/p>\n\n\n\n<p class=\"wp-block-paragraph\">SemM\u00e9xico, M\u00e9rida,\nYuc., 10 junio 2019.- La ciudad blanca se pint\u00f3 de colores este fin de semana,\ndurante la celebraci\u00f3n de la XVII Marcha por la Diversidad Sexual, misma que\nrecorri\u00f3 las calles del Centro Hist\u00f3rico al ritmo de la batucada y con alegres\nporras. <\/p>\n\n\n\n<p class=\"wp-block-paragraph\">En esta ocasi\u00f3n, el\norgullo y la libertad no fueron los \u00fanicos protagonistas de la marcha, ya que,\na ra\u00edz de la respuesta negativa que dio el Congreso local hace unos meses para\naprobar la iniciativa del matrimonio igualitario, durante la convocatoria y el\nevento, solicitaron a los asistentes llevar copia de su credencial de elector\nvigente, con direcci\u00f3n del Estado de Yucat\u00e1n para presentar una nueva y\nreforzada iniciativa.<\/p>\n\n\n\n<p class=\"wp-block-paragraph\">El evento, que se\nllev\u00f3 a cabo este s\u00e1bado, fue planeado con meses de anticipaci\u00f3n y anunciado a\ntrav\u00e9s de redes sociales. D\u00edas antes de la celebraci\u00f3n, los organizadores\nrealizaron diversas actividades para la recaudaci\u00f3n de fondos, entre ellas, la\nventa de banderas multicolor en varios puntos de la capital yucateca.<\/p>\n\n\n\n<p class=\"wp-block-paragraph\">Adem\u00e1s, la\nprimicia, que tambi\u00e9n fue anunciada durante los d\u00edas anteriores, y uno de los\nactos m\u00e1s conmovedores que se pudieron apreciar, fue un grupo de padres y\nmadres de familia, ofreciendo \u201cabrazos de pap\u00e1 y mam\u00e1\u201d para aquellos miembros\nde la comunidad que han sido rechazados por sus familias por vivir libremente\nsu vida y atreverse a amar a pesar de los prejuicios y estereotipos.<\/p>\n\n\n\n<p class=\"wp-block-paragraph\">El contingente\ncomenz\u00f3 a congregarse a las 4:00 de la tarde en el Parque de La Mejorada,\nubicado entre las calles 57 y 59 con 50 y 50-A del centro, para partir en punto\nde las 5:00 de la tarde hacia la Plaza Grande, coraz\u00f3n de M\u00e9rida. <\/p>\n\n\n\n<p class=\"wp-block-paragraph\">Las expectativas\nfueron altamente superadas, pues en tan solo una hora, ya se hab\u00edan reunido en\nel parque m\u00e1s de seis mil personas, n\u00famero que fue creciendo conforme avanzaba\nla manifestaci\u00f3n y que alcanz\u00f3 un aproximado de ocho mil personas una vez\nllegados a la Plaza Grande. <\/p>\n\n\n\n<p class=\"wp-block-paragraph\">Mientras esperaban\nla salida del diverso contingente, por un lado, a la sombra de los \u00e1rboles los\nasistentes se tomaban fotos con Drag Queens, otros se pintaban los rostros con\nlos colores de la bandera LGBT+, y algunos m\u00e1s vend\u00edan, entre otros productos,\nlos estandartes multicolor para desfilar orgullosamente con ellos.<\/p>\n\n\n\n<p class=\"wp-block-paragraph\">Una vez dado el\nbanderazo de salida, carros y calesas adornados partieron encabezando el contingente,\njunto con la batucada y banderas gigantes de la comunidad LGBT+ y la comunidad\nTrans. <\/p>\n\n\n\n<p class=\"wp-block-paragraph\">Sombrillas de\ncolores, carteles en contra de la homofobia, hombres portando vestidos de\nnovia, parejas tomadas de la mano y d\u00e1ndose besos, as\u00ed como gente de todas las\nedades bailando y aplaudiendo conformaban el contingente, mismo que a pesar de\nlos fuertes rayos del sol y los 56 grados de sensaci\u00f3n t\u00e9rmica, no perdi\u00f3 el\n\u00e1nimo de marchar y luchar por sus derechos. <\/p>\n\n\n\n<p class=\"wp-block-paragraph\">Entre las consignas\nque cantaron, una de las que m\u00e1s destac\u00f3 fue \u201c\u00bfY d\u00f3nde est\u00e1n, y d\u00f3nde est\u00e1n las rezadoras que nos iban a\nparar?\u201d, haciendo alusi\u00f3n a los hechos sucedidos en el Congreso del Estado el\npasado mes de abril, donde grupos de derecha rezaron a las afueras del Sal\u00f3n\ndel Pleno durante la discusi\u00f3n de la iniciativa del matrimonio igualitario,\npidi\u00e9ndole a Dios el rechazo de su aprobaci\u00f3n. <\/p>\n\n\n\n<p class=\"wp-block-paragraph\">Al llegar al coraz\u00f3n de M\u00e9rida, justo enfrente de la Catedral y del\nPalacio de Gobierno, hab\u00eda gente esperando a la manifestaci\u00f3n, con una banda\nque portaba los colores LGBT+ rodeando las calles de estos dos edificios.<\/p>\n\n\n\n<p class=\"wp-block-paragraph\">Luego de rodear la Plaza Grande, justo en el cruce de la calle 60 con\n63, la tarima que dar\u00eda lugar a la coronaci\u00f3n de Mr. Gay 2019 y al concierto\ndel orgullo, ya estaba llena de personas que no solo portaban la bandera de la\ncomunidad, sino tambi\u00e9n globos gigantes de colores y algunos con forma de\nunicornio.<\/p>\n\n\n\n<p class=\"wp-block-paragraph\">Antes del concierto, Alfredo\nMorales Candiani, principal organizador y portavoz del evento, record\u00f3 a los\nasistentes la importancia de entregar la copia de la credencial para presentar\nla nueva iniciativa al Congreso, misma que busca modificar el art\u00edculo 94 del\nC\u00f3digo Civil del Estado, donde actualmente se establece que el matrimonio solo\nest\u00e1 conformado entre un hombre y una mujer, adem\u00e1s de modificar la Ley de la\nFamilia, para establecer la creaci\u00f3n de la figura homomarital. <\/p>\n\n\n\n<p class=\"wp-block-paragraph\">Indic\u00f3 que, para\nlograrlo, se necesitan cinco mil 500 firmas de todo el estado, por lo que\npr\u00f3ximamente estar\u00e1n realizando actividades en otros municipios como Progreso,\nValladolid y Tizim\u00edn.<\/p>\n\n\n\n<p class=\"wp-block-paragraph\">Otro de\nlos actos m\u00e1s representativos de la celebraci\u00f3n, fue el grito al un\u00edsono de los\nasistentes \u201cNo somos cuatro\u201d, hashtag que tambi\u00e9n se ha vuelto viral en las\nredes yucatecas, en respuesta a las declaraciones del presidente de la Junta de\nGobierno y Coordinaci\u00f3n Pol\u00edtica del Congreso y l\u00edder de la bancada priista,\nFelipe Cervera Hern\u00e1ndez, quien d\u00edas despu\u00e9s del rechazo al matrimonio\nigualitario, asever\u00f3 que la iniciativa no es prioridad para la ciudadan\u00eda y tan\nsolo un grupo de cuatro personas \u201cbien organizadas\u201d son quienes la consideran\nimportante. <\/p>\n\n\n\n<p class=\"wp-block-paragraph\">SEM\/lc\/sj<\/p>\n","protected":false},"excerpt":{"rendered":"<p>M\u00e1s de ocho mil personas asistieron a la marcha por la diversidad sexual Lorena Castellanos Rinc\u00f3n SemM\u00e9xico, M\u00e9rida, Yuc., 10 junio 2019.- La ciudad blanca se pint\u00f3 de colores este fin de semana, durante la celebraci\u00f3n de la XVII Marcha por la Diversidad Sexual, misma que recorri\u00f3 las calles del Centro Hist\u00f3rico al ritmo de [&hellip;]<\/p>\n","protected":false},"author":3,"featured_media":8400,"comment_status":"open","ping_status":"open","sticky":false,"template":"","format":"standard","meta":{"_monsterinsights_skip_tracking":false,"footnotes":""},"categories":[690,52],"tags":[],"class_list":["post-8399","post","type-post","status-publish","format-standard","has-post-thumbnail","category-690","category-hombres"],"_links":{"self":[{"href":"https:\/\/redsemlac.com\/semmexico\/wp-json\/wp\/v2\/posts\/8399","targetHints":{"allow":["GET"]}}],"collection":[{"href":"https:\/\/redsemlac.com\/semmexico\/wp-json\/wp\/v2\/posts"}],"about":[{"href":"https:\/\/redsemlac.com\/semmexico\/wp-json\/wp\/v2\/types\/post"}],"author":[{"embeddable":true,"href":"https:\/\/redsemlac.com\/semmexico\/wp-json\/wp\/v2\/users\/3"}],"replies":[{"embeddable":true,"href":"https:\/\/redsemlac.com\/semmexico\/wp-json\/wp\/v2\/comments?post=8399"}],"version-history":[{"count":0,"href":"https:\/\/redsemlac.com\/semmexico\/wp-json\/wp\/v2\/posts\/8399\/revisions"}],"wp:featuredmedia":[{"embeddable":true,"href":"https:\/\/redsemlac.com\/semmexico\/wp-json\/wp\/v2\/media\/8400"}],"wp:attachment":[{"href":"https:\/\/redsemlac.com\/semmexico\/wp-json\/wp\/v2\/media?parent=8399"}],"wp:term":[{"taxonomy":"category","embeddable":true,"href":"https:\/\/redsemlac.com\/semmexico\/wp-json\/wp\/v2\/categories?post=8399"},{"taxonomy":"post_tag","embeddable":true,"href":"https:\/\/redsemlac.com\/semmexico\/wp-json\/wp\/v2\/tags?post=8399"}],"curies":[{"name":"wp","href":"https:\/\/api.w.org\/{rel}","templated":true}]}}