{"id":83979,"date":"2024-07-08T12:04:51","date_gmt":"2024-07-08T18:04:51","guid":{"rendered":"https:\/\/redsemlac.com\/semmexico\/?p=83979"},"modified":"2024-07-08T12:05:02","modified_gmt":"2024-07-08T18:05:02","slug":"pri-aprueba-reeleccion-de-alejandro-moreno-hasta-por-tres-periodos","status":"publish","type":"post","link":"https:\/\/redsemlac.com\/semmexico\/pri-aprueba-reeleccion-de-alejandro-moreno-hasta-por-tres-periodos\/","title":{"rendered":"PRI aprueba reelecci\u00f3n de Alejandro Moreno hasta por tres periodos"},"content":{"rendered":"\n<p class=\"wp-block-paragraph\">Alejandro Moreno en la Asamblea Nacional del PRI. | Foto: X @alitomorenoc<\/p>\n\n\n\n<p class=\"wp-block-paragraph\">Durante la 24 Asamblea Nacional del PRI, los priistas respaldaron los cambios a los estatutos y se congratularon por la modificaci\u00f3n al art\u00edculo 178 en su primer p\u00e1rrafo<\/p>\n\n\n\n<p class=\"wp-block-paragraph\">Javier Divany<\/p>\n\n\n\n<p class=\"wp-block-paragraph\">SemM\u00e9xico\/ El Sol de M\u00e9xico,\u00a0Ciudad de M\u00e9xico8 de julio, 2024.- Delegados del\u00a0Partido Revolucionario Institucional (PRI)\u00a0aprobaron\u00a0cambios\u00a0a sus\u00a0estatutos\u00a0para que la\u00a0dirigencia\u00a0nacional\u00a0pueda ser\u00a0reelecta\u00a0hasta por tres periodos, lo que le da la oportunidad a Alejandro Moreno C\u00e1rdenas\u00a0estar otros dos periodos (8 a\u00f1os) al\u00a0frente del PRI.<\/p>\n\n\n\n<p class=\"wp-block-paragraph\">Durante la&nbsp;24 Asamblea Nacional del PRI que se lleva a cabo en el Pepsi Center, los priistas respaldaron los cambios a los estatutos y con gritos de \u201cAlito, Alito, Alito\u201d, se congratularon por la&nbsp;modificaci\u00f3n al art\u00edculo 178 en su primer p\u00e1rrafo.<\/p>\n\n\n\n<p class=\"wp-block-paragraph\">Tras aprobarse los cambios a los estatutos,&nbsp;Alejandro Moreno&nbsp;escribi\u00f3 en su cuenta X \u201cnuestra 24 Asamblea Nacional es muestra de que el PRI avanza de la mano de la militancia. Entendemos que M\u00e9xico cambi\u00f3 y nosotros tenemos que evolucionar para seguir siendo el partido que define el<\/p>\n\n\n\n<p class=\"wp-block-paragraph\">Los priistas&nbsp;en contra de las modificaciones&nbsp;a los estatutos como&nbsp;Dulce Mar\u00eda Sauri,&nbsp;<a href=\"https:\/\/www.elsoldemexico.com.mx\/mexico\/sociedad\/estoy-totalmente-en-contra-de-la-reeleccion-manolo-fabio-beltrones-12202743.html\" target=\"_blank\" rel=\"noreferrer noopener\">Manlio Fabio Beltrones<\/a>,&nbsp;Arturo&nbsp;Montiel, entre muchos otros priistas, no acudieron a la asamblea del PRI ante el rechazo a las modificaciones estatutarias que consideraron como un hecho arbitrario de Alejandro Moreno.<\/p>\n\n\n\n<p class=\"wp-block-paragraph\">Con la&nbsp;participaci\u00f3n de cerca de 3 mil 200 delegados del PRI&nbsp;de todo el pa\u00eds,&nbsp;Alejandro Moreno C\u00e1rdenas&nbsp;tom\u00f3 la palabra para dirigirse a toda la militancia y se\u00f1alar que \u201ccon decisi\u00f3n de todos ustedes, hoy emerge una&nbsp;nueva etapa en la vida pol\u00edtica de la organizaci\u00f3n, e inicia un nuevo camino para&nbsp;reconstruir&nbsp;como fuerza pol\u00edtica&nbsp;que sigue definiendo el destino del M\u00e9xico, democr\u00e1tico, republicano de libertades y&nbsp;comprometido con la justicia social\u201d.<\/p>\n\n\n\n<p class=\"wp-block-paragraph\">En su discurso de 39 minutos, \u00abAlito\u00bb quien fuera ovacionado en varias ocasiones se\u00f1al\u00f3 que el&nbsp;PRI&nbsp;definido ideol\u00f3gicamente como la&nbsp;social democracia popular y progresista&nbsp;en consonancia con los retos del nuevo siglo, \u201cnos redefinimos en el presente y con prospectiva como un partido moderno, vanguardista, paritario digital e incluyente\u201d.<\/p>\n\n\n\n<p class=\"wp-block-paragraph\">El l\u00edder del PRI quien&nbsp;buscar\u00e1 la reelecci\u00f3n&nbsp;asegur\u00f3 que nunca un modelo de organizaci\u00f3n pol\u00edtica le dio a una naci\u00f3n los niveles de paz de institucionalidad de gobernabilidad que el PRI le dio a M\u00e9xico por largas y pr\u00f3speras d\u00e9cadas en el pa\u00eds, \u201cfueron a\u00f1os de levantar las instituciones de los mexicanos, cuyo beneficio tangible hoy est\u00e1 hasta nuestros d\u00edas\u201d.<\/p>\n\n\n\n<p class=\"wp-block-paragraph\">Alito dej\u00f3 en claro al nuevo gobierno que siempre alzar\u00e1n la voz, que trabajar\u00e1n como una oposici\u00f3n firme y clara.<\/p>\n\n\n\n<p class=\"wp-block-paragraph\">\u201cJam\u00e1s nos vamos a hincar ante el poder, que en el pie del nuevo milenio seremos revolucionarios, somos el pueblo hecho partido por eso hoy y por ello el PRI jam\u00e1s apoyar\u00e1 ningunareforma al poder judicial&nbsp;que pretenda menoscabar su independencia y debilitarlo frente a los poderes constituidos\u201d.<\/p>\n\n\n\n<p class=\"wp-block-paragraph\">Estuvimos en la campa\u00f1a trabajamos el territorio, caminamos bajo el sol y bajo la lluvia. Este es el \u00e1nimo del PRI y yo les digo a todas&nbsp;se acabaron las vacas sagradas los saltones en<strong> el PRI<\/strong>&nbsp;vamos a exhibir lo que han hecho porque saben que no han hecho nada jam\u00e1s por nuestro partido\u201d.<\/p>\n\n\n\n<p class=\"wp-block-paragraph\">Adem\u00e1s manifest\u00f3 que no mas traiciones y no m\u00e1s deslealtades, los mentirosos y los sinverg\u00fcenzas, \u201cjam\u00e1s vamos a permitir que vuelvan a da\u00f1ar al PRI, firmeza y contundencia expresamos que por ning\u00fan motivo bajo ninguna circunstancia permitiremos que las decisiones que ata\u00f1en al PRI se dicten desde fuera del partido. Ning\u00fan presidente de la Rep\u00fablica, ni antes, ni ahora va a decidir en nuestro partido. Aqu\u00ed decidimos los pri\u00edstas\u201d.<\/p>\n","protected":false},"excerpt":{"rendered":"<p>Delegados del\u00a0Partido Revolucionario Institucional (PRI)\u00a0aprobaron\u00a0cambios\u00a0a sus\u00a0estatutos\u00a0para que la\u00a0dirigencia\u00a0nacional\u00a0pueda ser\u00a0reelecta\u00a0hasta por tres periodos, lo que le da la oportunidad a Alejandro Moreno C\u00e1rdenas\u00a0estar otros dos periodos (8 a\u00f1os) al\u00a0frente del PRI.<\/p>\n","protected":false},"author":3,"featured_media":83980,"comment_status":"open","ping_status":"open","sticky":false,"template":"","format":"standard","meta":{"_monsterinsights_skip_tracking":false,"footnotes":""},"categories":[682],"tags":[],"class_list":["post-83979","post","type-post","status-publish","format-standard","has-post-thumbnail","category-noticias"],"_links":{"self":[{"href":"https:\/\/redsemlac.com\/semmexico\/wp-json\/wp\/v2\/posts\/83979","targetHints":{"allow":["GET"]}}],"collection":[{"href":"https:\/\/redsemlac.com\/semmexico\/wp-json\/wp\/v2\/posts"}],"about":[{"href":"https:\/\/redsemlac.com\/semmexico\/wp-json\/wp\/v2\/types\/post"}],"author":[{"embeddable":true,"href":"https:\/\/redsemlac.com\/semmexico\/wp-json\/wp\/v2\/users\/3"}],"replies":[{"embeddable":true,"href":"https:\/\/redsemlac.com\/semmexico\/wp-json\/wp\/v2\/comments?post=83979"}],"version-history":[{"count":0,"href":"https:\/\/redsemlac.com\/semmexico\/wp-json\/wp\/v2\/posts\/83979\/revisions"}],"wp:featuredmedia":[{"embeddable":true,"href":"https:\/\/redsemlac.com\/semmexico\/wp-json\/wp\/v2\/media\/83980"}],"wp:attachment":[{"href":"https:\/\/redsemlac.com\/semmexico\/wp-json\/wp\/v2\/media?parent=83979"}],"wp:term":[{"taxonomy":"category","embeddable":true,"href":"https:\/\/redsemlac.com\/semmexico\/wp-json\/wp\/v2\/categories?post=83979"},{"taxonomy":"post_tag","embeddable":true,"href":"https:\/\/redsemlac.com\/semmexico\/wp-json\/wp\/v2\/tags?post=83979"}],"curies":[{"name":"wp","href":"https:\/\/api.w.org\/{rel}","templated":true}]}}