{"id":83976,"date":"2024-07-08T12:01:35","date_gmt":"2024-07-08T18:01:35","guid":{"rendered":"https:\/\/redsemlac.com\/semmexico\/?p=83976"},"modified":"2024-07-08T12:02:30","modified_gmt":"2024-07-08T18:02:30","slug":"violeta-del-anahuac-pri-caciquil","status":"publish","type":"post","link":"https:\/\/redsemlac.com\/semmexico\/violeta-del-anahuac-pri-caciquil\/","title":{"rendered":"Violeta del An\u00e1huac| \u201c\u00bfPRI, Caciquil?\u201d"},"content":{"rendered":"\n<p class=\"wp-block-paragraph\">Isabel Ortega Morales<\/p>\n\n\n\n<p class=\"wp-block-paragraph\">SemM\u00e9xico, Tlapa, Guerrero, 8 de julio, 2024.- La ideolog\u00eda en los partidos pol\u00edticos est\u00e1 paralizada, ha dado paso al adoctrinamiento, transita por la sumisi\u00f3n y esta al miedo. Frente a un escenario de riesgo de que la inexistencia de una oposici\u00f3n seria que convierta al pa\u00eds en un escenario de riesgo social, de desequilibrios de poderes, los partidos en el pa\u00eds no se han dado cuenta del riesgo que viven tambi\u00e9n internamente.<\/p>\n\n\n\n<p class=\"wp-block-paragraph\">En su reciente Asamblea, el PAN, Partido Acci\u00f3n Nacional, primero en ser constituido en un partido para ofertar propuestas ideol\u00f3gicas de servicio, le cost\u00f3 trabajo alcanzar el poder, logr\u00f3 romper el hilo de triunfos del PRI, Partido Revolucionario Institucional, pero dej\u00f3 de lado su ideolog\u00eda dejando a su base a una deriva de intereses para sobrevivir y de crecer.<\/p>\n\n\n\n<p class=\"wp-block-paragraph\">El PRD, Partido de la Revoluci\u00f3n Democr\u00e1tica, cooptada por los Chuchos, Jes\u00fas Ortega y Zambrano, centraliz\u00f3 de tal forma las decisiones que el partido de la izquierda del M\u00e9xico contempor\u00e1neo, est\u00e1 muriendo por inanici\u00f3n.<\/p>\n\n\n\n<p class=\"wp-block-paragraph\">Porqu\u00e9 el PRI no aprendi\u00f3 de estas dos lecciones? Porqu\u00e9 el PRI no record\u00f3 a sus ide\u00f3logos y perdi\u00f3, o se decant\u00f3, por hacer un club, cuidar intereses personales y dejar de lado a la sociedad?<\/p>\n\n\n\n<p class=\"wp-block-paragraph\">En 1973 (4 de marzo en Quer\u00e9taro), en el 44 aniversario de la fundaci\u00f3n del PRI, uno de los hombres considerados ide\u00f3logos del pa\u00eds, Jes\u00fas Reyes Heroles, dio una clave de lo que llev\u00f3 a mantener la vigencia del Revolucionario Institucional:<\/p>\n\n\n\n<p class=\"wp-block-paragraph\">\u201cEl Partido Nacional Revolucionario nace unificando a los grupos y corrientes de la Revoluci\u00f3n Mexicana y agrupando a los partidos pol\u00edticos regionales y a los grupos revolucionarios municipales- Logra, de esta manera, un equilibrio&nbsp; dif\u00edcil y delicado entre intereses solo en apariencia antag\u00f3nicos. Se propone luchar contra la pasividad ciudadana que muchas veces contribuy\u00f3 al surgimiento de caudillos, y busca en su vida institucional contribuir a que la vida nacional se encarrile, se oriente por la v\u00eda institucional.\u201d<\/p>\n\n\n\n<p class=\"wp-block-paragraph\">Otro ide\u00f3logo, este guerrerense, Jos\u00e9 Francisco Ru\u00edz Massieu, hacia al PRI una alerta \u201co cambiamos o nos cambian\u201d.<\/p>\n\n\n\n<p class=\"wp-block-paragraph\">Ambos no solo hilaban palabras en un discurso, ambos estaban sembrando ideolog\u00eda y alertaban entre el surgimiento de caudillos y el cambio de partido que dejar\u00eda al PRI, como sucedi\u00f3, quedar fuera de la alternativa ciudadana.<\/p>\n\n\n\n<p class=\"wp-block-paragraph\">Reyes Heroles ped\u00eda adaptarse a las nuevas realidades pero mantener la ruta de la paz social y de alguna manera la estabilidad pol\u00edtica.<\/p>\n\n\n\n<p class=\"wp-block-paragraph\">Ser\u00e1 que esto \u00faltimo es lo que interpret\u00f3 esta nueva Asamblea del PRI que decidi\u00f3 otorgar a su dirigente el voto de respaldo para mantenerse en la dirigencia a pesar de todo lo que evidentemente perdi\u00f3 en este proceso electoral? Adecuarse a las nuevas circunstancias pol\u00edticas pero solo de la dirigencia? Sin diagn\u00f3stico, se ha privilegiado el cuidado de los grupos, tal vez tambi\u00e9n de quienes tienen las llaves de las dirigencias estatales, pero algo hay cierto, en la ratificaci\u00f3n indefinida de Alejandro Moreno, sino se sabe hacia donde se va, cualquier camino es bueno.<\/p>\n","protected":false},"excerpt":{"rendered":"<p>La ideolog\u00eda en los partidos pol\u00edticos est\u00e1 paralizada, ha dado paso al adoctrinamiento, transita por la sumisi\u00f3n y esta al miedo. Frente a un escenario de riesgo de que la inexistencia de una oposici\u00f3n seria que convierta al pa\u00eds en un escenario de riesgo social, de desequilibrios de poderes, los partidos en el pa\u00eds no se han dado cuenta del riesgo que viven tambi\u00e9n internamente.<\/p>\n","protected":false},"author":3,"featured_media":38576,"comment_status":"open","ping_status":"open","sticky":false,"template":"","format":"standard","meta":{"_monsterinsights_skip_tracking":false,"footnotes":""},"categories":[198,35,197],"tags":[],"class_list":["post-83976","post","type-post","status-publish","format-standard","has-post-thumbnail","category-isabel-ortega-morales","category-opinion","category-violeta-del-anahuac"],"_links":{"self":[{"href":"https:\/\/redsemlac.com\/semmexico\/wp-json\/wp\/v2\/posts\/83976","targetHints":{"allow":["GET"]}}],"collection":[{"href":"https:\/\/redsemlac.com\/semmexico\/wp-json\/wp\/v2\/posts"}],"about":[{"href":"https:\/\/redsemlac.com\/semmexico\/wp-json\/wp\/v2\/types\/post"}],"author":[{"embeddable":true,"href":"https:\/\/redsemlac.com\/semmexico\/wp-json\/wp\/v2\/users\/3"}],"replies":[{"embeddable":true,"href":"https:\/\/redsemlac.com\/semmexico\/wp-json\/wp\/v2\/comments?post=83976"}],"version-history":[{"count":0,"href":"https:\/\/redsemlac.com\/semmexico\/wp-json\/wp\/v2\/posts\/83976\/revisions"}],"wp:featuredmedia":[{"embeddable":true,"href":"https:\/\/redsemlac.com\/semmexico\/wp-json\/wp\/v2\/media\/38576"}],"wp:attachment":[{"href":"https:\/\/redsemlac.com\/semmexico\/wp-json\/wp\/v2\/media?parent=83976"}],"wp:term":[{"taxonomy":"category","embeddable":true,"href":"https:\/\/redsemlac.com\/semmexico\/wp-json\/wp\/v2\/categories?post=83976"},{"taxonomy":"post_tag","embeddable":true,"href":"https:\/\/redsemlac.com\/semmexico\/wp-json\/wp\/v2\/tags?post=83976"}],"curies":[{"name":"wp","href":"https:\/\/api.w.org\/{rel}","templated":true}]}}