{"id":83848,"date":"2024-07-05T15:17:15","date_gmt":"2024-07-05T21:17:15","guid":{"rendered":"https:\/\/redsemlac.com\/semmexico\/?p=83848"},"modified":"2024-07-05T15:18:07","modified_gmt":"2024-07-05T21:18:07","slug":"entresemana-el-drama-del-cacique-y-la-pelele","status":"publish","type":"post","link":"https:\/\/redsemlac.com\/semmexico\/entresemana-el-drama-del-cacique-y-la-pelele\/","title":{"rendered":"Entresemana| El drama del cacique y la pelele"},"content":{"rendered":"\n<p class=\"wp-block-paragraph\">\u201cAcomp\u00e1\u00f1ame, porque puede suceder\u2026\u201d Roc\u00edo dixit*<\/p>\n\n\n\n<p class=\"wp-block-paragraph\">Mois\u00e9s S\u00e1nchez Lim\u00f3n<\/p>\n\n\n\n<p class=\"wp-block-paragraph\">SemM\u00e9xico, Ciudad de M\u00e9xico, 5 de julio, 2024.-\u00a0\u00bfUsted quiere que se peleen el licenciado presidente y la Princesa Caramelo?<\/p>\n\n\n\n<p class=\"wp-block-paragraph\">\u00bfComo para qu\u00e9, si son pol\u00edticamente la pareja ideal? \u00bfA poco no? Pero, el chisme lo escurri\u00f3 Su Alteza Seren\u00edsima y ella dej\u00f3 galopar la especie de que no pintar\u00eda su raya con \u00e9l.<\/p>\n\n\n\n<p class=\"wp-block-paragraph\">Ese es asunto elemental porque, si quieren continuar con esa interdependencia harto conocida, muy su regalado gusto. Y es que, d\u00edgame si miento, desde hace m\u00e1s de dos d\u00e9cadas, como cita la pel\u00edcula de Juan Bustillo Oro, se les ha visto \u201cDel brazo y por la calle\u201d.<\/p>\n\n\n\n<p class=\"wp-block-paragraph\">\u00bfA poco no?<\/p>\n\n\n\n<p class=\"wp-block-paragraph\">Para j\u00f3venes y desmemoriados. Es la historia &#8211;d\u00e9cada de los a\u00f1os 50 del siglo pasado&#8211; de la chica rica que se casa con el chico pobre. Usted ya sabe, como el sapo que se vuelve pr\u00edncipe (monarca) y, \u00a1v\u00e1lgame la analog\u00eda de cu\u00f1o reciente!, la corcholata era Princesa Caramelo.<\/p>\n\n\n\n<p class=\"wp-block-paragraph\">El primero le entrega el poder a la segunda y, vox populi, \u00e9l es el maestro, ella la alumna avanzada que se mimetiz\u00f3, sobradamente, en campa\u00f1a electoral y hasta el modito de hablar le cambi\u00f3.<\/p>\n\n\n\n<p class=\"wp-block-paragraph\">Pero, en serio, no se r\u00eda, porfis, \u00bfel licenciado Andr\u00e9s Manuel cumplir\u00e1 la m\u00e1xima de la pol\u00edtica de hacerse a un lado y no opinar ni meterse en los asuntos de plenipotenciaria incumbencia y responsabilidad de su sucesora?<\/p>\n\n\n\n<p class=\"wp-block-paragraph\">S\u00ed ya bail\u00f3, que se siente y se vaya a La Chingada, su franciscana finca en Palenque. Lo cierto es que, \u00e9l no asume puntualmente la m\u00e1xima ni la Princesa Caramelo lo admite.<\/p>\n\n\n\n<p class=\"wp-block-paragraph\">Ser\u00e1 ment\u00eds, pero he aqu\u00ed que la doctora \u2013a quien todo el mundo, hasta los que no le conced\u00edan la capacidad de curar un pulque, le ha encontrado mil virtudes\u2014se niega a cortarse el cord\u00f3n umbilical del Duce. Lea usted:<\/p>\n\n\n\n<p class=\"wp-block-paragraph\">\u201cLe\u00eda hoy en un peri\u00f3dico: Claudia debe pintar la raya con Andr\u00e9s Manuel L\u00f3pez Obrador, ser\u00eda pintar la raya con el pueblo de M\u00e9xico. \u00a1Nunca! Con el pueblo todo sin el pueblo nada (&#8230;) Por eso, somos uno, compa\u00f1eros, somos una. Y de aqu\u00ed en adelante, vamos a guardar el legado del presidente Andr\u00e9s Manuel L\u00f3pez Obrador (\u2026)<\/p>\n\n\n\n<p class=\"wp-block-paragraph\">\u201cLes comparto lo emocionante que es caminar con \u00e9l todos los fines de semana\u201d, puntualiz\u00f3 la Princesa Caramelo en el acto con el que Morena celebr\u00f3 el 6\u00ba aniversario del triunfo de L\u00f3pez Obrador en las urnas.<\/p>\n\n\n\n<p class=\"wp-block-paragraph\">No cabe duda de que el licenciado Andr\u00e9s Manuel ha sido puntual cliente de do\u00f1a Ana Elizabeth Garc\u00eda Vilchis en el gustado semanario \u201cQui\u00e9n es qui\u00e9n en las mentiras de la semana\u2019\u201d, pero no aparece como tal, porque, usted ya sabe, el pecho del Hijo Pr\u00f3digo de Villa Tepetit\u00e1n no es bodega y le importa un pito que lo que diga sean falacias. \u00a1Total!, es el due\u00f1o del poder.<\/p>\n\n\n\n<p class=\"wp-block-paragraph\">El punto es que, el licenciado presidente asume que 65 millones de mexicanos y mexicanas que no son militantes ni simpatizantes del Consorcio Morena y Asociados, le creen todo lo que dice y promete, como quienes votaron por su consentida, a la que hoy llama despectivamente pelele.<\/p>\n\n\n\n<p class=\"wp-block-paragraph\">Veamos. Un grupo de empresarias amlovers no representan, por mucho, a una corriente representativa de ciudadanos y ciudadanas que demanden a la Princesa Caramelo pinte su raya con Andr\u00e9s Manuel ni mucho menos quienes apuesten porque ambos salgan de pleito.<\/p>\n\n\n\n<p class=\"wp-block-paragraph\">En la ma\u00f1anera, la colega&nbsp;Dalila Escobar, reportera de&nbsp;<em>Proceso<\/em>&nbsp;\u2013quien por cierto debe soportar que, recurrentemente, L\u00f3pez Obrador insulte y descalifique a la revista\u2014le pregunt\u00f3 respecto de ese pintar de raya al que aludi\u00f3 la Princesa Caramelo y \u00bfhasta qu\u00e9 punto va a ser su retiro?<\/p>\n\n\n\n<p class=\"wp-block-paragraph\">Sobre todo, sustanci\u00f3 Dalila, \u201cpor las declaraciones en torno a que va a acudir al llamado de la presidenta en cuanto entre en funciones, si es que as\u00ed ella lo requiere, por supuesto. \u00bfEn qu\u00e9 temas podr\u00eda usted aceptar tener una conversaci\u00f3n, una reuni\u00f3n, pod\u00eda acudir a Palacio? \u00bfEn qu\u00e9 t\u00e9rminos usted estar\u00eda pensando que podr\u00eda atender este llamado?\u201d<\/p>\n\n\n\n<p class=\"wp-block-paragraph\">Y aqu\u00ed se teje el drama.<\/p>\n\n\n\n<p class=\"wp-block-paragraph\">El licenciado presidente respondi\u00f3: \u201clos adversarios nuestros, que son muy elementales, muy obvios, quisieran que nos pele\u00e1ramos, por eso hablan de&nbsp;<em>pintar la raya<\/em>. Se olvidan que la raya est\u00e1 pintada porque la Constituci\u00f3n establece de que el presidente de M\u00e9xico, la presidenta de M\u00e9xico, es electa por el pueblo y entra en funciones desde pasadas las 12:00 de la noche del d\u00eda \u00faltimo de septiembre de este a\u00f1o, y yo paso a ser un ciudadano (\u2026)\u201d, refiri\u00f3 en la obviedad legal, pero no aludi\u00f3 al arreglo pol\u00edtico, al evidente papel de cacique o jefe m\u00e1ximo que teje en el efectismo discursivo.<\/p>\n\n\n\n<p class=\"wp-block-paragraph\">Pero, ah\u00ed le va lo interesante del drama. Nadie se lo plante\u00f3 y asumi\u00f3:<\/p>\n\n\n\n<p class=\"wp-block-paragraph\">\u201cY ni yo soy cacique ni ella es pelele, somos compa\u00f1eros. Y coincidimos porque defendemos la transformaci\u00f3n que hemos iniciado millones de mexicanos. Eso es lo que hemos venido aclarando\u201d.<\/p>\n\n\n\n<p class=\"wp-block-paragraph\">Bueno, bueno, se\u00f1oras y se\u00f1ores, a \u00e9l s\u00ed lo han llamado cacique, desde la oposici\u00f3n y quienes no simpatizan con la 4T.<\/p>\n\n\n\n<p class=\"wp-block-paragraph\">Pero a la Princesa Caramelo, \u00e9l aplic\u00f3 el adjetivo pelele. Oficializ\u00f3 la versi\u00f3n y, bueno, ni quien dude de que, como se cita en corrillos de toda naturaleza, \u00e9l es el jefe, el cacique, ella es t\u00edtere, pero \u00a1caray!, \u00bfde plano el sin\u00f3nimo pelele?<\/p>\n\n\n\n<p class=\"wp-block-paragraph\">O sea, \u00bf\u201cpersona que se deja manipular por otras\u201d ?, despectivo que significa PELELE, sin\u00f3nimo de bobo, idiota, simpl\u00f3n, mequetrefe. Es definici\u00f3n de la RAE; hay otras muy feas, pero lo dijo el culto Santo Ni\u00f1o Fidencio del Z\u00f3calo.<\/p>\n\n\n\n<p class=\"wp-block-paragraph\">\u00a1Rec\u00e1spita, Taibo!<\/p>\n\n\n\n<p class=\"wp-block-paragraph\">\u00a1Ah!, pero complet\u00f3 el drama:<\/p>\n\n\n\n<p class=\"wp-block-paragraph\">\u201cY en mi caso \u2013reiter\u00f3 Su Alteza Seren\u00edsima&#8211;, pues ya lo he dicho desde hace alg\u00fan tiempo, yo me voy a retirar, me voy a jubilar, ya no voy a participar en la vida p\u00fablica (\u2026) ya no voy a replicar, cancelo mis redes sociales y me alejo de la vida p\u00fablica, no vuelvo a participar en ninguna actividad p\u00fablica, pol\u00edtica (\u2026)\u201d.<\/p>\n\n\n\n<p class=\"wp-block-paragraph\">&#8211;Entonces, \u00bftampoco se asumir\u00eda como militante ya de Morena una vez dejando el cargo? \u2013pregunt\u00f3 la colega.<\/p>\n\n\n\n<p class=\"wp-block-paragraph\">&#8211;No &#8211;respondi\u00f3, pues es que ya me voy a jubilar y voy a pedir mi licencia porque ya no voy a participar en ninguna actividad p\u00fablica pol\u00edtica.<\/p>\n\n\n\n<p class=\"wp-block-paragraph\">Y hete aqu\u00ed que le gan\u00f3 el protagonismo:<\/p>\n\n\n\n<p class=\"wp-block-paragraph\">&#8211;Mi presidenta es mi presidenta y la voy a respetar siempre. Y la estimo mucho, la admiro, porque es una mujer inteligente, es una mujer preparada, con mucha experiencia, muy buena como servidora p\u00fablica, de buenos sentimientos y honesta; es una bendici\u00f3n para M\u00e9xico.<\/p>\n\n\n\n<p class=\"wp-block-paragraph\">Peeero\u2026<\/p>\n\n\n\n<p class=\"wp-block-paragraph\">\u201cEntonces \u2013dijo y no se r\u00eda, porfis&#8211;, si mi presidenta alg\u00fan d\u00eda quiere verme, claro que la ver\u00eda, pero no va a hacer falta porque ella tiene mucha capacidad para enfrentar cualquier adversidad\u201d.<\/p>\n\n\n\n<p class=\"wp-block-paragraph\">O sea. \u00c9rase que se era el cacique y la pelele, papel que ella se niega a dejar y su tejedor de milagros le endilg\u00f3 a partir de ayer, mi\u00e9rcoles 03 de julio de 2024, oficialmente. Vaya dram\u00f3n y con estos tenemos que arar. \u00a1Recontra, Drakko! Digo.<\/p>\n\n\n\n<p class=\"wp-block-paragraph\"><strong>ATENCI\u00d3N FRANCISCO CH\u00cdGUIL FIGUEROA, alcalde de Gustavo A. Madero<\/strong>. Vecinos de la colonia Residencial Zacatenco urgen se atienda una&nbsp;<strong>fuga de agua potable que se registra desde hace un mes<\/strong>, frente al n\u00famero 34 de la Calle Vicu\u00f1a. Pancho, ya concluy\u00f3 la campa\u00f1a, ahora cumple a los habitantes de la GAM. Conste. &nbsp;<\/p>\n\n\n\n<p class=\"wp-block-paragraph\"><a href=\"mailto:sanchezlimon@gmail.com\" target=\"_blank\" rel=\"noreferrer noopener\">sanchezlimon@gmail.com<\/a>&nbsp;&nbsp;&nbsp;&nbsp;&nbsp;<a href=\"http:\/\/www.entresemana.mx\/\" target=\"_blank\" rel=\"noreferrer noopener\">www.entresemana.mx<\/a>&nbsp;&nbsp;&nbsp;&nbsp;&nbsp;<strong>@sanchezlimon1<\/strong><\/p>\n","protected":false},"excerpt":{"rendered":"<p>\u00bfUsted quiere que se peleen el licenciado presidente y la Princesa Caramelo?<\/p>\n<p>\u00bfComo para qu\u00e9, si son pol\u00edticamente la pareja ideal? \u00bfA poco no? Pero, el chisme lo escurri\u00f3 Su Alteza Seren\u00edsima y ella dej\u00f3 galopar la especie de que no pintar\u00eda su raya con \u00e9l.<\/p>\n","protected":false},"author":3,"featured_media":41799,"comment_status":"open","ping_status":"open","sticky":false,"template":"","format":"standard","meta":{"_monsterinsights_skip_tracking":false,"footnotes":""},"categories":[105,83,35],"tags":[],"class_list":["post-83848","post","type-post","status-publish","format-standard","has-post-thumbnail","category-entresemana","category-moises-sanchez-limon","category-opinion"],"_links":{"self":[{"href":"https:\/\/redsemlac.com\/semmexico\/wp-json\/wp\/v2\/posts\/83848","targetHints":{"allow":["GET"]}}],"collection":[{"href":"https:\/\/redsemlac.com\/semmexico\/wp-json\/wp\/v2\/posts"}],"about":[{"href":"https:\/\/redsemlac.com\/semmexico\/wp-json\/wp\/v2\/types\/post"}],"author":[{"embeddable":true,"href":"https:\/\/redsemlac.com\/semmexico\/wp-json\/wp\/v2\/users\/3"}],"replies":[{"embeddable":true,"href":"https:\/\/redsemlac.com\/semmexico\/wp-json\/wp\/v2\/comments?post=83848"}],"version-history":[{"count":0,"href":"https:\/\/redsemlac.com\/semmexico\/wp-json\/wp\/v2\/posts\/83848\/revisions"}],"wp:featuredmedia":[{"embeddable":true,"href":"https:\/\/redsemlac.com\/semmexico\/wp-json\/wp\/v2\/media\/41799"}],"wp:attachment":[{"href":"https:\/\/redsemlac.com\/semmexico\/wp-json\/wp\/v2\/media?parent=83848"}],"wp:term":[{"taxonomy":"category","embeddable":true,"href":"https:\/\/redsemlac.com\/semmexico\/wp-json\/wp\/v2\/categories?post=83848"},{"taxonomy":"post_tag","embeddable":true,"href":"https:\/\/redsemlac.com\/semmexico\/wp-json\/wp\/v2\/tags?post=83848"}],"curies":[{"name":"wp","href":"https:\/\/api.w.org\/{rel}","templated":true}]}}