{"id":83846,"date":"2024-07-05T14:37:57","date_gmt":"2024-07-05T20:37:57","guid":{"rendered":"https:\/\/redsemlac.com\/semmexico\/?p=83846"},"modified":"2024-07-05T14:37:57","modified_gmt":"2024-07-05T20:37:57","slug":"opinion-si-zuniga-fuera-mujer","status":"publish","type":"post","link":"https:\/\/redsemlac.com\/semmexico\/opinion-si-zuniga-fuera-mujer\/","title":{"rendered":"Opini\u00f3n| Si Z\u00fa\u00f1iga fuera mujer"},"content":{"rendered":"\n<p class=\"wp-block-paragraph\">Por Drina Ergueta<\/p>\n\n\n\n<p class=\"wp-block-paragraph\">SemM\u00e9xico. La Paz-Bolivia, 5 de julio de 2024.- El general Juan Jos\u00e9 Z\u00fa\u00f1iga Mac\u00edas est\u00e1 hoy detenido preventivamente en la c\u00e1rcel de El Abra, de m\u00e1xima seguridad en Bolivia, luego de ser el protagonista de un intento de golpe de Estado. Le podr\u00edan caer 20 a\u00f1os de prisi\u00f3n por \u201chaber atentado contra la democracia y la Constituci\u00f3n\u201d el 26 de junio de este a\u00f1o. Pero, \u00bfser\u00eda posible acabar as\u00ed, si fuera mujer?<\/p>\n\n\n\n<p class=\"wp-block-paragraph\">Juana Josefa Z\u00fa\u00f1iga Mac\u00edas (Ay, no se ofenda, general, ni familiares, amistades u otros militares, se trata de un ejercicio de imaginaci\u00f3n muy \u00fatil. Adem\u00e1s, \u00bfpor qu\u00e9 es ofensa ser mujer?) ya, de entrada, no podr\u00eda ser militar. Para serlo, le cambiamos un poco la edad que la que tiene su versi\u00f3n masculina y se coloca en \u201cla primera versi\u00f3n de mujeres militares\u201d que ingresaron al Colegio Militar del Ej\u00e9rcito boliviano entre 1979 y 1985.<\/p>\n\n\n\n<p class=\"wp-block-paragraph\">En esos a\u00f1os, se abrieron las puertas de las Fuerzas Armadas a las mujeres y se graduaron un total de 47. Las abri\u00f3 el gobierno de facto del general David Padilla Arancibia quien tambi\u00e9n propici\u00f3 el regreso a la democracia, pero su sucesor Hern\u00e1n Siles Suazo las cerr\u00f3 en 1983. Fue en 2003 que Gonzalo S\u00e1nchez de Lozada vuelve a permitir el ingreso de mujeres en las Fuerzas Armadas por esa incipiente, y rid\u00edcula para muchos, raz\u00f3n de equidad de g\u00e9nero.<\/p>\n\n\n\n<p class=\"wp-block-paragraph\">Es as\u00ed que Juana Josefa Z\u00fa\u00f1iga es una de las contadas militares de carrera durante varios a\u00f1os y, aunque poco a poco ve a m\u00e1s mujeres en ese espacio masculino, \u00e9stas siguen siendo escasas: en 2021 s\u00f3lo llegaran a ser el 10% del total, con proyecciones de que sumen 1.643 en 2025.<\/p>\n\n\n\n<p class=\"wp-block-paragraph\">Pero no es cuesti\u00f3n de entrar al Colegio Militar, y ya, y de competir con sus colegas, que tambi\u00e9n, es hacerlo siendo mujer en un espacio masculino y tradicionalmente machista: una lucha constante ya que \u201calgunos instructores y compa\u00f1eros nos discriminaban y dec\u00edan que solo \u00edbamos a servir de personal de apoyo y jam\u00e1s llegar\u00edamos a cargos de decisi\u00f3n\u201d (militar entrevistada por La Raz\u00f3n 07\/06\/2022), lo que dificult\u00f3 su ascenso, por lo que llegar a coronela le tom\u00f3 sufridos 30 a\u00f1os, algunos de estos, a veces, muy duros.<\/p>\n\n\n\n<p class=\"wp-block-paragraph\">Cuando era joven fue violada por un superior. Ya se hab\u00eda \u201cacostumbrado\u201d a cierto tipo de acosos sexuales por parte de algunos compa\u00f1eros, acosos que a veces eran abiertos, naturalizados, y que causaban la risa de sus colegas. Ella opt\u00f3 por naturalizarlos tambi\u00e9n y re\u00edrse igualmente, endurecerse, volverse macho para sobrevivir. Pero la violaci\u00f3n la hizo tambalear y pesar en dejarlo todo. Denunciar no era una opci\u00f3n, nadie la oir\u00eda, se call\u00f3 y aguant\u00f3 que su impune violador actuara como si hubiera sido una relaci\u00f3n ocasional consentida.<\/p>\n\n\n\n<p class=\"wp-block-paragraph\">Muchos a\u00f1os despu\u00e9s, en 2020, muy tarde para ella y otras, se cre\u00f3 el Consejo Nacional de G\u00e9nero del Ministerio de Defensa y se establecieron ciertos protocolos de atenci\u00f3n de casos de discriminaci\u00f3n, acoso y violencia sexual en las Fuerzas Armadas. Seg\u00fan publicaciones, entre 2019 y 2021 se atendieron 340 casos. Tomando en cuenta que en 2021 hab\u00eda 1.443 mujeres en el ej\u00e9rcito boliviano y que ese a\u00f1o hubo 81 denuncias, y que en 2019 hubo 168 casos, se podr\u00eda decir que en promedio una de cada diez mujeres miliares sufri\u00f3 alguna de estas discriminaciones y violencias machistas. Z\u00fa\u00f1iga las padeci\u00f3, pero como no denunci\u00f3 no cuenta.<\/p>\n\n\n\n<p class=\"wp-block-paragraph\">Para hacer carrera, no se casa ni tiene hijos y siendo una de las contadas mujeres coronelas, en 2015 la nombran generala, junto a Gina Reque Ter\u00e1n. Z\u00fa\u00f1iga mujer ocupaba el puesto 20 de su promoci\u00f3n de 60 militares, trabaj\u00f3 mucho m\u00e1s para ello porque las discriminaciones de g\u00e9nero la obligaban a demostrar m\u00e1s.<\/p>\n\n\n\n<p class=\"wp-block-paragraph\">Al contrario de su versi\u00f3n masculina, nunca fue nombrada comandante general del ej\u00e9rcito boliviano por ning\u00fan gobierno. Podr\u00eda ser posible que una mujer llegue a ese cargo, ya que, seg\u00fan c\u00f3mo se mire, ser\u00eda pol\u00edticamente interesante para un gobierno progresista; sin embargo, eso probablemente no lo soportar\u00eda una instituci\u00f3n tan masculina.<\/p>\n\n\n\n<p class=\"wp-block-paragraph\">En junio de 2024 es el comandante general quien le dice que lo respalde en una acci\u00f3n que llama \u201cde defensa del pueblo\u201d ante la inestabilidad pol\u00edtica, \u201cla ineficiencia de los de siempre\u201d en el gobierno y la irresponsabilidad de los pol\u00edticos. Le propone ser ministra de su gabinete, cuando tome el poder. Ella sabe que la usa porque por su trayectoria tiene buena imagen, pero, a la vez, asumir un cargo as\u00ed le tienta\u2026 \u00bfAceptar\u00e1? Bueno, sea lo que sea que decida, una parte de la poblaci\u00f3n dir\u00e1 que particip\u00f3 en un autogolpe ya que se acomoda mejor a su imaginario. &nbsp;<\/p>\n","protected":false},"excerpt":{"rendered":"<p>El general Juan Jos\u00e9 Z\u00fa\u00f1iga Mac\u00edas est\u00e1 hoy detenido preventivamente en la c\u00e1rcel de El Abra, de m\u00e1xima seguridad en Bolivia, luego de ser el protagonista de un intento de golpe de Estado.<\/p>\n","protected":false},"author":3,"featured_media":8467,"comment_status":"open","ping_status":"open","sticky":false,"template":"","format":"standard","meta":{"_monsterinsights_skip_tracking":false,"footnotes":""},"categories":[77,110,35],"tags":[],"class_list":["post-83846","post","type-post","status-publish","format-standard","has-post-thumbnail","category-drina-ergueta","category-la-opinion-columnas","category-opinion"],"_links":{"self":[{"href":"https:\/\/redsemlac.com\/semmexico\/wp-json\/wp\/v2\/posts\/83846","targetHints":{"allow":["GET"]}}],"collection":[{"href":"https:\/\/redsemlac.com\/semmexico\/wp-json\/wp\/v2\/posts"}],"about":[{"href":"https:\/\/redsemlac.com\/semmexico\/wp-json\/wp\/v2\/types\/post"}],"author":[{"embeddable":true,"href":"https:\/\/redsemlac.com\/semmexico\/wp-json\/wp\/v2\/users\/3"}],"replies":[{"embeddable":true,"href":"https:\/\/redsemlac.com\/semmexico\/wp-json\/wp\/v2\/comments?post=83846"}],"version-history":[{"count":0,"href":"https:\/\/redsemlac.com\/semmexico\/wp-json\/wp\/v2\/posts\/83846\/revisions"}],"wp:featuredmedia":[{"embeddable":true,"href":"https:\/\/redsemlac.com\/semmexico\/wp-json\/wp\/v2\/media\/8467"}],"wp:attachment":[{"href":"https:\/\/redsemlac.com\/semmexico\/wp-json\/wp\/v2\/media?parent=83846"}],"wp:term":[{"taxonomy":"category","embeddable":true,"href":"https:\/\/redsemlac.com\/semmexico\/wp-json\/wp\/v2\/categories?post=83846"},{"taxonomy":"post_tag","embeddable":true,"href":"https:\/\/redsemlac.com\/semmexico\/wp-json\/wp\/v2\/tags?post=83846"}],"curies":[{"name":"wp","href":"https:\/\/api.w.org\/{rel}","templated":true}]}}