{"id":83808,"date":"2024-07-04T08:51:45","date_gmt":"2024-07-04T14:51:45","guid":{"rendered":"https:\/\/redsemlac.com\/semmexico\/?p=83808"},"modified":"2024-07-04T08:51:46","modified_gmt":"2024-07-04T14:51:46","slug":"tras-la-puerta-del-poder-el-debate-va-de-los-foros-al-pleno-de-la-permanente","status":"publish","type":"post","link":"https:\/\/redsemlac.com\/semmexico\/tras-la-puerta-del-poder-el-debate-va-de-los-foros-al-pleno-de-la-permanente\/","title":{"rendered":"Tras la puerta del poder | El debate va de los foros al Pleno de la Permanente\u00a0"},"content":{"rendered":"\n<p class=\"wp-block-paragraph\">Roberto Vizca\u00edno&nbsp;<\/p>\n\n\n\n<p class=\"wp-block-paragraph\">SemM\u00e9xico, Ciudad de M\u00e9xico,4 de julio, 2024.- A una semana de iniciados los foros sobre la iniciativa de Reforma del Poder Judicial propuesta por el presidente&nbsp;<strong>Andr\u00e9s Manuel L\u00f3pez Obrador<\/strong>, el saldo ganador es para el mandatario.<\/p>\n\n\n\n<p class=\"wp-block-paragraph\">Ayer, el pleno de la Comisi\u00f3n Permanente conducido por la tlaxcalteca&nbsp;<strong>Ana Lilia Rivera<\/strong>&nbsp;pr\u00e1cticamente puso punto final a esos foros al conducir un fuerte debate interno sobre esa iniciativa de Reforma en donde el tema qued\u00f3 debidamente solventado.<\/p>\n\n\n\n<p class=\"wp-block-paragraph\">Una conducci\u00f3n que ha llevado a que se hable entre los senadores que han sido reelectos, a que la consideren como una posible presidenta del inicio del siguiente Senado, ya que no ser\u00eda una reelecci\u00f3n en el cargo porque ser\u00eda otra legislatura, afirman.<\/p>\n\n\n\n<p class=\"wp-block-paragraph\">Como sea, en esta semana los primeros que quedaron \u201cnoqueados\u201d en la lona de la percepci\u00f3n y realidad pol\u00edtica fueron los 8 ministros de la Corte encabezados por su presidenta&nbsp;<strong>Norma Pi\u00f1a<\/strong>&nbsp;y que eran reconocidos como \u201caut\u00f3nomos\u201d a la voluntad y dictados presidenciales.<\/p>\n\n\n\n<p class=\"wp-block-paragraph\">Al acudir a estos foros&nbsp;<strong>estos ministros y su presidenta<\/strong>&nbsp;validaron la Reforma que, salvo un milagro, los dejar\u00e1 fuera de sus cargos una vez que se apruebe la iniciativa sin moverle una coma en septiembre pr\u00f3ximo.<\/p>\n\n\n\n<p class=\"wp-block-paragraph\">Y si prospera lo que les pronostic\u00f3 el lunes pasado en Toluca, Estado de M\u00e9xico,&nbsp;<strong>Ricardo Monreal<\/strong>, coordinador de los senadores de Morena y futuro coordinador de los diputados federales de ese partido -y quien conducir\u00e1 el tr\u00e1mite de aprobaci\u00f3n de la reforma aludida en San L\u00e1zaro-, los ministros cesados ni siquiera alcanzar\u00e1n su bono de salida ni su verdaderamente sorprendente y multimillonaria jubilaci\u00f3n.<\/p>\n\n\n\n<p class=\"wp-block-paragraph\">Tan vapuleados y d\u00e9biles quedaron estos ministros y su presidenta luego del foro en que participaron, que apenas inici\u00f3 esta semana y la ministra lopezobradorista, la plagiaria&nbsp;<strong>Yasm\u00edn Esquivel<\/strong>&nbsp;ya estaba pidi\u00e9ndole a la ministra&nbsp;<strong>Pi\u00f1a<\/strong>&nbsp;la renuncia como una f\u00f3rmula para evitar la reforma que establecer\u00e1 la elecci\u00f3n de ministros, magistrados y jueces por voto popular.<\/p>\n\n\n\n<p class=\"wp-block-paragraph\">Luego se sabr\u00eda que los 8 ministros afines a ella cerraron filas a su alrededor y rechazaron la petici\u00f3n de renuncia. El caso es que al parecer la Reforma seguir\u00e1 adelante y terminar\u00e1 por echarlos fuera a todos ellos.<\/p>\n\n\n\n<p class=\"wp-block-paragraph\">El propio presidente&nbsp;<strong>L\u00f3pez Obrador<\/strong>&nbsp;cerr\u00f3 el tema de la renuncia al indicar que su iniciativa de reforma del Poder Judicial no estaba sometida a una \u201c<strong><em>concertacesi\u00f3n<\/em><\/strong>\u201d. Nada de&nbsp;<em>quo-pro-quo<\/em>, de que te doy esto por aquello otro.&nbsp; Los debates por otro lado sirvieron para que lo expertos del oficialismo presentaran argumentos a favor de la iniciativa presidencial y llevaran a los que se oponen, a reconocer que el Poder Judicial requiere de una revisi\u00f3n y reorientaci\u00f3n a fondo.<\/p>\n\n\n\n<p class=\"wp-block-paragraph\">Uno de los m\u00e1s duros cr\u00edticos del Poder Judicial actual es el zacatecano&nbsp;<strong>Ricardo Monreal<\/strong>&nbsp;reconocido por su doctorado en Derecho Constitucional, y quien aprovech\u00f3 uno de los foros para se\u00f1alar que a la presidenta&nbsp;<strong>Norma Pi\u00f1a<\/strong>&nbsp;le falt\u00f3 sensibilidad y experiencia pol\u00edtica para conducir las relaciones del Poder Judicial con los otros dos poderes, el Ejecutivo y el Legislativo.<\/p>\n\n\n\n<p class=\"wp-block-paragraph\"><strong>SHEINBAUM ENVIAR\u00c1 3 INICIATIVAS &nbsp;<\/strong><\/p>\n\n\n\n<p class=\"wp-block-paragraph\">Sin aclarar si es legal o no,&nbsp;<strong>Claudia Sheinbaum<\/strong>&nbsp;anunci\u00f3 ayer a trav\u00e9s de la exfiscal capitalina y virtual senadora de Morena, Ernestina Godoy, que entregar\u00e1 hoy 3 iniciativas de reforma que ser\u00e1n tramitadas en septiembre por las nuevas legislaturas de diputados y senadores para:<\/p>\n\n\n\n<p class=\"wp-block-paragraph\">1)&nbsp;&nbsp;&nbsp;&nbsp;Revertir la reelecci\u00f3n de diputados federales y locales, senadores y alcaldes.&nbsp;La iniciativa plantea que no podr\u00edan reelegirse para un periodo consecutivo tampoco suplentes que hayan tomado posesi\u00f3n del cargo por alguna raz\u00f3n: \u00abEstamos, nuevamente, regresando a lo que fue el lema de la Revoluci\u00f3n Mexicana: sufragio efectivo no reelecci\u00f3n, nuestra historia y que en alg\u00fan momento se falt\u00f3 a esto\u2026 por eso se decide regresar y retomar la esencia de la Constituci\u00f3n del 17\u00bb,<\/p>\n\n\n\n<p class=\"wp-block-paragraph\">2)&nbsp;&nbsp;&nbsp;&nbsp;Para establecer becas para estudiantes de secundaria y as\u00ed garantizar becas a los 22 millones de alumnos desde primaria a universidad, y;<\/p>\n\n\n\n<p class=\"wp-block-paragraph\">3)&nbsp;&nbsp;&nbsp;&nbsp;Para establecer bonos para mujeres de 60 a 64 a\u00f1os de edad, que fue una promesa de campa\u00f1a.<\/p>\n\n\n\n<p class=\"wp-block-paragraph\">Godoy dijo a nombre de&nbsp;<strong>Sheinbaum<\/strong>&nbsp;que estas iniciativas ser\u00e1n enviadas a la secretaria de Gobernaci\u00f3n del gobierno de&nbsp;<strong>AMLO<\/strong>,&nbsp;<strong>Luisa Mar\u00eda Alcalde<\/strong>&nbsp;para que esta las entregue al actual Congreso que sale a fines de agosto.<\/p>\n\n\n\n<p class=\"wp-block-paragraph\">Es la primera vez que -al menos yo- me entero de que un ganador presidencial, que no ha recibido su calificaci\u00f3n por parte del Tribunal Electoral, tenga capacidad para usar una secretar\u00eda de un&nbsp; gobierno saliente, en este caso a Gobernaci\u00f3n, para presentar no una sino 3 iniciativas de reformas constitucionales.<\/p>\n\n\n\n<p class=\"wp-block-paragraph\">Por lo dem\u00e1s la virtual presidenta&nbsp;<strong>Sheinbaum<\/strong>&nbsp;dijo&nbsp;que, desde su punto de vista, el actual Poder Judicial, en especial la Suprema Corte, invade facultades del Legislativo y del Tribunal Electoral del Poder Judicial de la Federaci\u00f3n.<\/p>\n\n\n\n<p class=\"wp-block-paragraph\">En su evaluaci\u00f3n eso no se centra en la actuaci\u00f3n de&nbsp;<strong>Norma Pi\u00f1a<\/strong>, presidenta de la Suprema Corte, sino del Poder Judicial en su conjunto.<\/p>\n\n\n\n<p class=\"wp-block-paragraph\">De ah\u00ed la necesidad de la reforma al Poder Judicial, dijo.<\/p>\n\n\n\n<p class=\"wp-block-paragraph\">\u201cHoy la justicia no es equitativa para todas y todos\u2026 No es solo su renuncia\u2026 hay que buscar la justicia pareja para todas y para todos pues hasta liberan a delincuentes\u201d, indic\u00f3.<\/p>\n\n\n\n<p class=\"wp-block-paragraph\">\u2026 \/ Twitter: @_Vizcaino \/ Facebook<\/p>\n\n\n\n<p class=\"wp-block-paragraph\">\/&nbsp;<a href=\"https:\/\/www.facebook.com\/rvizcainoa\">https:\/\/www.facebook.com\/rvizcainoa<\/a><\/p>\n","protected":false},"excerpt":{"rendered":"<p>Roberto Vizca\u00edno&nbsp; SemM\u00e9xico, Ciudad de M\u00e9xico,4 de julio, 2024.- A una semana de iniciados los foros sobre la iniciativa de Reforma del Poder Judicial propuesta por el presidente&nbsp;Andr\u00e9s Manuel L\u00f3pez Obrador, el saldo ganador es para el mandatario. Ayer, el pleno de la Comisi\u00f3n Permanente conducido por la tlaxcalteca&nbsp;Ana Lilia Rivera&nbsp;pr\u00e1cticamente puso punto final a [&hellip;]<\/p>\n","protected":false},"author":3,"featured_media":39589,"comment_status":"open","ping_status":"open","sticky":false,"template":"","format":"standard","meta":{"_monsterinsights_skip_tracking":false,"footnotes":""},"categories":[35,622],"tags":[],"class_list":["post-83808","post","type-post","status-publish","format-standard","has-post-thumbnail","category-opinion","category-tras-la-puerta-del-poder"],"_links":{"self":[{"href":"https:\/\/redsemlac.com\/semmexico\/wp-json\/wp\/v2\/posts\/83808","targetHints":{"allow":["GET"]}}],"collection":[{"href":"https:\/\/redsemlac.com\/semmexico\/wp-json\/wp\/v2\/posts"}],"about":[{"href":"https:\/\/redsemlac.com\/semmexico\/wp-json\/wp\/v2\/types\/post"}],"author":[{"embeddable":true,"href":"https:\/\/redsemlac.com\/semmexico\/wp-json\/wp\/v2\/users\/3"}],"replies":[{"embeddable":true,"href":"https:\/\/redsemlac.com\/semmexico\/wp-json\/wp\/v2\/comments?post=83808"}],"version-history":[{"count":0,"href":"https:\/\/redsemlac.com\/semmexico\/wp-json\/wp\/v2\/posts\/83808\/revisions"}],"wp:featuredmedia":[{"embeddable":true,"href":"https:\/\/redsemlac.com\/semmexico\/wp-json\/wp\/v2\/media\/39589"}],"wp:attachment":[{"href":"https:\/\/redsemlac.com\/semmexico\/wp-json\/wp\/v2\/media?parent=83808"}],"wp:term":[{"taxonomy":"category","embeddable":true,"href":"https:\/\/redsemlac.com\/semmexico\/wp-json\/wp\/v2\/categories?post=83808"},{"taxonomy":"post_tag","embeddable":true,"href":"https:\/\/redsemlac.com\/semmexico\/wp-json\/wp\/v2\/tags?post=83808"}],"curies":[{"name":"wp","href":"https:\/\/api.w.org\/{rel}","templated":true}]}}