{"id":83565,"date":"2024-06-28T08:02:03","date_gmt":"2024-06-28T14:02:03","guid":{"rendered":"https:\/\/redsemlac.com\/semmexico\/?p=83565"},"modified":"2024-06-28T08:02:03","modified_gmt":"2024-06-28T14:02:03","slug":"tras-la-puerta-del-poder-que-aportan-los-noronas-a-la-politica-y-al-desarrollo-de-mexico","status":"publish","type":"post","link":"https:\/\/redsemlac.com\/semmexico\/tras-la-puerta-del-poder-que-aportan-los-noronas-a-la-politica-y-al-desarrollo-de-mexico\/","title":{"rendered":"Tras la puerta del poder | \u00bfQu\u00e9 aportan los\u00a0noro\u00f1as\u00a0a la pol\u00edtica y al desarrollo de M\u00e9xico?"},"content":{"rendered":"\n<p class=\"wp-block-paragraph\">&nbsp;Roberto Vizca\u00edno<\/p>\n\n\n\n<p class=\"wp-block-paragraph\">SemM\u00e9xico, Ciudad de M\u00e9xico, 28 de junio, 2024.<strong>&#8211; Lily T\u00e9llez<\/strong>&nbsp;con su agudeza y perspicacia, malignidad sin duda, desde la tribuna del Congreso lo nombr\u00f3 como&nbsp;<strong><em>El Changole\u00f3n<\/em><\/strong>&nbsp;de San L\u00e1zaro, del PT.<\/p>\n\n\n\n<p class=\"wp-block-paragraph\">Desde entonces el diputado federal&nbsp;<strong>Gerardo Fern\u00e1ndez Noro\u00f1a<\/strong>&nbsp;carga tambi\u00e9n con el mote.<\/p>\n\n\n\n<p class=\"wp-block-paragraph\">Y es que&nbsp;<strong>Edwin Lanza Vilorio<\/strong>, quien fue el primer&nbsp;<strong>Changole\u00f3n<\/strong>&nbsp;conocido, fue un&nbsp;<strong>Clochard c<\/strong>oyoacanense, vagabundo sin hogar y sin oficio que por su agudeza y sentido caustico del humor se hizo famoso en el programa \u201cInc\u00f3gnito\u201d del comediante&nbsp;<strong>Facundo<\/strong>, que se transmit\u00eda por los 2000 en Televisa.<\/p>\n\n\n\n<p class=\"wp-block-paragraph\">De aspecto sucio y maoliente, con barbas descuidadas, cabello revuelto y desali\u00f1ado, mal cortado, y chimuelo,&nbsp;<strong>El Changole\u00f3n<\/strong>&nbsp;-quien muri\u00f3 el 9 de febrero de 2023- ten\u00eda una imagen con la que el diputado guardaba similitud.<\/p>\n\n\n\n<p class=\"wp-block-paragraph\">A diferencia del diputado&nbsp;<strong>Fern\u00e1ndez Noro\u00f1a<\/strong>, el&nbsp;<strong>Clochard&nbsp;<\/strong>convivi\u00f3 alegremente con grandes personajes de la TV y fue muy popular y apreciado entre los televidentes j\u00f3venes de su \u00e9poca.<\/p>\n\n\n\n<p class=\"wp-block-paragraph\">Divert\u00eda y era estimado.<\/p>\n\n\n\n<p class=\"wp-block-paragraph\">No como&nbsp;<strong>F. Noro\u00f1a<\/strong>&nbsp;qui\u00e9n de entrada es acusado por su expareja&nbsp;<strong>Martha Ang\u00e9lica Ojeda<\/strong>, de maltrato familiar e incumplimiento de pensiones y de ser un \u201csimulador, violento, mentiroso y ambicioso vulgar; corrupto, lavador de dinero y un miembro de la delincuencia organizada\u201d.<\/p>\n\n\n\n<p class=\"wp-block-paragraph\">Arrogante, fastidioso, imprudente, grosero,&nbsp;<strong>Fern\u00e1ndez Noro\u00f1a<\/strong>&nbsp;es abominado por sus muchos otros compa\u00f1eros diputados y en otros \u00e1mbitos pol\u00edticos, y sin duda por muchos ciudadanos.<\/p>\n\n\n\n<p class=\"wp-block-paragraph\">Yo lo recuerdo como un personaje envuelto siempre en el esc\u00e1ndalo y el grito, la injuria y la confrontaci\u00f3n, pero no le conozco ninguna propuesta o iniciativa que merezca ser mencionada.<\/p>\n\n\n\n<p class=\"wp-block-paragraph\">Desgraciadamente no es el \u00fanico en la pol\u00edtica. Hay otros&nbsp;<strong><em>noro\u00f1as<\/em><\/strong>&nbsp;-uno que recuerdo a botepronto:&nbsp;<strong>F\u00e9lix Salgado Macedonio,<\/strong>&nbsp;por ejemplo- que andan por ah\u00ed. Tampoco es cuesti\u00f3n de g\u00e9nero, pues hay se\u00f1oras como una senadora de Morena de Baja California que mienta madres y ofende a diestra y siniestra desde la tribuna, que es muy similar a ambos.<\/p>\n\n\n\n<p class=\"wp-block-paragraph\">Era por dem\u00e1s obvio que ni la nueva presidenta&nbsp;<strong>Claudia Sheinbaum<\/strong>&nbsp;ni el presidente saliente&nbsp;<strong>Andr\u00e9s Manuel L\u00f3pez Obrador<\/strong>&nbsp;lo iban a incluir en sus equipos. Bueno, ni de portero o barrendero.&nbsp;<strong>Simplemente no les es \u00fatil ni confiable<\/strong>.<\/p>\n\n\n\n<p class=\"wp-block-paragraph\"><strong>Fern\u00e1ndez Noro\u00f1a<\/strong>&nbsp;siempre ha servido para denostar a opositores desde las tribunas del Congreso, para \u201creventar\u201d plenarias o reuniones de comisiones, para injuriar a otros pol\u00edticos y funcionarios, para eso sirve, para nada m\u00e1s.<\/p>\n\n\n\n<p class=\"wp-block-paragraph\">De su p\u00e9rdida de realidad e insolencia, habla su exigencia de ser coordinador de los senadores de Morena\u2026 o miembro del Gabinete de&nbsp;<strong>Sheinbaum<\/strong>.<\/p>\n\n\n\n<p class=\"wp-block-paragraph\">\u00bfDe d\u00f3nde sacar\u00eda que pod\u00eda ser tal cosa? El aut\u00e9ntico&nbsp;<strong>Changole\u00f3n<\/strong>&nbsp;era sin duda m\u00e1s prudente y sensato.<\/p>\n\n\n\n<p class=\"wp-block-paragraph\">A falta de suficientes neuronas, \u00bfno tendr\u00e1 un espejo que le diga todos los d\u00edas lo que en realidad es?<\/p>\n\n\n\n<p class=\"wp-block-paragraph\">&nbsp;\u00a1A qu\u00e9&nbsp;<strong>Changole\u00f3n bis!&#8230;&nbsp;<\/strong>hasta el verdadero lo va a repudiar en el limbo donde se encuentre.<\/p>\n\n\n\n<p class=\"wp-block-paragraph\"><strong>LOS VOTANTES \u201c<\/strong><strong><em>NOS DIERON EL PODER REFORMADOR<\/em><\/strong><strong>\u201d: MONREAL Y RIVERA<\/strong><\/p>\n\n\n\n<p class=\"wp-block-paragraph\">En coincidencia, la presidenta del Senado la tlaxcalteca&nbsp;<strong>Ana Lilia Rivera<\/strong>&nbsp;y el coordinador de la bancada de Morena el zacatecano&nbsp;<strong>Ricardo Monreal&nbsp;<\/strong>afirmaron que avanzar en las reformas propuestas por el presidente&nbsp;<strong>Andr\u00e9s Manuel L\u00f3pez Obrador<\/strong>&nbsp;el 5 de febrero anterior no es una imposici\u00f3n, sino un mandato de los votantes.<\/p>\n\n\n\n<p class=\"wp-block-paragraph\">Para la senadora&nbsp;<strong>Rivera&nbsp;<\/strong>la reforma Constitucional del Poder Judicial prevista para ser aprobada en septiembre, se trata de una Reforma de Estado. &nbsp;<\/p>\n\n\n\n<p class=\"wp-block-paragraph\">Para el senador&nbsp;<strong>Ricardo Monreal<\/strong>&nbsp;-quien est\u00e1 previsto sea el coordinador de los diputados federales de Morena a partir de septiembre-, la inauguraci\u00f3n de los di\u00e1logos nacionales sobre la reforma al Poder Judicial son necesarios para socializar e informar esta iniciativa.<\/p>\n\n\n\n<p class=\"wp-block-paragraph\">Afirm\u00f3 que la mayor\u00eda legislativa de Morena y de sus aliados del PT y Verde \u201ctienen toda la disposici\u00f3n de escuchar, debatir y argumentar esta iniciativa, y actuar\u00e1n con prudencia y cautela, y respetar\u00e1n los puntos de vista de las minor\u00edas, as\u00ed como de los miembros del Poder Judicial\u201d.<\/p>\n\n\n\n<p class=\"wp-block-paragraph\">Agreg\u00f3: \u201cpero no vamos a deso\u00edr el mandato popular, nos debemos a \u00e9l y vamos a actuar con congruencia.<\/p>\n\n\n\n<p class=\"wp-block-paragraph\">\u201cVenimos con toda disposici\u00f3n a escuchar, lo que no se hizo en los 45 foros que realiz\u00f3 la C\u00e1mara de Diputados saliente sobre el paquete de 20 reformas planteadas el pasado 5 de febrero, que no merecieron la atenci\u00f3n de los altos funcionarios de justicia o del Poder Judicial.<\/p>\n\n\n\n<p class=\"wp-block-paragraph\">\u201cNosotros tenemos puntos de vista sobre la Reforma que iremos desahogando. Pero advertimos al pa\u00eds y a la poblaci\u00f3n que venimos acompa\u00f1ados de una gran legitimidad\u201d, como resultado de los comicios del 2 de junio.<\/p>\n\n\n\n<p class=\"wp-block-paragraph\">\u201cEl pueblo nos otorg\u00f3 el poder reformador de la Constituci\u00f3n. El pueblo nos otorg\u00f3 el tener Constituyente Permanente\u201d, indic\u00f3.<\/p>\n\n\n\n<p class=\"wp-block-paragraph\">Al iniciar los di\u00e1logos en el Palacio Legislativo de San L\u00e1zaro,&nbsp;<strong>Monreal<\/strong>&nbsp;exhort\u00f3 a los legisladores a que participen en los nueve foros sobre la reforma al Poder Judicial, para que lleguen a un di\u00e1logo fruct\u00edfero y respetuoso.<\/p>\n\n\n\n<p class=\"wp-block-paragraph\">Asegur\u00f3 que, en estos encuentros, los integrantes del Poder Judicial ser\u00e1n tratados con respeto.<\/p>\n\n\n\n<p class=\"wp-block-paragraph\">\u201cLes garantizamos que los vamos a escuchar con respeto y esperamos que haya frutos del di\u00e1logo; si podemos enriquecer, mejorar las iniciativas, fruto de este intercambio, lo haremos con responsabilidad en el Congreso\u201d, afirm\u00f3.<\/p>\n\n\n\n<p class=\"wp-block-paragraph\">Record\u00f3 que este di\u00e1logo para escuchar a ministros, magistrados, jueces, consejeros de la Judicatura y dem\u00e1s integrantes del Poder Judicial, fue una recomendaci\u00f3n de la virtual presidenta electa de M\u00e9xico,&nbsp;<strong>Claudia Sheinbaum<\/strong>, quien, afirm\u00f3, ha actuado con tolerancia, prudencia y generosidad desde el primer mensaje que emiti\u00f3 sobre este tema.<\/p>\n\n\n\n<p class=\"wp-block-paragraph\">\u201cDir\u00eda, sin menoscabo de las facultades que tiene el Congreso de la Uni\u00f3n y sus c\u00e1maras, que la motivaci\u00f3n de celebrar este tipo de encuentros fue provocada por ella\u201d, cerro.<\/p>\n\n\n\n<p class=\"wp-block-paragraph\">\u2026 \/ Twitter: @_Vizcaino \/ Facebook<\/p>\n\n\n\n<p class=\"wp-block-paragraph\">\/&nbsp;<a href=\"https:\/\/www.facebook.com\/rvizcainoa\">https:\/\/www.facebook.com\/rvizcainoa<\/a><\/p>\n","protected":false},"excerpt":{"rendered":"<p>&nbsp;Roberto Vizca\u00edno SemM\u00e9xico, Ciudad de M\u00e9xico, 28 de junio, 2024.&#8211; Lily T\u00e9llez&nbsp;con su agudeza y perspicacia, malignidad sin duda, desde la tribuna del Congreso lo nombr\u00f3 como&nbsp;El Changole\u00f3n&nbsp;de San L\u00e1zaro, del PT. Desde entonces el diputado federal&nbsp;Gerardo Fern\u00e1ndez Noro\u00f1a&nbsp;carga tambi\u00e9n con el mote. Y es que&nbsp;Edwin Lanza Vilorio, quien fue el primer&nbsp;Changole\u00f3n&nbsp;conocido, fue un&nbsp;Clochard coyoacanense, [&hellip;]<\/p>\n","protected":false},"author":3,"featured_media":39589,"comment_status":"open","ping_status":"open","sticky":false,"template":"","format":"standard","meta":{"_monsterinsights_skip_tracking":false,"footnotes":""},"categories":[35,623,622],"tags":[],"class_list":["post-83565","post","type-post","status-publish","format-standard","has-post-thumbnail","category-opinion","category-roberto-vizcaino","category-tras-la-puerta-del-poder"],"_links":{"self":[{"href":"https:\/\/redsemlac.com\/semmexico\/wp-json\/wp\/v2\/posts\/83565","targetHints":{"allow":["GET"]}}],"collection":[{"href":"https:\/\/redsemlac.com\/semmexico\/wp-json\/wp\/v2\/posts"}],"about":[{"href":"https:\/\/redsemlac.com\/semmexico\/wp-json\/wp\/v2\/types\/post"}],"author":[{"embeddable":true,"href":"https:\/\/redsemlac.com\/semmexico\/wp-json\/wp\/v2\/users\/3"}],"replies":[{"embeddable":true,"href":"https:\/\/redsemlac.com\/semmexico\/wp-json\/wp\/v2\/comments?post=83565"}],"version-history":[{"count":0,"href":"https:\/\/redsemlac.com\/semmexico\/wp-json\/wp\/v2\/posts\/83565\/revisions"}],"wp:featuredmedia":[{"embeddable":true,"href":"https:\/\/redsemlac.com\/semmexico\/wp-json\/wp\/v2\/media\/39589"}],"wp:attachment":[{"href":"https:\/\/redsemlac.com\/semmexico\/wp-json\/wp\/v2\/media?parent=83565"}],"wp:term":[{"taxonomy":"category","embeddable":true,"href":"https:\/\/redsemlac.com\/semmexico\/wp-json\/wp\/v2\/categories?post=83565"},{"taxonomy":"post_tag","embeddable":true,"href":"https:\/\/redsemlac.com\/semmexico\/wp-json\/wp\/v2\/tags?post=83565"}],"curies":[{"name":"wp","href":"https:\/\/api.w.org\/{rel}","templated":true}]}}