{"id":83295,"date":"2024-06-24T11:20:47","date_gmt":"2024-06-24T17:20:47","guid":{"rendered":"https:\/\/redsemlac.com\/semmexico\/?p=83295"},"modified":"2024-06-24T11:20:47","modified_gmt":"2024-06-24T17:20:47","slug":"vejeces-diversas-historicamente-invisibilizadas","status":"publish","type":"post","link":"https:\/\/redsemlac.com\/semmexico\/vejeces-diversas-historicamente-invisibilizadas\/","title":{"rendered":"Vejeces diversas, hist\u00f3ricamente invisibilizadas"},"content":{"rendered":"\n<p class=\"wp-block-paragraph\"><strong><em>En M\u00e9xico, cinco millones de personas se identifican con una orientaci\u00f3n sexual LGBTQ+, indic\u00f3 Tamara Mart\u00ednez Ru\u00edz<\/em><\/strong><\/p>\n\n\n\n<p class=\"wp-block-paragraph\"><strong><em>La disidencia no es exclusiva de las juventudes, se\u00f1al\u00f3 Norma Blazquez Graf<\/em><\/strong><\/p>\n\n\n\n<p class=\"wp-block-paragraph\"><strong><em>En las V Jornadas de Vejeces Diversas. Configurando nuestro tiempo hist\u00f3rico, tambi\u00e9n particip\u00f3 Carmen Casas Ratia<\/em><\/strong><\/p>\n\n\n\n<p class=\"wp-block-paragraph\">&nbsp;Redacci\u00f3n<\/p>\n\n\n\n<p class=\"wp-block-paragraph\">SemM\u00e9xico, Ciudad de M\u00e9xico, 24 de junio, 2024.- Las vejeces enfrentan complejos retos como el bienestar financiero, cuidados, salud, libre desarrollo y movilidad, entre otros, afirm\u00f3 la secretaria de Desarrollo Institucional de la UNAM, Tamara Mart\u00ednez Ru\u00edz.<\/p>\n\n\n\n<p class=\"wp-block-paragraph\">Adem\u00e1s, existe un contexto de desigualdad estructural que se vive en nuestro pa\u00eds al pertenecer a la comunidad sexodiversa, ya que se trata de una hist\u00f3ricamente invisibilizada, lo que repercute directamente en el crecimiento integral de las personas y en c\u00f3mo se vive la vejez, asegur\u00f3.<\/p>\n\n\n\n<p class=\"wp-block-paragraph\">Al participar en la inauguraci\u00f3n de las&nbsp;V Jornadas de Vejeces Diversas. Configurando nuestro tiempo hist\u00f3rico, realizadas en la Escuela Nacional de Trabajo Social (ENTS) de la Universidad Nacional, en las que se analiz\u00f3 la problem\u00e1tica de adultos mayores pertenecientes a la comunidad LGBTQ+, a\u00f1adi\u00f3:<\/p>\n\n\n\n<p class=\"wp-block-paragraph\">De acuerdo con informaci\u00f3n de la Encuesta Nacional sobre Diversidad Sexual y de G\u00e9nero de 2021, en M\u00e9xico cinco millones de personas se autoidentifican con una orientaci\u00f3n sexual e identidad de g\u00e9nero LGBTQ+, y cuatro por ciento tiene m\u00e1s de 55 a\u00f1os.<\/p>\n\n\n\n<p class=\"wp-block-paragraph\">\u201cY seg\u00fan datos del Instituto Nacional de las Personas Adultas Mayores en 2019 las personas trans en el pa\u00eds tienen una esperanza de vida de apenas 35 a\u00f1os, en contraste con los 74 para los hombres y 79 para las mujeres de la poblaci\u00f3n en general\u201d, acot\u00f3.<\/p>\n\n\n\n<p class=\"wp-block-paragraph\">Mart\u00ednez Ru\u00edz destac\u00f3 que la UNAM juega un papel fundamental en la promoci\u00f3n de la inclusi\u00f3n y el respeto hacia la comunidad sexodiversa.<\/p>\n\n\n\n<p class=\"wp-block-paragraph\">Estas jornadas son resultado de la colaboraci\u00f3n entre la ENTS, el Centro de Investigaci\u00f3n y Estudios de Trabajo Social en Gerontolog\u00eda de esta Escuela; la Coordinaci\u00f3n para la Igualdad de G\u00e9nero (CIGU); el Seminario Universitario Interdisciplinario sobre Envejecimiento y Vejez (SUIEV); el Instituto de Investigaciones Sociales (IIS); la organizaci\u00f3n \u201cbiENvejecer\u201d; y el foro cultural \u201cSomos Voces\u201d.<\/p>\n\n\n\n<p class=\"wp-block-paragraph\">Norma Blazquez Graf, titular de la CIGU, apunt\u00f3 que en la UNAM nos encontramos frente a un escenario de cambio generacional motivado por los movimientos feministas y de las disidencias sexogen\u00e9ricas, que cada vez hace m\u00e1s posible desafiar los mandatos binarios del orden de g\u00e9nero, en particular entre sectores j\u00f3venes de nuestra comunidad.<\/p>\n\n\n\n<p class=\"wp-block-paragraph\">\u201cEsto pone la atenci\u00f3n en los j\u00f3venes y nos impide reconocer la diversidad sexual y de g\u00e9nero en las generaciones mayores. La disidencia no es exclusiva de las juventudes, de hecho, buena parte de las personas que nos ubicamos por encima de los 60 a\u00f1os formamos parte de las generaciones que en la d\u00e9cada de los 70 y 60 pertenecimos a diferentes movimientos de liberaci\u00f3n sexual que m\u00e1s tarde nutrir\u00edan el activismo LGBTQ+\u201d, se\u00f1al\u00f3.<\/p>\n\n\n\n<p class=\"wp-block-paragraph\">Asegur\u00f3 que a las personas mayores de 60 a\u00f1os debemos la resistencia en momentos clave de la historia de la comunidad LGBTQ+, como la pandemia de VIH-SIDA, el alto a la criminalizaci\u00f3n e intimidaci\u00f3n policiaca hacia las disidencias en espacios p\u00fablicos, as\u00ed como un conjunto de demandas que ahora son reconocidas como derechos humanos, entre ellas la no discriminaci\u00f3n, el matrimonio igualitario y la educaci\u00f3n sexual con perspectiva de diversidades.<\/p>\n\n\n\n<figure class=\"wp-block-image\"><img decoding=\"async\" src=\"https:\/\/lh7-us.googleusercontent.com\/docsz\/AD_4nXcjeCPxIC6NtX3CSUA5TKd4wrcCzQT1k-acJbj4Z8UjMKJqwsZ7HjWpl103KpA8Dc-C2jPJRrrbwWRujgPfv0QFi8j_ArabuWNz88rIsGSzDYgVz4_gfin-SFdnXDzJ0f-sb2N8_vdmElU8HRhNWPcM6KCRKysB4_dsMhn8BbAD4HcFRfYdft4?key=PnZDaeh86YpOC17kGHkj_w\" alt=\"Un grupo de personas en un auditorio\n\nDescripci\u00f3n generada autom\u00e1ticamente\"\/><\/figure>\n\n\n\n<p class=\"wp-block-paragraph\">En su oportunidad, la directora de la ENTS, Carmen Casas Ratia, coment\u00f3 que el evento busca celebrar&nbsp;a las instituciones hist\u00f3ricas en la defensa de los derechos de las personas de la diversidad sexual que han envejecido en sus filas.<\/p>\n\n\n\n<p class=\"wp-block-paragraph\">\u201cEl programa es un recorrido hist\u00f3rico iniciando en los 80, pasando por los movimientos lesbofeministas de los 90, la lucha por los derechos de las personas VIH y las identidades trans a principios del siglo XXI\u201d, detall\u00f3.<\/p>\n\n\n\n<p class=\"wp-block-paragraph\">Ver\u00f3nica Montes de Oca Zavala, investigadora del IIS y coordinadora del SUIEV, agreg\u00f3 que esta actividad acad\u00e9mica busca escuchar vivencias y experiencias de diversos grupos, sus resistencias y luchas que hacen posible que hoy nos sentemos a discutir estos temas.<\/p>\n\n\n\n<p class=\"wp-block-paragraph\">Las vejeces diversas han luchado desde hace d\u00e9cadas por hacer visibles las prerrogativas por la justicia y la dignidad de la vida en disidencia, manifest\u00f3.<\/p>\n\n\n\n<p class=\"wp-block-paragraph\">Graciela Casas Torres, profesora de la ENTS y titular del Centro de Investigaci\u00f3n y Estudios de Trabajo Social en Gerontolog\u00eda, record\u00f3 que esa Escuela es pionera en los estudios sobre esta tem\u00e1tica.<\/p>\n\n\n\n<p class=\"wp-block-paragraph\">\u201cCuando yo era estudiante la comunidad LGBTQ+ era ignorada en el mejor de los casos, si es que agredida. Hoy es muy importante que haya un reconocimiento de derechos humanos y que en la Universidad Nacional estemos trabajando sobre estos temas\u201d, consider\u00f3.<\/p>\n\n\n\n<p class=\"wp-block-paragraph\">Asimismo, Arturo Arcos Soto, psic\u00f3logo, activista y director del canal de Youtube \u201cbiENvejecer\u201d, celebr\u00f3 que la UNAM apoye este tema y tenga inter\u00e9s por conocerlos a partir de la academia.<\/p>\n\n\n\n<p class=\"wp-block-paragraph\">Personas mayores se han enfrentado a situaciones de vida bastante adversas, inclusive desde la ni\u00f1ez: el rechazo y expulsi\u00f3n desde sus hogares, la violencia escolar, los despidos injustificados, la extorsi\u00f3n policiaca, las razias y el encarcelamiento, el SIDA y los matrimonios forzados. Actualmente, se siguen enfrentando a la invisibilizaci\u00f3n, indiferencia y rechazo, finaliz\u00f3.<\/p>\n","protected":false},"excerpt":{"rendered":"<p>En M\u00e9xico, cinco millones de personas se identifican con una orientaci\u00f3n sexual LGBTQ+, indic\u00f3 Tamara Mart\u00ednez Ru\u00edz La disidencia no es exclusiva de las juventudes, se\u00f1al\u00f3 Norma Blazquez Graf En las V Jornadas de Vejeces Diversas. Configurando nuestro tiempo hist\u00f3rico, tambi\u00e9n particip\u00f3 Carmen Casas Ratia &nbsp;Redacci\u00f3n SemM\u00e9xico, Ciudad de M\u00e9xico, 24 de junio, 2024.- Las [&hellip;]<\/p>\n","protected":false},"author":3,"featured_media":83296,"comment_status":"open","ping_status":"open","sticky":false,"template":"","format":"standard","meta":{"_monsterinsights_skip_tracking":false,"footnotes":""},"categories":[45,748],"tags":[],"class_list":["post-83295","post","type-post","status-publish","format-standard","has-post-thumbnail","category-cultura","category-cultura-feminista"],"_links":{"self":[{"href":"https:\/\/redsemlac.com\/semmexico\/wp-json\/wp\/v2\/posts\/83295","targetHints":{"allow":["GET"]}}],"collection":[{"href":"https:\/\/redsemlac.com\/semmexico\/wp-json\/wp\/v2\/posts"}],"about":[{"href":"https:\/\/redsemlac.com\/semmexico\/wp-json\/wp\/v2\/types\/post"}],"author":[{"embeddable":true,"href":"https:\/\/redsemlac.com\/semmexico\/wp-json\/wp\/v2\/users\/3"}],"replies":[{"embeddable":true,"href":"https:\/\/redsemlac.com\/semmexico\/wp-json\/wp\/v2\/comments?post=83295"}],"version-history":[{"count":0,"href":"https:\/\/redsemlac.com\/semmexico\/wp-json\/wp\/v2\/posts\/83295\/revisions"}],"wp:featuredmedia":[{"embeddable":true,"href":"https:\/\/redsemlac.com\/semmexico\/wp-json\/wp\/v2\/media\/83296"}],"wp:attachment":[{"href":"https:\/\/redsemlac.com\/semmexico\/wp-json\/wp\/v2\/media?parent=83295"}],"wp:term":[{"taxonomy":"category","embeddable":true,"href":"https:\/\/redsemlac.com\/semmexico\/wp-json\/wp\/v2\/categories?post=83295"},{"taxonomy":"post_tag","embeddable":true,"href":"https:\/\/redsemlac.com\/semmexico\/wp-json\/wp\/v2\/tags?post=83295"}],"curies":[{"name":"wp","href":"https:\/\/api.w.org\/{rel}","templated":true}]}}