{"id":83245,"date":"2024-06-22T14:05:08","date_gmt":"2024-06-22T20:05:08","guid":{"rendered":"https:\/\/redsemlac.com\/semmexico\/?p=83245"},"modified":"2024-06-22T14:05:08","modified_gmt":"2024-06-22T20:05:08","slug":"periodistas-de-guerrero-acusan-hostigamiento-al-ine-presentan-queja-ante-la-cndh","status":"publish","type":"post","link":"https:\/\/redsemlac.com\/semmexico\/periodistas-de-guerrero-acusan-hostigamiento-al-ine-presentan-queja-ante-la-cndh\/","title":{"rendered":"Periodistas de Guerrero acusan hostigamiento al INE, presentan queja ante la CNDH"},"content":{"rendered":"\n<ul class=\"wp-block-list\">\n<li>El problema inici\u00f3 tras la publicaci\u00f3n de una caricatura que incomod\u00f3 a virtual senadora<\/li>\n\n\n\n<li>La ex perredista ahora morenista Beatriz Mojica se\u00f1al\u00f3 de autoritario a AMLO<\/li>\n<\/ul>\n\n\n\n<p class=\"wp-block-paragraph\">Fernando Garc\u00eda<\/p>\n\n\n\n<p class=\"wp-block-paragraph\">SemM\u00e9xico\/Ceprovysa, Acapulco, Gro., 22 de junio, 2024.- Por atentar contra la libertad de expresi\u00f3n, hostigar y perseguir a un grupo de periodistas, periodistas presentaron una queja grupal ante la Comisi\u00f3n Nacional de Derechos Humanos, delegaci\u00f3n Acapulco en contra del INE, luego de una denuncia interpuesta por la senadora electa, Beatriz Mojica Morga.<\/p>\n\n\n\n<p class=\"wp-block-paragraph\">La virtual Senadora de Morena inici\u00f3 una denuncia ante el Instituto Nacional Electoral (INE) por el delito tipificado como violencia pol\u00edtica contra las mujeres en raz\u00f3n de g\u00e9nero en contra del caricaturista Ignacio Hern\u00e1ndez Meneses.<\/p>\n\n\n\n<p class=\"wp-block-paragraph\">Est\u00e1 denuncia llevada a cabo por la Unidad T\u00e9cnica de lo Contencioso Electoral, se deriva luego de una publicaci\u00f3n de un cart\u00f3n informativo en 2017 por Hern\u00e1ndez Meneses, basado en una declaraci\u00f3n hecha por la senadora electa en la que calificaba de autoritario al presidente, Andr\u00e9s Manuel L\u00f3pez Obrador, siendo ella en ese entonces dirigente nacional del Partido de la Revoluci\u00f3n Democr\u00e1tica, PRD.<\/p>\n\n\n\n<p class=\"wp-block-paragraph\">El pasado 17 de mayo, la ahora virtual senadora present\u00f3 una denuncia contra el caricaturista y los periodistas Francisco C\u00e1rdenas L\u00f3pez y Ang\u00e9lica Ontiveros del portal de noticias Libertad Guerrero Noticias, as\u00ed como de Isabel Ortega de la Agencia Ceprovysa.<\/p>\n\n\n\n<p class=\"wp-block-paragraph\">En esa misma fecha, explican los afectados, inici\u00f3 la persecuci\u00f3n de parte del INE en contra de los periodistas se\u00f1alados por Beatriz Mojica Morga, ya que fueron notificados por el personal del INE en sus domicilios en horas no laborables, por la noche, y durante un convivio realizado el pasado 7 de junio, por el D\u00eda de la Libertad de Expresi\u00f3n.<\/p>\n\n\n\n<p class=\"wp-block-paragraph\">Ante esas circunstancias y con el apoyo de la organizaci\u00f3n internacional Reporteros sin Fronteras presentaron una queja ante la Comisi\u00f3n Nacional de Derechos Humanos CNDH, con sede en Acapulco, ante una posible violaci\u00f3n al derecho de informar y de libertad de expresi\u00f3n consagrados en la Constituci\u00f3n mexicana.<\/p>\n\n\n\n<p class=\"wp-block-paragraph\">SEM-Ceprovysa<\/p>\n","protected":false},"excerpt":{"rendered":"<p>Por atentar contra la libertad de expresi\u00f3n, hostigar y perseguir a un grupo de periodistas, periodistas presentaron una queja grupal ante la Comisi\u00f3n Nacional de Derechos Humanos, delegaci\u00f3n Acapulco en contra del INE, luego de una denuncia interpuesta por la senadora electa, Beatriz Mojica Morga.<\/p>\n","protected":false},"author":3,"featured_media":83246,"comment_status":"open","ping_status":"open","sticky":false,"template":"","format":"standard","meta":{"_monsterinsights_skip_tracking":false,"footnotes":""},"categories":[55],"tags":[],"class_list":["post-83245","post","type-post","status-publish","format-standard","has-post-thumbnail","category-periodistas"],"_links":{"self":[{"href":"https:\/\/redsemlac.com\/semmexico\/wp-json\/wp\/v2\/posts\/83245","targetHints":{"allow":["GET"]}}],"collection":[{"href":"https:\/\/redsemlac.com\/semmexico\/wp-json\/wp\/v2\/posts"}],"about":[{"href":"https:\/\/redsemlac.com\/semmexico\/wp-json\/wp\/v2\/types\/post"}],"author":[{"embeddable":true,"href":"https:\/\/redsemlac.com\/semmexico\/wp-json\/wp\/v2\/users\/3"}],"replies":[{"embeddable":true,"href":"https:\/\/redsemlac.com\/semmexico\/wp-json\/wp\/v2\/comments?post=83245"}],"version-history":[{"count":0,"href":"https:\/\/redsemlac.com\/semmexico\/wp-json\/wp\/v2\/posts\/83245\/revisions"}],"wp:featuredmedia":[{"embeddable":true,"href":"https:\/\/redsemlac.com\/semmexico\/wp-json\/wp\/v2\/media\/83246"}],"wp:attachment":[{"href":"https:\/\/redsemlac.com\/semmexico\/wp-json\/wp\/v2\/media?parent=83245"}],"wp:term":[{"taxonomy":"category","embeddable":true,"href":"https:\/\/redsemlac.com\/semmexico\/wp-json\/wp\/v2\/categories?post=83245"},{"taxonomy":"post_tag","embeddable":true,"href":"https:\/\/redsemlac.com\/semmexico\/wp-json\/wp\/v2\/tags?post=83245"}],"curies":[{"name":"wp","href":"https:\/\/api.w.org\/{rel}","templated":true}]}}