{"id":83202,"date":"2024-06-20T16:03:06","date_gmt":"2024-06-20T22:03:06","guid":{"rendered":"https:\/\/redsemlac.com\/semmexico\/?p=83202"},"modified":"2024-06-20T16:04:15","modified_gmt":"2024-06-20T22:04:15","slug":"acnur-120-millones-de-personas-en-el-mundo-son-desplazadas-de-su-lugar-de-origen","status":"publish","type":"post","link":"https:\/\/redsemlac.com\/semmexico\/acnur-120-millones-de-personas-en-el-mundo-son-desplazadas-de-su-lugar-de-origen\/","title":{"rendered":"ACNUR: 120 millones de personas en el mundo son desplazadas de su lugar de origen"},"content":{"rendered":"\n<p class=\"wp-block-paragraph\">\u00b7 Este d\u00eda el mundo conmemora la fuerza y el valor de las personas que se han visto forzadas a huir de su pa\u00eds<\/p>\n\n\n\n<p class=\"wp-block-paragraph\">\u00b7 Colombia lidera los esfuerzos de soluci\u00f3n innovadoras para las personas desplazadas internas<\/p>\n\n\n\n<p class=\"wp-block-paragraph\">Elda Montiel<\/p>\n\n\n\n<p class=\"wp-block-paragraph\">SemM\u00e9xico, Ciudad de M\u00e9xico, 20 de junio, 2024.- 120 millones de personas en el mundo son desplazadas de su lugar de origen. Esto equivale a poco menos de la poblaci\u00f3n que habita en el territorio mexicano.<\/p>\n\n\n\n<p class=\"wp-block-paragraph\">M\u00e1s de la mitad de las personas que solicitan asilo como en M\u00e9xico son mujeres, ni\u00f1as y ni\u00f1os para quienes son fundamentales el acceso a la educaci\u00f3n, a los derechos culturales y a la informaci\u00f3n en las sociedades de acogida para la integraci\u00f3n y el bienestar de las personas refugiadas.<\/p>\n\n\n\n<p class=\"wp-block-paragraph\">El 20 de junio de cada a\u00f1o, el mundo conmemora la fuerza y el valor de las personas que se han visto forzadas a huir de su pa\u00eds de origen para escapar del conflicto o la persecuci\u00f3n, este a\u00f1o la Agencia de la ONU para refugiados, ACNUR en M\u00e9xico ha programado diversos eventos como el Palomazo por las Personas Refugiadas que ser\u00e1 el d\u00eda 28 de junio a las 19:30 horas, en la Sala Nezahualc\u00f3yotl de la UNAM, con m\u00fasica de la Santa Cecilia, Ximena Sari\u00f1ana, Pascual Reyes y artistas refugiados.<\/p>\n\n\n\n<p class=\"wp-block-paragraph\">En este contexto las Am\u00e9ricas acogen a 23 millones de personas protegidas o asistidas por los Estados, la ONU y organizaciones socias. Los Estados Unidos recibieron el mayor n\u00famero de refugiados reasentados a nivel mundial, en 2023, con 75 mil 100 personas, seguidos de Canad\u00e1, con casi 51 mil 100 refugiados. Adem\u00e1s, Brasil, Colombia, Per\u00fa y Ecuador est\u00e1n llevando a cabo vastos programas de regularizaci\u00f3n para personas refugiadas y migrantes vulnerables, garantizando la documentaci\u00f3n y el acceso a los servicios.<\/p>\n\n\n\n<p class=\"wp-block-paragraph\">A finales de 2023, los pa\u00edses de la regi\u00f3n tambi\u00e9n acog\u00edan a la mayor\u00eda de las personas refugiadas y migrantes de Venezuela. Adem\u00e1s, en la regi\u00f3n Colombia lidera los esfuerzos para poner en marcha soluciones innovadoras para las personas desplazadas internas.<\/p>\n\n\n\n<p class=\"wp-block-paragraph\">Los pa\u00edses de las Am\u00e9ricas conmemoran este a\u00f1o el 40 Aniversario de la Declaraci\u00f3n de Cartagena sobre los Refugiados de 1984, un proceso liderado por el Gobierno de Chile, con el apoyo de los gobiernos de Brasil, Colombia y M\u00e9xico. El proceso culminar\u00e1 con la adopci\u00f3n de una nueva Declaraci\u00f3n y Plan de Acci\u00f3n: una aplicaci\u00f3n regional del Pacto Mundial sobre Refugiados. El esp\u00edritu de Cartagena mantiene sus ra\u00edces en la protecci\u00f3n y las soluciones, promoviendo la solidaridad, la cooperaci\u00f3n internacional y la responsabilidad compartida.<\/p>\n\n\n\n<p class=\"wp-block-paragraph\">Este a\u00f1o en M\u00e9xico por primera vez se suman a este proyecto la Oficina en M\u00e9xico del Alto Comisionado de las Naciones Unidas para los Derechos Humanos (ONU-DH), la Entidad de las Naciones Unidas para la Igualdad de G\u00e9nero y el Empoderamiento de las Mujeres (ONU Mujeres) y la Oficina de la Organizaci\u00f3n de las Naciones Unidas para la Educaci\u00f3n, Ciencias, Cultura, Comunicaci\u00f3n e Informaci\u00f3n (UNESCO), cuya participaci\u00f3n refuerza la importancia que tiene el derecho a solicitar asilo.<\/p>\n\n\n\n<p class=\"wp-block-paragraph\">ACNUR se\u00f1ala que las personas refugiadas necesitan nuestra solidaridad ahora m\u00e1s que nunca. Solidaridad significa mantener nuestras puertas abiertas, celebrar sus puntos fuertes y sus logros, y reflexionar sobre los retos a los que se enfrentan.<\/p>\n\n\n\n<p class=\"wp-block-paragraph\">La solidaridad con las personas que se ven forzadas a huir tambi\u00e9n significa encontrar soluciones a su dif\u00edcil situaci\u00f3n: poner fin a los conflictos para que puedan regresar a sus hogares en condiciones de seguridad, garantizar que tengan oportunidades de prosperar en las comunidades que les han acogido y proporcionar a los pa\u00edses los recursos que necesitan para incluir y apoyar a la poblaci\u00f3n refugiada.<\/p>\n\n\n\n<p class=\"wp-block-paragraph\">En todo el mundo, m\u00e1s de 5 millones de personas desplazadas internas y un mill\u00f3n de personas refugiadas retornaron a sus hogares en 2023; estas cifras muestran ciertos avances hacia soluciones a m\u00e1s largo plazo. Otro dato positivo es que las llegadas por reasentamiento aumentaron a 154.300 en 2023.<\/p>\n\n\n\n<figure class=\"wp-block-image size-full\"><a href=\"https:\/\/redsemlac.com\/semmexico\/wp-content\/uploads\/2024\/06\/image-2.png\"><img loading=\"lazy\" decoding=\"async\" width=\"900\" height=\"505\" src=\"https:\/\/redsemlac.com\/semmexico\/wp-content\/uploads\/2024\/06\/image-2.png\" alt=\"\" class=\"wp-image-83204\"\/><\/a><\/figure>\n\n\n\n<p class=\"wp-block-paragraph\">SEM\/em\/sj<\/p>\n","protected":false},"excerpt":{"rendered":"<p>M\u00e1s de la mitad de las personas que solicitan asilo como en M\u00e9xico son mujeres, ni\u00f1as y ni\u00f1os para quienes son fundamentales el acceso a la educaci\u00f3n, a los derechos culturales y a la informaci\u00f3n en las sociedades de acogida para la integraci\u00f3n y el bienestar de las personas refugiadas.<\/p>\n","protected":false},"author":3,"featured_media":83206,"comment_status":"open","ping_status":"open","sticky":false,"template":"","format":"standard","meta":{"_monsterinsights_skip_tracking":false,"footnotes":""},"categories":[53],"tags":[],"class_list":["post-83202","post","type-post","status-publish","format-standard","has-post-thumbnail","category-internacional"],"_links":{"self":[{"href":"https:\/\/redsemlac.com\/semmexico\/wp-json\/wp\/v2\/posts\/83202","targetHints":{"allow":["GET"]}}],"collection":[{"href":"https:\/\/redsemlac.com\/semmexico\/wp-json\/wp\/v2\/posts"}],"about":[{"href":"https:\/\/redsemlac.com\/semmexico\/wp-json\/wp\/v2\/types\/post"}],"author":[{"embeddable":true,"href":"https:\/\/redsemlac.com\/semmexico\/wp-json\/wp\/v2\/users\/3"}],"replies":[{"embeddable":true,"href":"https:\/\/redsemlac.com\/semmexico\/wp-json\/wp\/v2\/comments?post=83202"}],"version-history":[{"count":0,"href":"https:\/\/redsemlac.com\/semmexico\/wp-json\/wp\/v2\/posts\/83202\/revisions"}],"wp:featuredmedia":[{"embeddable":true,"href":"https:\/\/redsemlac.com\/semmexico\/wp-json\/wp\/v2\/media\/83206"}],"wp:attachment":[{"href":"https:\/\/redsemlac.com\/semmexico\/wp-json\/wp\/v2\/media?parent=83202"}],"wp:term":[{"taxonomy":"category","embeddable":true,"href":"https:\/\/redsemlac.com\/semmexico\/wp-json\/wp\/v2\/categories?post=83202"},{"taxonomy":"post_tag","embeddable":true,"href":"https:\/\/redsemlac.com\/semmexico\/wp-json\/wp\/v2\/tags?post=83202"}],"curies":[{"name":"wp","href":"https:\/\/api.w.org\/{rel}","templated":true}]}}