{"id":83178,"date":"2024-06-20T11:24:51","date_gmt":"2024-06-20T17:24:51","guid":{"rendered":"https:\/\/redsemlac.com\/semmexico\/?p=83178"},"modified":"2024-06-20T11:24:52","modified_gmt":"2024-06-20T17:24:52","slug":"paro-por-acoso-sexual-en-el-centro-de-actualizacion-del-magisterio","status":"publish","type":"post","link":"https:\/\/redsemlac.com\/semmexico\/paro-por-acoso-sexual-en-el-centro-de-actualizacion-del-magisterio\/","title":{"rendered":"Paro por acoso sexual en el Centro de Actualizaci\u00f3n del magisterio"},"content":{"rendered":"\n<p class=\"wp-block-paragraph\">Abel Miranda Ayala (texto y foto)<\/p>\n\n\n\n<p class=\"wp-block-paragraph\">SemM\u00e9xico\/Ceprovysa,\u00a0 Chilpancingo, Guerrero,\u00a0 20 de junio, 2024.- Estudiantes, hombres y mujeres\u00a0 del Centro de Actualizaci\u00f3n del Magisterio iniciaron un paro de labores y toma de sus instalaciones para exigir regularizaci\u00f3n escolar y en protesta por abusos y acoso sexual.<\/p>\n\n\n\n<p class=\"wp-block-paragraph\">Piden a los maestros que act\u00faen con seriedad en la impartici\u00f3n de las materias apeg\u00e1ndose a lo que establece el plan de estudios, en el que se deber\u00eda haber realizado un proyecto integral desde el inicio del semestre y los maestros pretenden que se haga en una semana, mientras que todo el semestre se realizaron actividades que no est\u00e1n evaluando.<\/p>\n\n\n\n<p class=\"wp-block-paragraph\"><br>Adem\u00e1s las alumnas denunciaron ser v\u00edctimas de acoso sexual de manera permanente de parte de maestros de la instituci\u00f3n que les llaman por la madrugada en estado de ebriedad y las han amenazado con reprobarlas si no acceden a tener una relaci\u00f3n con ellos.<\/p>\n\n\n\n<p class=\"wp-block-paragraph\"><br>Espec\u00edficamente se refirieron al maestro Antonio ( no dijeron su nombre compleo)&nbsp; quien imparte una actividad complementaria y consideran que tiene un grave problema de alcoholismo porque muchas ocasiones ha llegado en estado de ebriedad a impartir clases.<\/p>\n\n\n\n<p class=\"wp-block-paragraph\"><br>La joven Mar\u00eda Guadarrama se\u00f1al\u00f3 que el director del plantel los ha atendido como amabilidad, les ofreci\u00f3 respaldo para revisar que es lo que est\u00e1 pasando al interior del plantel, pero lamentablemente no hizo nada, todo sigue igual, los profesores hacen lo que quieren, no se apegan a los plantes de estudios y quieren cumplir con una obligaci\u00f3n que se debi\u00f3 proyectar desde el inicio del semestre en la \u00faltima semana de clases.<\/p>\n\n\n\n<p class=\"wp-block-paragraph\"><br>Nos piden hacer el proyecto pero ni siquiera nos dicen como, traemos lo que consideramos que es y nom\u00e1s nos dicen que est\u00e1 mal pero no en qu\u00e9 est\u00e1 mal, y lo tenemos que arreglar de la noche a la ma\u00f1ana otra vez con lo que creemos que pueda estar bien\u201d.<\/p>\n\n\n\n<p class=\"wp-block-paragraph\"><br>Estudiantes quienes est\u00e1n laboralmente con adscripci\u00f3n en la Secretar\u00eda de Educaci\u00f3n Guerrero y en esta instituci\u00f3n se preparan para poder aspirar a tener una mejora en el \u00e1mbito laboral a trav\u00e9s de recategorizaciones o incluso cambios de plazas, se\u00f1alaron que la irresponsabilidad de quienes est\u00e1n a cargo de la instituci\u00f3n es tan grande que algunos compa\u00f1eros que terminaron en a\u00f1os anteriores perdieron plazas porque no les emitieron las constancias legales de haber concluido la carrera.<\/p>\n\n\n\n<p class=\"wp-block-paragraph\"><br>\u201cNosotros los conminamos a que se apeguen a lo \u00e9tico, que den las clases conforme a lo que marca el plan de estudios y que se conduzcan con respeto especialmente con las mujeres, que dejen de hostigarlas y acosarlas\u201d.<\/p>\n","protected":false},"excerpt":{"rendered":"<p>Estudiantes, hombres y mujeres\u00a0 del Centro de Actualizaci\u00f3n del Magisterio iniciaron un paro de labores y toma de sus instalaciones para exigir regularizaci\u00f3n escolar y en protesta por abusos y acoso sexual.<\/p>\n","protected":false},"author":3,"featured_media":83179,"comment_status":"open","ping_status":"open","sticky":false,"template":"","format":"standard","meta":{"_monsterinsights_skip_tracking":false,"footnotes":""},"categories":[682],"tags":[],"class_list":["post-83178","post","type-post","status-publish","format-standard","has-post-thumbnail","category-noticias"],"_links":{"self":[{"href":"https:\/\/redsemlac.com\/semmexico\/wp-json\/wp\/v2\/posts\/83178","targetHints":{"allow":["GET"]}}],"collection":[{"href":"https:\/\/redsemlac.com\/semmexico\/wp-json\/wp\/v2\/posts"}],"about":[{"href":"https:\/\/redsemlac.com\/semmexico\/wp-json\/wp\/v2\/types\/post"}],"author":[{"embeddable":true,"href":"https:\/\/redsemlac.com\/semmexico\/wp-json\/wp\/v2\/users\/3"}],"replies":[{"embeddable":true,"href":"https:\/\/redsemlac.com\/semmexico\/wp-json\/wp\/v2\/comments?post=83178"}],"version-history":[{"count":0,"href":"https:\/\/redsemlac.com\/semmexico\/wp-json\/wp\/v2\/posts\/83178\/revisions"}],"wp:featuredmedia":[{"embeddable":true,"href":"https:\/\/redsemlac.com\/semmexico\/wp-json\/wp\/v2\/media\/83179"}],"wp:attachment":[{"href":"https:\/\/redsemlac.com\/semmexico\/wp-json\/wp\/v2\/media?parent=83178"}],"wp:term":[{"taxonomy":"category","embeddable":true,"href":"https:\/\/redsemlac.com\/semmexico\/wp-json\/wp\/v2\/categories?post=83178"},{"taxonomy":"post_tag","embeddable":true,"href":"https:\/\/redsemlac.com\/semmexico\/wp-json\/wp\/v2\/tags?post=83178"}],"curies":[{"name":"wp","href":"https:\/\/api.w.org\/{rel}","templated":true}]}}