{"id":83016,"date":"2024-06-16T16:46:34","date_gmt":"2024-06-16T22:46:34","guid":{"rendered":"https:\/\/redsemlac.com\/semmexico\/?p=83016"},"modified":"2024-06-16T16:46:34","modified_gmt":"2024-06-16T22:46:34","slug":"pro-paternidad-la-iniciativa-que-busca-que-padres-ejerzan-con-responsabilidad","status":"publish","type":"post","link":"https:\/\/redsemlac.com\/semmexico\/pro-paternidad-la-iniciativa-que-busca-que-padres-ejerzan-con-responsabilidad\/","title":{"rendered":"Pro Paternidad; la iniciativa que busca que padres ejerzan con responsabilidad"},"content":{"rendered":"<p>Pro Paternidad; la iniciativa que busca que padres ejerzan con responsabilidad<\/p>\n<p>Pro Paternidad es una iniciativa que naci\u00f3 en Guanajuato y busca que los padres ejerzan sus derechos para con sus hijos. | Foto: Mois\u00e9s Pablo Nava \/ Cuartoscuro.com<\/p>\n<p>El abogado Ricardo Garc\u00eda, creador de la iniciativa, expuso que hay muchos casos en donde por desconocimiento los padres pierden su patrimonio y otros no pueden ejercer patria potestad<\/p>\n<p>Fernanda Gardu\u00f1o Garc\u00eda<\/p>\n<p>SemM\u00e9xico\/ El Sol de Irapuato, 16 de junio, 2024.- Aunque en general son menos sonados, los casos de\u00a0violencia en contra de padres de familia\u00a0son situaciones que existen y en muchas instancias no se les da la importancia debida, algo que el abogado Ricardo Agust\u00edn Garc\u00eda Salcedo busca remediar.<\/p>\n<p>Derivado de esto, Garc\u00eda Salcedo comenz\u00f3 a construir una iniciativa que pueda ayudar a todos estos hombres para que\u00a0ejerzan su derecho a la paternidad.<\/p>\n<p>La iniciativa naci\u00f3 en la escuela de barber\u00eda del abogado, en donde llegan decenas de hombres que quieren aprender el oficio y autoemplearse. Fue de esa forma que poco a poco conoci\u00f3 casos en los que muchos\u00a0padres de familia necesitaban apoyo legal para ejercer su paternidad.<\/p>\n<p>\u201cComo abogado especialista en derecho familiar tengo muchos asuntos en el juzgado. En el \u00faltimo mes me he dado cuenta de que la mayor\u00eda de los hombres\u00a0sufren de violencia patrimonial, econ\u00f3mica, psicol\u00f3gica\u00a0pero no se les da la atenci\u00f3n\u201d, dijo.<\/p>\n<p>Expuso que se trata de casos en los que \u201cpagan justos por pecadores\u201d y la intenci\u00f3n de este proyecto es\u00a0apoyar a todos los padres que quedan en el desamparo legal, a quienes s\u00ed buscan hacerse responsables de sus hijas e hijos.<\/p>\n<p>\u201cA veces se utiliza el recurso de la violencia familiar para sacarlos de sus casas, del domicilio conyugal donde ellos ejercen su patria potestad y guardia custodia con su pareja\u00bb.<\/p>\n<p><strong>Los estados van un poco lentos en muchas cosas, sobre todo en la cuesti\u00f3n de adaptaci\u00f3n de leyes,<\/strong><\/p>\n<p>\u201cLa idea nace con base en todos los divorcios que he llevado, casos de pensi\u00f3n alimenticia, guardia y custodia e inclusive gente que ha perdido la patria potestad por desobligarse, no cumplir con sus obligaciones y violencia familiar, que son uno de los temas m\u00e1s fuertes, pero tambi\u00e9n los m\u00e1s recurrentes\u201d, relat\u00f3.<\/p>\n<p><strong>Urge hacer valer derechos de los padres<\/strong><\/p>\n<p>El abogado irapuatense explic\u00f3 que a nivel nacional a\u00fan existen muchos retos por superar en cuanto a la legislaci\u00f3n en materia familiar, particularmente asuntos como las\u00a0licencias por paternidad, de taller de guarda y custodia y hasta el padr\u00f3n de deudores alimentarios.<\/p>\n<p>Por esta situaci\u00f3n, Ricardo Garc\u00eda cre\u00f3 la iniciativa\u00a0Pro Paternidad,\u00a0la cual pretende replicar a todo el pa\u00eds, pues asegur\u00f3 que aunque algunos de estos aspectos ya est\u00e1n considerados en las legislaciones federales, se requiere adaptar los criterios a las leyes estatales para brindar certeza a todos aquellos\u00a0padres que buscan tener v\u00ednculos y participaci\u00f3n equitativa en la crianza de sus hijas e hijos<strong>.<\/strong><\/p>\n<p><strong><em>Es un buen paso para la equidad que el hombre siga estando ah\u00ed y no solamente sea la responsabilidad al procrear al ni\u00f1o, sino estar ah\u00ed en la cuarentena, que es la parte m\u00e1s dif\u00edcil: Ricardo Agust\u00edn Garc\u00eda Salcedo <\/em><\/strong><\/p>\n<p>En entrevista con Organizaci\u00f3n Editorial Mexicana, coment\u00f3 que aunque hay legislaciones, como la\u00a0Ley de Permisos por Paternidad, la cual est\u00e1 considerada en la ley federal, a\u00fan falta incluirla por medio de una modificaci\u00f3n a los C\u00f3digos Civiles y Familiares de los estados.<\/p>\n<p>\u201cLos estados van un poco lentos en muchas cosas, sobre todo en la cuesti\u00f3n de adaptaci\u00f3n de leyes, tenemos esta parte de la ley, que es muy buena, porque a veces la mujer cuando nace el beb\u00e9 \u00bfQui\u00e9n les va a ayudar? No hay nadie m\u00e1s que les ayude, ni modo que le ayude su hija de nueve a\u00f1os, opino entonces que es un buen paso para la equidad, que el hombre siga estando ah\u00ed y no solamente sea la responsabilidad al procrear al ni\u00f1o, sino estar ah\u00ed en la cuarentena, que es la parte m\u00e1s dif\u00edcil\u201d, dijo.<\/p>\n<p><a href=\"https:\/\/redsemlac.com\/semmexico\/wp-content\/uploads\/2024\/06\/pro-pater-02.jpg\"><img loading=\"lazy\" decoding=\"async\" class=\"alignnone size-medium wp-image-83019\" src=\"https:\/\/redsemlac.com\/semmexico\/wp-content\/uploads\/2024\/06\/pro-pater-02-300x191.jpg\" alt=\"\" width=\"300\" height=\"191\" \/><\/a><\/p>\n<p>El abogado Ricardo Agust\u00edn Garc\u00eda Salcedo busca que haya una paternidad responsable. | Foto: Mois\u00e9s Pablo Nava \/ Cuartoscuro.com<\/p>\n<p>Por ello, urgi\u00f3 a voltear a ver proyectos como la que \u00e9l ha impulsado con la iniciativa\u00a0Pro Paternidad, que busca adem\u00e1s de garantizar los derechos de los padres, el bien superior del ni\u00f1o, ni\u00f1a o adolescente.<\/p>\n<p>\u201cYa existe un C\u00f3digo Nacional de Procedimientos Civiles y Familiares, con muchas lagunas y todav\u00eda falta que los diputados de los estados, actuales o entrantes, tengan un tipo de iniciativa que en realidad pueda dar un tipo de resoluci\u00f3n a este tipo de cosas\u201d.<\/p>\n<p><strong>Existen muchos hombres que tambi\u00e9n son v\u00edctimas de violencia familiar, patrimonial, psicol\u00f3gica y econ\u00f3mica <\/strong><\/p>\n<p>Asegur\u00f3 que su proyecto no lleva banderas de ning\u00fan color partidista, sino que busca que sea un proyecto emanado de la sociedad que llegue a obtener esa modificaci\u00f3n en el c\u00f3digo civil, lo que te bien ayudar\u00eda a resolver casos de guarda y custodia.<\/p>\n<p>Destac\u00f3 que para que esto sea posible se debe de unir a las comisiones de grupos vulnerables en los Congresos estatales, para generar una<strong>\u00a0estrategia a favor de los derechos de la familia<\/strong>.<\/p>\n<p><a href=\"https:\/\/redsemlac.com\/semmexico\/wp-content\/uploads\/2024\/06\/pro-pater-03.jpg\"><img loading=\"lazy\" decoding=\"async\" class=\"alignnone size-medium wp-image-83018\" src=\"https:\/\/redsemlac.com\/semmexico\/wp-content\/uploads\/2024\/06\/pro-pater-03-300x191.jpg\" alt=\"\" width=\"300\" height=\"191\" \/><\/a><\/p>\n<p>Pro Paternidad busca que los padres ejerzan el cuidado de sus hijos de forma responsable. | Foto: Mois\u00e9s Pablo Nava \/ Cuartoscuro.com<\/p>\n<p>Y es que un problema que el abogado ha notado es que\u00a0existen muchos hombres que tambi\u00e9n son v\u00edctimas de violencia familiar, patrimonial, psicol\u00f3gica y econ\u00f3mica.<\/p>\n<p><strong>Justicia para los padres<\/strong><\/p>\n<p>La iniciativa\u00a0Pro Paternidad\u00a0tambi\u00e9n busca reconocer los derechos y obligaciones y mediar las cuestiones en cuanto a\u00a0pensiones alimenticias, pues explic\u00f3 que muchos padres terminan incurriendo en incumplimiento por desconocimiento, sobre todo cuando dejan de trabajar y no dan aviso al juzgado correspondiente, por lo cual se busca hacer que se respeten los pagos por pensiones, pero tambi\u00e9n\u00a0hacer valer los derechos de convivencia que los padres tienen con sus hijos.<\/p>\n<p>\u201cAqu\u00ed falta en la ley para poder inscribir a los incumplidores, deudores alimentarios dentro del Banco de Deudores Alimentarios de los estados, porque hay en la Ciudad de M\u00e9xico, pero no hay todav\u00eda un banco nacional, muchos lo mencionan, pero no est\u00e1 en la ley, es importante que est\u00e9n en la ley, por eso es importante la modificaci\u00f3n a favor de la iniciativa pro paternidad\u201d.<\/p>\n<p>Actualmente, Ricardo Agust\u00edn Garc\u00eda Salcedo brinda apoyo a\u00a0padres que tienen problemas con casos relacionados a lo familiar, como una asociaci\u00f3n privada ha brindado apoyo para reducir en m\u00e1s de la mitad los precios por su trabajo, adem\u00e1s de dar facilidad de pagos.<\/p>\n<p>Explic\u00f3 que durante los \u00faltimos a\u00f1os pudo hacer crecer su equipo, sin embargo, tiene las puertas abiertas a pasantes que quieran adquirir experiencia en el derecho familiar y tengan inter\u00e9s por sumarse a este apoyo a los padres de familia.<\/p>\n<p><strong>Buscan reconocer a padres del mismo g\u00e9nero<\/strong><\/p>\n<p>El abogado coment\u00f3 que dentro de la iniciativa han sido tomados en cuenta los distintos problemas a los que los\u00a0padres\u00a0est\u00e1n expuestos, pero esto no deja de lado a\u00a0hombres que como padrastros o parejas de la diversidad sexual quieren ejercer de manera responsable\u00a0y completa la paternidad.<\/p>\n<p>\u201cHay asuntos de diversidad sexual que se han acercado, porque quieren ejercer la paternidad adoptando, estamos ahorita en tr\u00e1mites con una pareja a la que vamos a ayudar a hacer esta gesti\u00f3n\u201d.<\/p>\n<p><a href=\"https:\/\/redsemlac.com\/semmexico\/wp-content\/uploads\/2024\/06\/pro-pater-04.jpg\"><img loading=\"lazy\" decoding=\"async\" class=\"alignnone size-medium wp-image-83017\" src=\"https:\/\/redsemlac.com\/semmexico\/wp-content\/uploads\/2024\/06\/pro-pater-04-300x191.jpg\" alt=\"\" width=\"300\" height=\"191\" \/><\/a><\/p>\n<p>Pro Paternidad es una iniciativa que naci\u00f3 en Guanajuato. | Foto: Mois\u00e9s Pablo Nava \/ Cuartoscuro.com<\/p>\n<p>En materia de reconocimiento a las\u00a0<strong>paternidades<\/strong>, a\u00f1adi\u00f3 que falta apertura en las dependencias, as\u00ed como profesionales especializados, de los cuales han notado que al menos en el estado no hay suficientes.<\/p>\n<p>\u201cFalta la apertura en las dependencias, es importante que el DIF incremente el n\u00famero de psic\u00f3logos o abogados que entran y apoyan en la cuesti\u00f3n del trabajo social para que los peritajes y todo esto pueda darse m\u00e1s r\u00e1pido, es algo importante de lo que carece Guanajuato, necesitamos acelerar porque eso nos va a ayudar a que\u00a0<strong>muchos ni\u00f1os tengan un hogar seguro<\/strong>, una familia tal vez separada, pero con \u00e9l en su educaci\u00f3n esparcimiento, es lo que buscamos, vincular esos lazos familiares\u201d, concluy\u00f3.<\/p>\n","protected":false},"excerpt":{"rendered":"<p>El abogado Ricardo Garc\u00eda, creador de la iniciativa, expuso que hay muchos casos en donde por desconocimiento los padres pierden su patrimonio y otros no pueden ejercer patria potestad<\/p>\n","protected":false},"author":3,"featured_media":83020,"comment_status":"open","ping_status":"open","sticky":false,"template":"","format":"standard","meta":{"_monsterinsights_skip_tracking":false,"footnotes":""},"categories":[27,40,67],"tags":[],"class_list":["post-83016","post","type-post","status-publish","format-standard","has-post-thumbnail","category-cobertura-especial","category-especial-padres","category-especial-padres-2"],"_links":{"self":[{"href":"https:\/\/redsemlac.com\/semmexico\/wp-json\/wp\/v2\/posts\/83016","targetHints":{"allow":["GET"]}}],"collection":[{"href":"https:\/\/redsemlac.com\/semmexico\/wp-json\/wp\/v2\/posts"}],"about":[{"href":"https:\/\/redsemlac.com\/semmexico\/wp-json\/wp\/v2\/types\/post"}],"author":[{"embeddable":true,"href":"https:\/\/redsemlac.com\/semmexico\/wp-json\/wp\/v2\/users\/3"}],"replies":[{"embeddable":true,"href":"https:\/\/redsemlac.com\/semmexico\/wp-json\/wp\/v2\/comments?post=83016"}],"version-history":[{"count":0,"href":"https:\/\/redsemlac.com\/semmexico\/wp-json\/wp\/v2\/posts\/83016\/revisions"}],"wp:featuredmedia":[{"embeddable":true,"href":"https:\/\/redsemlac.com\/semmexico\/wp-json\/wp\/v2\/media\/83020"}],"wp:attachment":[{"href":"https:\/\/redsemlac.com\/semmexico\/wp-json\/wp\/v2\/media?parent=83016"}],"wp:term":[{"taxonomy":"category","embeddable":true,"href":"https:\/\/redsemlac.com\/semmexico\/wp-json\/wp\/v2\/categories?post=83016"},{"taxonomy":"post_tag","embeddable":true,"href":"https:\/\/redsemlac.com\/semmexico\/wp-json\/wp\/v2\/tags?post=83016"}],"curies":[{"name":"wp","href":"https:\/\/api.w.org\/{rel}","templated":true}]}}