{"id":83012,"date":"2024-06-16T16:07:19","date_gmt":"2024-06-16T22:07:19","guid":{"rendered":"https:\/\/redsemlac.com\/semmexico\/?p=83012"},"modified":"2024-06-16T16:07:19","modified_gmt":"2024-06-16T22:07:19","slug":"la-paternidad-millennial-una-apuesta-por-el-respeto-y-la-igualdad","status":"publish","type":"post","link":"https:\/\/redsemlac.com\/semmexico\/la-paternidad-millennial-una-apuesta-por-el-respeto-y-la-igualdad\/","title":{"rendered":"La paternidad millennial: una apuesta por el respeto y la igualdad"},"content":{"rendered":"<p>La paternidad millennial: una apuesta por el respeto y la igualdad<\/p>\n<p>Las nuevas generaciones \u00bfeducan c\u00f3mo antes o no? | Foto: La paternidad millennial: una apuesta generacional por el respeto<\/p>\n<p>Los pap\u00e1s millennial tienen una nueva perspectiva sobre la crianza y los roles que cumplen al educar a sus hijos e hijas<\/p>\n<p>F\u00e1tima Arton<\/p>\n<p>SemM\u00e9xico\/ El Sol de Irapuato, Irapuato Gto., OEM, 16 de junio, 2024.- La\u00a0paternidad\u00a0ha cambiado con el tiempo, los\u00a0roles\u00a0que desempe\u00f1an los\u00a0padres con sus hijos\u00a0son distintos a los de\u00a0sus padres o abuelos, esto porque muchos hicieron\u00a0conciencia\u00a0de que\u00a0algunas pr\u00e1cticas no eran las correctas\u00a0y han hecho lo posible por\u00a0paternar, procurando cubrir todas las necesidades de sus hijos.<\/p>\n<p>Este es el caso de\u00a0Jimmy Brayan Hern\u00e1ndez Escobar\u00a0y\u00a0Gilberto Far\u00edas, dos\u00a0padres millennials\u00a0que compartieron sus\u00a0experiencias\u00a0como\u00a0padres de familia modernos.<\/p>\n<p>Brayan comparti\u00f3 que el tener un hijo fue algo totalmente positivo en su vida, a pesar de que siempre se debe estar al pendiente, ya que es una vida que depende totalmente de \u00e9l.<\/p>\n<p>Ser padre para m\u00ed es lo mejor que pudo haberme pasado, pero tambi\u00e9n vives en un estado de alerta constante, porque cuidas a un ser que trata de hacerse da\u00f1o cada 10 segundos.<\/p>\n<p>Asegur\u00f3 que los roles que \u00e9l desempe\u00f1a en la\u00a0crianza\u00a0de su peque\u00f1o hijo\u00a0son los mismos que su esposa realiza, ya que para \u00e9l el\u00a0tener un hijo es tarea de dos.<\/p>\n<p>\u201cLos roles, en mi caso, son totalmente igualitarios, mi esposa cambia pa\u00f1ales, yo cambio pa\u00f1ales, ella se levanta en la noche y yo me levanto, ya no es una tarea exclusiva de la mam\u00e1\u201d.<\/p>\n<p>Cont\u00f3 que lo que m\u00e1s dif\u00edcil se le ha hecho en su labor como padre es la\u00a0misma crianza, guiar a su hijo, darles las\u00a0suficientes\u00a0herramientas, pero constantemente se repite que\u00a0nadie nace sabiendo ser pap\u00e1\u00a0y que lo est\u00e1 haciendo lo mejor que puede.<\/p>\n<p>\u00abLo m\u00e1s complicado de ser pap\u00e1 yo creo que es el desarrollo de tu hijo, tratar de darle el mejor ejemplo, la mejor educaci\u00f3n, pero \u00bfqui\u00e9n te ense\u00f1a a c\u00f3mo ser pap\u00e1? Para m\u00ed no hay una manera correcta o incorrecta, creo que cada quien educa y cr\u00eda a sus hijos con lo mejor que puede en su momento\u201d.<\/p>\n<p><a href=\"https:\/\/redsemlac.com\/semmexico\/wp-content\/uploads\/2024\/06\/patternidad-milenial-02.png\"><img loading=\"lazy\" decoding=\"async\" class=\"alignnone wp-image-83013 size-medium\" src=\"https:\/\/redsemlac.com\/semmexico\/wp-content\/uploads\/2024\/06\/patternidad-milenial-02-300x191.png\" alt=\"\" width=\"300\" height=\"191\" \/><\/a><\/p>\n<p>Pero no todo es negativo, ya que manifest\u00f3 que al\u00a0tener un hijo es una oportunidad de que se puede convertir en su mejor versi\u00f3n, adem\u00e1s de que disfruta cada momento que est\u00e1 a su lado.<\/p>\n<p>Lo m\u00e1s bonito de ser pap\u00e1 es ver a una mini versi\u00f3n de ti, convertirte en tu mejor versi\u00f3n y saber que vas a tener a ese peque\u00f1o mejor amigo para toda tu vida.<\/p>\n<p>Brayan\u00a0coment\u00f3 que la forma en que ha estado\u00a0criando a su hijo\u00a0es la\u00a0mejor versi\u00f3n de la que \u00e9l recibi\u00f3 de peque\u00f1o, ya que se ha enfocado en tener\u00a0inteligencia\u00a0y salud emocional.<\/p>\n<p>\u201cPor lo menos en mi caso s\u00ed creo que sea mejor, porque trato de darle una mejor calidad de vida, tanto afectiva como psicol\u00f3gica, emocional que la que mis padres me dieron a m\u00ed, o sus abuelos a mis padres\u201d.<\/p>\n<p>Por ello, aconsej\u00f3 a aquellos hombres que son\u00a0pap\u00e1s primerizos\u00a0o est\u00e1n pensando en formar una familia, que\u00a0no piensen en los sacrificios que se debe hacer en esta labor, como el desvelarse o el perder la vida social que tienen, ya que el amor que se le tiene a un hijo es lo m\u00e1s puro y verdadero que hay en la vida.<\/p>\n<p>\u201cMi mensaje para todos los pap\u00e1s o para los futuros pap\u00e1s es que no se enfoquen en las cosas \u2018malas\u2019 de la paternidad, porque realmente es lo de menos, cuando cr\u00edas a un ser del que te enamoras desde el primer momento en que lo ves, sabes que ese amor es el \u00fanico amor incondicional que le vas a dar a alguien, porque ese peque\u00f1o ser es parte de ti\u201d.<\/p>\n<p><strong>La vida cambia, pero no es el fin del mundo<\/strong><\/p>\n<p>Por su parte,\u00a0Gilberto Far\u00edas, quien tiene un\u00a0ni\u00f1o de cuatro a\u00f1os\u00a0y\u00a0una peque\u00f1a ni\u00f1a reci\u00e9n nacida, narr\u00f3 que aunque la vida cambia de un momento a otro,\u00a0no todo es negativo, sino al contrario, est\u00e1 la\u00a0responsabilidad\u00a0de construir mejores personas\u00a0que puedan ser las que\u00a0desarrollen en el futuro una mejor sociedad.<\/p>\n<p>La vida cambia mucho dependiendo si eres soltero, casado y m\u00e1s cuando te conviertes en pap\u00e1, pero es algo que siempre he visto como dif\u00edcil, pero que una vez que tu hijo nace, ya no te imaginas una vida sin \u00e9l.<\/p>\n<p>Dio a conocer que\u00a0su forma de ense\u00f1ar,\u00a0guiar\u00a0y hasta\u00a0rega\u00f1ar\u00a0se ha basado en la\u00a0crianza\u00a0que aplicaron sus padres, debido a que si hay que\u00a0ser firmes en algunas ocasiones.<\/p>\n<p>\u00abLa forma en que me criaron mis pap\u00e1s tiene mucho que ver en la crianza que tengo con mis hijos, pero si las cosas cambian, si hay que saber en qu\u00e9 punto se debe ser firmes y saber poner l\u00edmites, claro, todo con respeto\u00bb.<\/p>\n<p>A\u00f1adi\u00f3 que para \u00e9l,\u00a0los pap\u00e1s de su generaci\u00f3n\u00a0est\u00e1n\u00a0m\u00e1s presentes con sus hijos\u00a0y en su caso ama estar con ellos,\u00a0verlos crecer y aprender de ellos.<\/p>\n<p>Me encanta estar con mis hijos, darles lo mejor, darles toda la atenci\u00f3n que pueda, ya que, no solo es responsabilidad de la mam\u00e1, es producto del amor de ambos y es una parte de nosotros.<\/p>\n<p>&nbsp;<\/p>\n","protected":false},"excerpt":{"rendered":"<p>La\u00a0paternidad\u00a0ha cambiado con el tiempo, los\u00a0roles\u00a0que desempe\u00f1an los\u00a0padres con sus hijos\u00a0son distintos a los de\u00a0sus padres o abuelos, esto porque muchos hicieron\u00a0conciencia\u00a0de que\u00a0algunas pr\u00e1cticas no eran las correctas\u00a0y han hecho lo posible por\u00a0paternar, procurando cubrir todas las necesidades de sus hijos.<\/p>\n","protected":false},"author":3,"featured_media":83014,"comment_status":"open","ping_status":"open","sticky":false,"template":"","format":"standard","meta":{"_monsterinsights_skip_tracking":false,"footnotes":""},"categories":[27,40,67],"tags":[],"class_list":["post-83012","post","type-post","status-publish","format-standard","has-post-thumbnail","category-cobertura-especial","category-especial-padres","category-especial-padres-2"],"_links":{"self":[{"href":"https:\/\/redsemlac.com\/semmexico\/wp-json\/wp\/v2\/posts\/83012","targetHints":{"allow":["GET"]}}],"collection":[{"href":"https:\/\/redsemlac.com\/semmexico\/wp-json\/wp\/v2\/posts"}],"about":[{"href":"https:\/\/redsemlac.com\/semmexico\/wp-json\/wp\/v2\/types\/post"}],"author":[{"embeddable":true,"href":"https:\/\/redsemlac.com\/semmexico\/wp-json\/wp\/v2\/users\/3"}],"replies":[{"embeddable":true,"href":"https:\/\/redsemlac.com\/semmexico\/wp-json\/wp\/v2\/comments?post=83012"}],"version-history":[{"count":0,"href":"https:\/\/redsemlac.com\/semmexico\/wp-json\/wp\/v2\/posts\/83012\/revisions"}],"wp:featuredmedia":[{"embeddable":true,"href":"https:\/\/redsemlac.com\/semmexico\/wp-json\/wp\/v2\/media\/83014"}],"wp:attachment":[{"href":"https:\/\/redsemlac.com\/semmexico\/wp-json\/wp\/v2\/media?parent=83012"}],"wp:term":[{"taxonomy":"category","embeddable":true,"href":"https:\/\/redsemlac.com\/semmexico\/wp-json\/wp\/v2\/categories?post=83012"},{"taxonomy":"post_tag","embeddable":true,"href":"https:\/\/redsemlac.com\/semmexico\/wp-json\/wp\/v2\/tags?post=83012"}],"curies":[{"name":"wp","href":"https:\/\/api.w.org\/{rel}","templated":true}]}}