{"id":82828,"date":"2024-06-12T15:34:02","date_gmt":"2024-06-12T21:34:02","guid":{"rendered":"https:\/\/redsemlac.com\/semmexico\/?p=82828"},"modified":"2024-06-12T15:34:49","modified_gmt":"2024-06-12T21:34:49","slug":"tras-la-puerta-del-poder-claudia-y-amlo-superaron-sin-la-menor-resistencia-social-a-su-reforma-del-poder-judicial","status":"publish","type":"post","link":"https:\/\/redsemlac.com\/semmexico\/tras-la-puerta-del-poder-claudia-y-amlo-superaron-sin-la-menor-resistencia-social-a-su-reforma-del-poder-judicial\/","title":{"rendered":"Tras la puerta del poder| Claudia y AMLO superaron sin la menor resistencia social a su reforma del Poder Judicial"},"content":{"rendered":"\n<p class=\"wp-block-paragraph\">Roberto Vizca\u00edno &nbsp;<\/p>\n\n\n\n<p class=\"wp-block-paragraph\">SemM\u00e9xico, Ciudad de M\u00e9xico, 12 de junio, 2024.- Nadie en M\u00e9xico movi\u00f3 ni un dedo, ni sali\u00f3 a calles o plazas -como muy probablemente si hubiera ocurrido en otros pa\u00edses-, para protestar o cuestionar la reforma del Poder Judicial que pasar\u00e1 a Plenos del Congreso -Senado y Diputados federales y locales- en septiembre pr\u00f3ximo, para que su autor y promotor, el presidente&nbsp;<strong>Andr\u00e9s Manuel L\u00f3pez Obrador<\/strong>&nbsp;la promulgue antes de entregar el poder el 1 de octubre.<\/p>\n\n\n\n<p class=\"wp-block-paragraph\">Esta reforma no modificar\u00e1 nada en la Constituci\u00f3n, ni ning\u00fan c\u00f3digo o norma vigentes.<\/p>\n\n\n\n<p class=\"wp-block-paragraph\">Pero significar\u00e1 un verdadero cambio de r\u00e9gimen porque esa Constituci\u00f3n, c\u00f3digos y normas ser\u00e1n ahora aplicados en juicios para tramitar recursos de inconstitucionalidad, y otros, y en peticiones de amparo, que ser\u00e1n resueltos bajo criterios del beneficio social o popular, y no de apego a jurisprudencia y derecho, sino buscando siempre el criterio de la justicia popular.<\/p>\n\n\n\n<p class=\"wp-block-paragraph\">Ser\u00e1 un,&nbsp;<em>nada de que la Ley es la Ley<\/em>, sino&nbsp;<em>de qu\u00e9 beneficio social tendr\u00e1 esa resoluci\u00f3n<\/em>.<\/p>\n\n\n\n<p class=\"wp-block-paragraph\">Los encargados de aplicar esos criterios ser\u00e1n quienes integrar\u00e1n toda una red de ministros, jueces y magistrados \u2013 1,688 en todo el pa\u00eds-, que ser\u00e1n electos por voto popular dentro de un a\u00f1o.<\/p>\n\n\n\n<p class=\"wp-block-paragraph\">Ayer, tanto la presidenta electa&nbsp;<strong>Claudia Sheinbaum<\/strong>&nbsp;como el presidente saliente&nbsp;<strong>Andr\u00e9s Manuel L\u00f3pez Obrador<\/strong>&nbsp;afirmaron que no existen motivos de alarma ni de inquietudes por esta reforma porque se va a realizar justamente&nbsp;<strong><em>para fortalecer al Estado de Derecho en M\u00e9xico<\/em><\/strong>.<\/p>\n\n\n\n<p class=\"wp-block-paragraph\">Los centros del Derecho \u2013 facultades universitarias, institutos, barras de abogados, expertos, etc-etc- advierten que ocurrir\u00e1 todo lo contrario.<\/p>\n\n\n\n<p class=\"wp-block-paragraph\">El mandatario indic\u00f3 que quienes han generado reacciones que han depreciado al peso frente al d\u00f3lar, son de nuevo esos conservadores que intentan mantener privilegios indebidos.<\/p>\n\n\n\n<p class=\"wp-block-paragraph\">Tanto la presidenta electa como&nbsp;<strong>AMLO<\/strong>&nbsp;desecharon la posibilidad de que sus partidos no logren obtener la mayor\u00eda calificada necesaria para realizar esta reforma en el Senado y la C\u00e1mara de Diputados.<\/p>\n\n\n\n<p class=\"wp-block-paragraph\">La iniciativa prev\u00e9 que la presidenta Sheinbaum proponga 10 prospectos, el Congreso otros (5 por cada c\u00e1mara) 10 y la Suprema Corte otros 10.<\/p>\n\n\n\n<p class=\"wp-block-paragraph\">De esos 30 los ciudadanos votar\u00edan por un ministro, o magistrado y por jueves.<\/p>\n\n\n\n<p class=\"wp-block-paragraph\">As\u00ed ser\u00eda electos cada uno de los 9 ministros de la Corte, y los 7 magistrados del Tribunal Electoral y los 5 del Tribunal de Disciplina Judicial.<\/p>\n\n\n\n<p class=\"wp-block-paragraph\">Los mil 649 jueces y magistrados que forman la red del Poder Judicial en el pa\u00eds, y que tramitan unos 2 millones de amparos y juicios penales, civiles y laborales, podr\u00edan participar en la elecci\u00f3n, y continuar en su cargo hasta que tomen posesi\u00f3n los ganadores.<\/p>\n\n\n\n<p class=\"wp-block-paragraph\">La iniciativa de&nbsp;<strong>AMLO<\/strong>&nbsp;prev\u00e9 que igual sean electos por voto popular unos 5 mil jueces y magistrados de los 32 tribunales estatales.<\/p>\n\n\n\n<p class=\"wp-block-paragraph\">Cada aspirante ira a una campa\u00f1a que todav\u00eda no se sabe que plazos y topes financieros tendr\u00e1, ni de d\u00f3nde saldr\u00e1 ese dinero. Desde ya hay quienes creen que empresarios, dirigentes de sectores o lideres de carteles y la delincuencia aprovechar\u00e1n para promover y apoyar con recursos a sus candidatos.<\/p>\n\n\n\n<p class=\"wp-block-paragraph\">As\u00ed mientras la presidenta electa pidi\u00f3 calma y confianza a inversores y empresarios, el presidente&nbsp;<strong>L\u00f3pez Obrador<\/strong>&nbsp;indic\u00f3 que no ve porque no pueda aprobarse esta reforma en septiembre.<\/p>\n\n\n\n<p class=\"wp-block-paragraph\">\u00abYo quiero cumplir mi responsabilidad\u2026 estoy convencido de que hace falta un Poder Judicial \u00edntegro que represente al pueblo, no a mafias econ\u00f3micas o del crimen\u00bb, indic\u00f3.<\/p>\n\n\n\n<p class=\"wp-block-paragraph\">Los foros p\u00fablicos de informaci\u00f3n y consulta pueden realizarse de hoy a septiembre, dijo, y para que se \u00abescuche a todos, a los de arriba y a todos los ciudadanos\u00bb.<\/p>\n\n\n\n<p class=\"wp-block-paragraph\">Hoy, dijo, predominan monopolios con \u00abm\u00e1s agarraderas e influencias en el Poder Judicial\u00bb, que se supone deber\u00eda ser aut\u00f3nomo e independiente, \u00abpero que en los hechos es aut\u00f3nomo e independiente del pueblo, no de los potentados\u00bb.<\/p>\n\n\n\n<p class=\"wp-block-paragraph\">En este en este contexto en el que todo se tramita en medios y por redes sociales, nada por protestas y manifestaciones en las calles, transita la iniciativa de Reforma del Poder Judicial que modificar\u00e1 de tal forma a sus instituciones centrales -Suprema Corte, Judicatura, Tribunales-, que a partir de su aprobaci\u00f3n y promulgaci\u00f3n definir\u00e1 otro r\u00e9gimen en que el derecho se aplicar\u00e1 con criterios populares y no de jurisprudencia.<\/p>\n\n\n\n<p class=\"wp-block-paragraph\">Un poder que depender\u00e1 esencialmente de&nbsp; la voluntad pol\u00edtica y muy personal del Ejecutivo, y de otros intereses en los que no est\u00e1n excluidos los c\u00e1rteles del narco y del crimen organizado.<\/p>\n\n\n\n<p class=\"wp-block-paragraph\"><strong>\u201cMOMENTOS DE TRIUNFO Y DE GRAN SATISFACCI\u00d3N\u201d<\/strong><\/p>\n\n\n\n<p class=\"wp-block-paragraph\">Pocos son los pol\u00edticos que se sinceran ante sus electores. Una es, sin duda, la presidenta del Senado, la tlaxcalteca&nbsp;<strong>Ana Lilia Rivera<\/strong>, abogada y de origen humilde, ejidatario, campesino.<\/p>\n\n\n\n<p class=\"wp-block-paragraph\">\u201cCuando ganamos la elecci\u00f3n del 2018, hubo en mi coraz\u00f3n una gran alegr\u00eda, pero no se compara con la alegr\u00eda que siento hoy, porque todav\u00eda en el 2018 hab\u00eda una sociedad m\u00e1s desinformada, m\u00e1s ap\u00e1tica, menos participativa.<\/p>\n\n\n\n<p class=\"wp-block-paragraph\">\u201cCuando caminaba yo en las comunidades de Tlaxcala, me dio mucho gusto encontrarme jovencitos que me dec\u00edan: \u2018<em>expl\u00edcame por qu\u00e9 quieren ustedes reformar el Poder Judicial<\/em>\u2019. Estudiantes de derecho cuestion\u00e1ndome. Eso no lo hab\u00eda yo vivido en los otros procesos electorales.<\/p>\n\n\n\n<p class=\"wp-block-paragraph\">\u201cY tambi\u00e9n me toc\u00f3 gente de a pie, mientras me despachaban algo en la tienda, que me dec\u00eda: \u2018<em>es importante que sigan combatiendo la corrupci\u00f3n. Queremos que haya m\u00e1s seguridad. Queremos que ustedes nos apoyen para que los programa sigan llegando a la gente<\/em>\u201d.<\/p>\n\n\n\n<p class=\"wp-block-paragraph\">Hoy, afirma -la senadora reelecta por Morena- la econom\u00eda se ha fortalecido desde abajo, en las carnicer\u00edas, las tienditas locales, y en las bosas de la gente y el entonces pueblo busca que no se revierta lo que ha logrado, indica.<\/p>\n\n\n\n<p class=\"wp-block-paragraph\">\u201c\u00bfQu\u00e9 me ilusiona? \u00bfQu\u00e9 me entusiasma? Ver hasta d\u00f3nde va a ser capaz de llegar la sociedad mexicana si continuamos madurando la conciencia del pueblo, si le seguimos dando la oportunidad de ser escuchado, de hablar\u201d, concluye.<\/p>\n\n\n\n<p class=\"wp-block-paragraph\">\u2026 \/ Twitter: @_Vizcaino \/ Facebook<\/p>\n\n\n\n<p class=\"wp-block-paragraph\">\/&nbsp;<a href=\"https:\/\/www.facebook.com\/rvizcainoa\" target=\"_blank\" rel=\"noreferrer noopener\">https:\/\/www.facebook.com\/rvizcainoa<\/a><\/p>\n","protected":false},"excerpt":{"rendered":"<p>Nadie en M\u00e9xico movi\u00f3 ni un dedo, ni sali\u00f3 a calles o plazas -como muy probablemente si hubiera ocurrido en otros pa\u00edses-, para protestar o cuestionar la reforma del Poder Judicial que pasar\u00e1 a Plenos del Congreso -Senado y Diputados federales y locales- en septiembre pr\u00f3ximo, para que su autor y promotor, el presidente\u00a0Andr\u00e9s Manuel L\u00f3pez Obrador\u00a0la promulgue antes de entregar el poder el 1 de octubre.<\/p>\n","protected":false},"author":3,"featured_media":39589,"comment_status":"open","ping_status":"open","sticky":false,"template":"","format":"standard","meta":{"_monsterinsights_skip_tracking":false,"footnotes":""},"categories":[1],"tags":[],"class_list":["post-82828","post","type-post","status-publish","format-standard","has-post-thumbnail","category-uncategorized"],"_links":{"self":[{"href":"https:\/\/redsemlac.com\/semmexico\/wp-json\/wp\/v2\/posts\/82828","targetHints":{"allow":["GET"]}}],"collection":[{"href":"https:\/\/redsemlac.com\/semmexico\/wp-json\/wp\/v2\/posts"}],"about":[{"href":"https:\/\/redsemlac.com\/semmexico\/wp-json\/wp\/v2\/types\/post"}],"author":[{"embeddable":true,"href":"https:\/\/redsemlac.com\/semmexico\/wp-json\/wp\/v2\/users\/3"}],"replies":[{"embeddable":true,"href":"https:\/\/redsemlac.com\/semmexico\/wp-json\/wp\/v2\/comments?post=82828"}],"version-history":[{"count":0,"href":"https:\/\/redsemlac.com\/semmexico\/wp-json\/wp\/v2\/posts\/82828\/revisions"}],"wp:featuredmedia":[{"embeddable":true,"href":"https:\/\/redsemlac.com\/semmexico\/wp-json\/wp\/v2\/media\/39589"}],"wp:attachment":[{"href":"https:\/\/redsemlac.com\/semmexico\/wp-json\/wp\/v2\/media?parent=82828"}],"wp:term":[{"taxonomy":"category","embeddable":true,"href":"https:\/\/redsemlac.com\/semmexico\/wp-json\/wp\/v2\/categories?post=82828"},{"taxonomy":"post_tag","embeddable":true,"href":"https:\/\/redsemlac.com\/semmexico\/wp-json\/wp\/v2\/tags?post=82828"}],"curies":[{"name":"wp","href":"https:\/\/api.w.org\/{rel}","templated":true}]}}