{"id":8275,"date":"2019-01-23T17:55:38","date_gmt":"2019-01-23T17:55:38","guid":{"rendered":"https:\/\/redsemlac.com\/semmexico\/?p=8275"},"modified":"2023-07-21T14:38:46","modified_gmt":"2023-07-21T19:38:46","slug":"la-vida-institucional-de-mexico-vive-una-nueva-epoca-y-el-tribunal-electoral-como-organo-del-poder-judicial-de-la-federacion-debe-saber-adaptarse-a-los-cambios","status":"publish","type":"post","link":"https:\/\/redsemlac.com\/semmexico\/la-vida-institucional-de-mexico-vive-una-nueva-epoca-y-el-tribunal-electoral-como-organo-del-poder-judicial-de-la-federacion-debe-saber-adaptarse-a-los-cambios\/","title":{"rendered":"La vida institucional de M\u00e9xico vive una nueva \u00e9poca y el Tribunal Electoral como \u00f3rgano del Poder Judicial de la Federaci\u00f3n debe saber adaptarse a los cambios."},"content":{"rendered":"\n<p class=\"wp-block-paragraph\"><a href=\"https:\/\/www.semmexico.com\/gallery-post.php?id=6938#\">Redacci\u00f3n<\/a><\/p>\n\n\n\n<p class=\"wp-block-paragraph\">SemM\u00e9xico. Cd. de M\u00e9xico. 23 de enero de 2019.- La magistrada&nbsp;Janine Ot\u00e1lora Malassis present\u00f3 su renuncia a la presidencia del Tribunal Electoral del Poder Judicial de la Federaci\u00f3n.&nbsp;<\/p>\n\n\n\n<p class=\"wp-block-paragraph\">A trav\u00e9s de un comunicado dio a conocer &nbsp;su decisi\u00f3n de continuar con su cargo&nbsp;constitucional de Magistrada de la Sala Superior.&nbsp;<\/p>\n\n\n\n<p class=\"wp-block-paragraph\">La magistrada explic\u00f3 que en el cargo que despe\u00f1\u00f3 desde 2016, &nbsp;se comprometi\u00f3&nbsp;a resolver las controversias de manera justa y legal, con mesura y prudencia, y a administrar los recursos p\u00fablicos con racionalidad y honestidad, compromisos que asum\u00ed plenamente.<\/p>\n\n\n\n<p class=\"wp-block-paragraph\">\u201cLas cuentas que entrego al t\u00e9rmino de estos dos a\u00f1os, son claras y transparentes. Cada uno de mis votos ha sido argumentado y fundado exclusivamente en las pruebas y en el derecho. El ejercicio del presupuesto puede ser revisado y auditado en cualquier momento, as\u00ed como mis cuentas personales.\u201d<\/p>\n\n\n\n<p class=\"wp-block-paragraph\">Agreg\u00f3 que la reciente crisis en la que se ha visto inmersa la Sala Superior del Tribunal se inscribe en la tensi\u00f3n a la que este \u00f3rgano se ve sometido al resolver conflictos pol\u00edticos entre los diversos actores. Esta crisis fue resuelta en su momento por el propio Pleno.&nbsp;<\/p>\n\n\n\n<p class=\"wp-block-paragraph\">\u201cSabemos que hoy, la vida institucional de M\u00e9xico vive una nueva \u00e9poca y el Tribunal Electoral como \u00f3rgano del Poder Judicial de la Federaci\u00f3n debe saber adaptarse a los cambios. Por ello, asumiendo mi responsabilidad de juez constitucional, en aras de facilitar la transici\u00f3n del Tribunal, he tomado la decisi\u00f3n personal, \u00e9tica y pol\u00edtica de presentar mi renuncia al cargo de Presidenta del Tribunal Electoral\u201d puntualiz\u00f3.&nbsp;<br><\/p>\n","protected":false},"excerpt":{"rendered":"<p>Redacci\u00f3n SemM\u00e9xico. Cd. de M\u00e9xico. 23 de enero de 2019.- La magistrada&nbsp;Janine Ot\u00e1lora Malassis present\u00f3 su renuncia a la presidencia del Tribunal Electoral del Poder Judicial de la Federaci\u00f3n.&nbsp; A trav\u00e9s de un comunicado dio a conocer &nbsp;su decisi\u00f3n de continuar con su cargo&nbsp;constitucional de Magistrada de la Sala Superior.&nbsp; La magistrada explic\u00f3 que en [&hellip;]<\/p>\n","protected":false},"author":3,"featured_media":8276,"comment_status":"open","ping_status":"open","sticky":false,"template":"","format":"standard","meta":{"_monsterinsights_skip_tracking":false,"footnotes":""},"categories":[690,51],"tags":[],"class_list":["post-8275","post","type-post","status-publish","format-standard","has-post-thumbnail","category-690","category-ejecutivo"],"_links":{"self":[{"href":"https:\/\/redsemlac.com\/semmexico\/wp-json\/wp\/v2\/posts\/8275","targetHints":{"allow":["GET"]}}],"collection":[{"href":"https:\/\/redsemlac.com\/semmexico\/wp-json\/wp\/v2\/posts"}],"about":[{"href":"https:\/\/redsemlac.com\/semmexico\/wp-json\/wp\/v2\/types\/post"}],"author":[{"embeddable":true,"href":"https:\/\/redsemlac.com\/semmexico\/wp-json\/wp\/v2\/users\/3"}],"replies":[{"embeddable":true,"href":"https:\/\/redsemlac.com\/semmexico\/wp-json\/wp\/v2\/comments?post=8275"}],"version-history":[{"count":0,"href":"https:\/\/redsemlac.com\/semmexico\/wp-json\/wp\/v2\/posts\/8275\/revisions"}],"wp:featuredmedia":[{"embeddable":true,"href":"https:\/\/redsemlac.com\/semmexico\/wp-json\/wp\/v2\/media\/8276"}],"wp:attachment":[{"href":"https:\/\/redsemlac.com\/semmexico\/wp-json\/wp\/v2\/media?parent=8275"}],"wp:term":[{"taxonomy":"category","embeddable":true,"href":"https:\/\/redsemlac.com\/semmexico\/wp-json\/wp\/v2\/categories?post=8275"},{"taxonomy":"post_tag","embeddable":true,"href":"https:\/\/redsemlac.com\/semmexico\/wp-json\/wp\/v2\/tags?post=8275"}],"curies":[{"name":"wp","href":"https:\/\/api.w.org\/{rel}","templated":true}]}}