{"id":82737,"date":"2024-06-10T12:13:00","date_gmt":"2024-06-10T18:13:00","guid":{"rendered":"https:\/\/redsemlac.com\/semmexico\/?p=82737"},"modified":"2024-06-10T12:13:29","modified_gmt":"2024-06-10T18:13:29","slug":"piden-organizaciones-nacionales-e-internacionales-que-claudia-sheinbaum-pardo-cumpla-con-dialogar-con-las-mujeres-y-actue-en-democracia","status":"publish","type":"post","link":"https:\/\/redsemlac.com\/semmexico\/piden-organizaciones-nacionales-e-internacionales-que-claudia-sheinbaum-pardo-cumpla-con-dialogar-con-las-mujeres-y-actue-en-democracia\/","title":{"rendered":"Piden organizaciones nacionales e internacionales que Claudia Sheinbaum Pardo cumpla con dialogar con las mujeres y act\u00fae en democracia\u00a0"},"content":{"rendered":"\n<p class=\"wp-block-paragraph\">Mujeres en Plural demanda gabinete paritario; Repare de Chiapas dice: habr\u00e1 un cambio total de acciones para las mujeres<\/p>\n\n\n\n<p class=\"wp-block-paragraph\">La ministra presidenta de la Suprema Corte de Justicia espera di\u00e1logo entre poderes;<\/p>\n\n\n\n<p class=\"wp-block-paragraph\">ONU Mujeres y CLACSO invitan a no dejar a ninguna mujer atr\u00e1s y di\u00e1logo con la sociedad civil&nbsp;<\/p>\n\n\n\n<p class=\"wp-block-paragraph\">Sara Lovera<\/p>\n\n\n\n<p class=\"wp-block-paragraph\">SemM\u00e9xico, Ciudad de M\u00e9xico,&nbsp; 10 de junio, 2024.- A una semana de las elecciones presidenciales que le dan el triunfo a Claudia Sheinbaum Pardo, s\u00f3lo 2 organizaciones mexicanas de feministas le dan la bienvenida y s\u00f3lo una le demanda gabinete paritario y atender la violencia contra las mujeres.&nbsp;<\/p>\n\n\n\n<p class=\"wp-block-paragraph\">As\u00ed algunas mujeres de M\u00e9xico y el mundo, del feminismo, la institucionalidad nacional y mundial, se felicitaron de la llegada de&nbsp; la primera mujer a la presidencia de M\u00e9xico, pero al tiempo&nbsp; le recuerdan a la doctora Sheinbaum Pardo que deber\u00e1 hacer suya la agenda feminista, actuar en democracia constitucional y&nbsp; di\u00e1logo abierto entre poderes, instituciones, organizaciones de mujeres, de feministas y de la sociedad civil.<\/p>\n\n\n\n<p class=\"wp-block-paragraph\">Al lado de las felicitaciones institucionales y gubernamentales que se acostumbra en diplomacia internacional, de todas partes del mundo, se sumaron este fin de semana la representaci\u00f3n en M\u00e9xico, de ONU Mujeres, las Mujeres en Plural, Red Chiapas por la Paridad Efectiva, la presidenta de la Suprema Corte de Justicia de la Naci\u00f3n,&nbsp; la Secretar\u00eda Ejecutiva de CLACSO y la vice presidenta de Espa\u00f1a.<\/p>\n\n\n\n<p class=\"wp-block-paragraph\">Coinciden en resaltar la importancia de que la virtual presidenta de M\u00e9xico, que llega tras 200 a\u00f1os de lucha por la participaci\u00f3n pol\u00edtica, lo m\u00e1s&nbsp; importante es trabajar en conjunto con instituciones, incluso con el sector privado. A excepci\u00f3n de Repare Chiapas que consider\u00f3 que tu triunfo es contundente y continuar\u00e1 con la 4T, sin demandar nada.<\/p>\n\n\n\n<p class=\"wp-block-paragraph\">La representante en M\u00e9xico de ONU Mujeres, Mar\u00eda Noel Vaeza se\u00f1al\u00f3 que deber\u00e1 trabajar \u201cPor m\u00e1s igualdad, democracia y desarrollo, sin dejar a nadie atr\u00e1s\u201d.<\/p>\n\n\n\n<p class=\"wp-block-paragraph\">Mujeres en Plural, una de las organizaciones que desde hace 15 a\u00f1os lucharon por la paridad, afirmaron que conf\u00edan en que integrar\u00e1 un gabinete en paridad, que trabajar\u00e1 en transformar conciencias en el sentido de que las mujeres pueden gobernar. La llaman a ser una&nbsp; aliada por los derechos de la mitad de la poblaci\u00f3n.<\/p>\n\n\n\n<figure class=\"wp-block-image\"><img decoding=\"async\" src=\"https:\/\/lh7-us.googleusercontent.com\/docsz\/AD_4nXcsPtqgkivYiSWR8BRJkcXNjrgfk6sK7f1JmpIHcDMP-1tgrbBnaPBbELC1S5kYjQADogpGVtMrVe_sNb1dtid0_krLQnlYWPzc9L_3ySd_l8mDkM_-2AIxireIeZxB6qecP8CeO2dMbdx2jhjNG14C_0Gr9LhWEqQFBh1wYCCSCr5vjLxyJnQ?key=0y445ubUZGVAJml__G8mMw\" alt=\"Imagen\"\/><\/figure>\n\n\n\n<p class=\"wp-block-paragraph\">La&nbsp; doctora Claudia Alonso, de Mujeres en Plural, escribi\u00f3 \u201ces un honor presenciar a 200 a\u00f1os de la Rep\u00fablica atestiguar la presencia de una mujer en la Presidencia de M\u00e9xico. Y le dice&nbsp; que: \u201cT\u00fa eres inteligente y capaz. Segura estoy cuidaras que este ejercicio de poder sea transformador de las relaciones de g\u00e9nero. No est\u00e1s sola presidenta aqu\u00ed estamos para apoyarte.\u201d<\/p>\n\n\n\n<figure class=\"wp-block-image\"><img decoding=\"async\" src=\"https:\/\/lh7-us.googleusercontent.com\/docsz\/AD_4nXd5wwd0dVezxAiXFVfYp7TcECYcEw6aTelMRfjQ7myXyZ9_9s-D9B1OWNqq6WfwePeXtF593xalqhc-_0c5OgO5jmkb7OF9WzgEeGF4UDYkB6WrOc8nezc5L3LmZnI7swADJJT4Nh5KgxmTUI-3dxhlgqQPjYxpHGxVJ55MhmwU3MtuagXzmKM?key=0y445ubUZGVAJml__G8mMw\" alt=\"REPARE somete a consideraci\u00f3n del gobierno del estado de Chiapas,  recomendaciones y propuestas sobre caso Chenalh\u00f3 | Chiapasparalelo\"\/><\/figure>\n\n\n\n<p class=\"wp-block-paragraph\">A su vez la Red Chiapas por la Paridad Efectiva, una red plural pero filo morenista, afirm\u00f3 que la virtual presidenta de M\u00e9xico, tiene su total&nbsp; respaldo.<\/p>\n\n\n\n<p class=\"wp-block-paragraph\">Se\u00f1a que&nbsp; su triunfo&nbsp; consolida el periodo de la paridad&nbsp; y desde su punto de vista los resultados del voto de la ciudadan\u00eda, es el m\u00e1s contundente; con 58.3 y 60.7% a su favor&nbsp; y se congratula por la hist\u00f3rica elecci\u00f3n; consideran que ella&nbsp; a lo largo de su campa\u00f1a electoral por la presidencia del pa\u00eds, suma las demandas de millones de mujeres, de las j\u00f3venes a las adultas mayores, y por ello se tiene certeza que se seguir\u00e1 haciendo historia en el intrincado camino a la igualdad en todos los \u00e1mbitos de la vida de los 130 millones de mexicanos&nbsp; y mexicanas.<\/p>\n\n\n\n<p class=\"wp-block-paragraph\">La SCJN por respeto a los poderes<\/p>\n\n\n\n<p class=\"wp-block-paragraph\">La presidenta de la Suprema Corte,&nbsp; Norma Pi\u00f1a Hern\u00e1ndez ,&nbsp; en una carta enviada a Sheinbaum Pardo, se\u00f1al\u00f3 : \u201cLe saludo con motivo de los resultados derivados de un muy importante proceso electoral en el que usted ha sido elegida pr\u00f3xima presidenta de M\u00e9xico esta decisi\u00f3n de las y los mexicanos representa sin duda un hito en la historia del pa\u00eds.<\/p>\n\n\n\n<p class=\"wp-block-paragraph\">\u201cEntre otros motivos por ser usted la primera mujer que encabeza el poder Ejecutivo Federal le extendemos una sincera felicitaci\u00f3n y le deseamos \u00e9xito en la enmienda respaldada por millones de mexicanos y de mexicanas en las urnas\u201d, expres\u00f3 la ministra en una misiva.<\/p>\n\n\n\n<p class=\"wp-block-paragraph\">Resalt\u00f3 que desde el Poder Judicial Federal reiteran la importancia para la democracia constitucional del di\u00e1logo abierto y honesto entre poderes.<\/p>\n\n\n\n<p class=\"wp-block-paragraph\">\u201cNuestra mejor disposici\u00f3n para responder en conjunto a las demandas de justicia de la ciudadan\u00eda atentamente ministra norma Luc\u00eda pi\u00f1a Hern\u00e1ndez\u201d, precis\u00f3.<\/p>\n\n\n\n<p class=\"wp-block-paragraph\">Directora Regional de ONU Mujeres felicita a Claudia Sheinbaum<\/p>\n\n\n\n<p class=\"wp-block-paragraph\">Mar\u00eda Noel Vaeza, directora regional de ONU Mujeres, env\u00edo sus felicitaciones a la virtual presidenta electa de M\u00e9xico, Claudia Sheinbaum.<\/p>\n\n\n\n<p class=\"wp-block-paragraph\">\u201cComparto la alegr\u00eda y emoci\u00f3n por la elecci\u00f3n de la primera mujer presidenta de M\u00e9xico, Claudia Sheinbaum. En sus palabras, no llego sola, llegamos todas\u201d, expres\u00f3.<\/p>\n\n\n\n<p class=\"wp-block-paragraph\">La directora regional reconoci\u00f3 a todas las mujeres mexicanas que, desde su diversidad, impulsan la agenda de paridad y la igualdad sustantiva.<\/p>\n\n\n\n<p class=\"wp-block-paragraph\">Recalc\u00f3 la importancia de trabajar en conjunto como: instituciones, organizaciones de mujeres, feministas, sociedad civil y sector privado.<\/p>\n\n\n\n<p class=\"wp-block-paragraph\">\u201cPor m\u00e1s igualdad, democracia y desarrollo, sin dejar a nadie atr\u00e1s\u201d, enfatiz\u00f3&nbsp;<\/p>\n\n\n\n<figure class=\"wp-block-image\"><img decoding=\"async\" src=\"https:\/\/lh7-us.googleusercontent.com\/docsz\/AD_4nXfLaWVPui1b_QVVzwmVjHZjlGO3S4R0RIaQBrqmDPIQtAfLw5baPmzfWFzdYcb0iWyYRnXuis8PR3maheAAVBfpVlkl3ZKeMLtdL8CYuFDrZm9Y9XXIRX7UTjyaKYoaRWufZjw2VBUJuP6nYLVxaqmJtq7hXXdn7BMECTyS1zvceA8wOjLNCV8?key=0y445ubUZGVAJml__G8mMw\" alt=\"Interfaz de usuario gr\u00e1fica, Texto\n\nDescripci\u00f3n generada autom\u00e1ticamente\"\/><\/figure>\n\n\n\n<p class=\"wp-block-paragraph\">Karina Battahy\u00e1ny, Secretaria Ejecutiva de CLACSO envi\u00f3 sus felicitaciones a Claudia Sheinbaum Pardo, como&nbsp; primera mujer y feminista elegida Presidenta en la historia de M\u00e9xico. Dijo que la pr\u00f3xima presidenta&nbsp; dio un discurso inaugural en nuestra Conferencia Latinoamericana de Ciencias Sociales #CLACSO2022 en la UNAM, donde ya fue aclamada al canto de \u201cPresidenta, Presidenta\u201d. Su triunfo es tambi\u00e9n el de todos los movimientos feministas de Am\u00e9rica Latina y el Caribe y su mirada feminista y progresista, dijo&nbsp; ser\u00e1 fundamental para generar pol\u00edticas p\u00fablicas que avancen en la transformaci\u00f3n de M\u00e9xico en un pa\u00eds m\u00e1s justo e igualitario.<\/p>\n\n\n\n<figure class=\"wp-block-image\"><img decoding=\"async\" src=\"https:\/\/lh7-us.googleusercontent.com\/docsz\/AD_4nXfUu39jD947ADxV0y8gnVEXBcsUByNcpHycavCYLH50ClvREcYAAUu9OPbu6xar0ryWNgNWrgl2SENSDoa5aVU1fwOtd8sfb2e7BWzM8JfVIGKgfMr3iEiYtokkO7FfVssCEBiH7NJPiFfX8j3LYT_-A5rXsKWqhvqoGSxbM94IDIIQO3TM0fM?key=0y445ubUZGVAJml__G8mMw\" alt=\"Yolanda D\u00edaz felicita a Claudia Sheinbaum por convertirse en la &quot;primera  presidenta mujer&quot; de la historia de M\u00e9xico\"\/><\/figure>\n\n\n\n<p class=\"wp-block-paragraph\">La vicepresidenta segunda del Gobierno y ministra de Trabajo y Econom\u00eda Social, Yolanda D\u00edaz, felicit\u00f3&nbsp; a&nbsp; la virtual presidenta y dijo que r su victoria en los comicios, que la aupar\u00e1 como la primera presidenta mujer de la historia del pa\u00eds latinoamericano.<\/p>\n\n\n\n<p class=\"wp-block-paragraph\">\u00abHoy es un d\u00eda de celebraci\u00f3n para la democracia mexicana: Claudia Sheinbaum ser\u00e1 la primera presidenta mujer en la historia de M\u00e9xico\u00bb, ha expresado la tambi\u00e9n l\u00edder de Sumar en un mensaje en la red social X, felicitando a la candidata del partido Morena, que habr\u00eda ganado las elecciones con casi el 60 por ciento del voto, seg\u00fan un conteo r\u00e1pido oficial.<\/p>\n\n\n\n<p class=\"wp-block-paragraph\">D\u00edaz se ha congratulado de que con este resultado la formaci\u00f3n del actual presidente de M\u00e9xico, Andr\u00e9s Manuel L\u00f3pez Obrador, Sheinbaum seguir\u00e1 \u00abavanzando en la cuarta transformaci\u00f3n y en nuevos derechos para el pueblo mexicano\u00bb.<\/p>\n\n\n\n<p class=\"wp-block-paragraph\">Repare de M\u00e9xico, hasta ahora la \u00fanica red fuera de la ciudad de M\u00e9xico destac\u00f3 que&nbsp; en la elecci\u00f3n de la primera mujer Presidenta de M\u00e9xico&nbsp; no es un resultado fortuito; se\u00f1ala que&nbsp; fue el activismo pluralista al que las mujeres se han dedicado por d\u00e9cadas, incluyendo las \u00faltimas dos cuando el feminismo se hizo raz\u00f3n de ser en M\u00e9xico.&nbsp;<\/p>\n\n\n\n<p class=\"wp-block-paragraph\">Y muy convencidas afirman que \u201ces un orgullo para quienes creemos y ejercemos los derechos a la igualdad en pol\u00edtica, a la paridad, a la vida libre de violencias y de violencias pol\u00edticas en raz\u00f3n de g\u00e9nero, como somos las integrantes de REPARE. No ser\u00e1 un camino asfaltado para la cient\u00edfica Sheinbaum y ella lo sabe; a\u00fan el machismo, las violencias contra ni\u00f1as, adolescentes y mujeres adultas se siguen manifestando, pero el cambio total que se avecina para el pa\u00eds con este segundo piso de la transformaci\u00f3n nacional ser\u00e1 sin retrocesos ni atajos\u201d<\/p>\n\n\n\n<p class=\"wp-block-paragraph\">Creen que su mandato en el poder ejecutivo es un&nbsp; cambio en la estructura del poder legislativo y del poder judicial, y eso permear\u00e1 en los 32 estados de la Rep\u00fablica. Rematan sin \u00e1nimo de demanda alguna que la votaci\u00f3n se hizo pensando en las nuevas generaciones, firman en Tuxtla Guti\u00e9rrez, Chiapas, 3 de junio de 2024<\/p>\n","protected":false},"excerpt":{"rendered":"<p>Mujeres en Plural demanda gabinete paritario; Repare de Chiapas dice: habr\u00e1 un cambio total de acciones para las mujeres La ministra presidenta de la Suprema Corte de Justicia espera di\u00e1logo entre poderes; ONU Mujeres y CLACSO invitan a no dejar a ninguna mujer atr\u00e1s y di\u00e1logo con la sociedad civil&nbsp; Sara Lovera SemM\u00e9xico, Ciudad de [&hellip;]<\/p>\n","protected":false},"author":3,"featured_media":82739,"comment_status":"open","ping_status":"open","sticky":false,"template":"","format":"standard","meta":{"_monsterinsights_skip_tracking":false,"footnotes":""},"categories":[141],"tags":[],"class_list":["post-82737","post","type-post","status-publish","format-standard","has-post-thumbnail","category-elecciones-2020-2021"],"_links":{"self":[{"href":"https:\/\/redsemlac.com\/semmexico\/wp-json\/wp\/v2\/posts\/82737","targetHints":{"allow":["GET"]}}],"collection":[{"href":"https:\/\/redsemlac.com\/semmexico\/wp-json\/wp\/v2\/posts"}],"about":[{"href":"https:\/\/redsemlac.com\/semmexico\/wp-json\/wp\/v2\/types\/post"}],"author":[{"embeddable":true,"href":"https:\/\/redsemlac.com\/semmexico\/wp-json\/wp\/v2\/users\/3"}],"replies":[{"embeddable":true,"href":"https:\/\/redsemlac.com\/semmexico\/wp-json\/wp\/v2\/comments?post=82737"}],"version-history":[{"count":0,"href":"https:\/\/redsemlac.com\/semmexico\/wp-json\/wp\/v2\/posts\/82737\/revisions"}],"wp:featuredmedia":[{"embeddable":true,"href":"https:\/\/redsemlac.com\/semmexico\/wp-json\/wp\/v2\/media\/82739"}],"wp:attachment":[{"href":"https:\/\/redsemlac.com\/semmexico\/wp-json\/wp\/v2\/media?parent=82737"}],"wp:term":[{"taxonomy":"category","embeddable":true,"href":"https:\/\/redsemlac.com\/semmexico\/wp-json\/wp\/v2\/categories?post=82737"},{"taxonomy":"post_tag","embeddable":true,"href":"https:\/\/redsemlac.com\/semmexico\/wp-json\/wp\/v2\/tags?post=82737"}],"curies":[{"name":"wp","href":"https:\/\/api.w.org\/{rel}","templated":true}]}}