{"id":82728,"date":"2024-06-10T12:09:25","date_gmt":"2024-06-10T18:09:25","guid":{"rendered":"https:\/\/redsemlac.com\/semmexico\/?p=82728"},"modified":"2024-06-10T15:34:38","modified_gmt":"2024-06-10T21:34:38","slug":"seis-anos-de-impunidad-injusticia-y-una-cuenta-pendiente-sobre-el-feminicidio-de-la-fotorreportera-maria-del-sol-cruz-jarquin","status":"publish","type":"post","link":"https:\/\/redsemlac.com\/semmexico\/seis-anos-de-impunidad-injusticia-y-una-cuenta-pendiente-sobre-el-feminicidio-de-la-fotorreportera-maria-del-sol-cruz-jarquin\/","title":{"rendered":"El feminicidio de Mar\u00eda del Sol un crimen de Estado por la impunidad y corrupci\u00f3n de fiscales y gobierno"},"content":{"rendered":"\n<p class=\"wp-block-paragraph\">Elda Montiel&nbsp;<\/p>\n\n\n\n<p class=\"wp-block-paragraph\">SemM\u00e9xico, Ciudad de M\u00e9xico,&nbsp; 10 de junio,&nbsp; 2024.- El llamado de Justicia para Mar\u00eda del Sol Cruz Jarqu\u00edn sigue pendiente, a 6 a\u00f1os del feminicidio, a 72 meses representados en 72 girasoles que enmarcaron las declaraciones de la madre,&nbsp; en la explanada de Santo Domingo de Guzm\u00e1n.<\/p>\n\n\n\n<p class=\"wp-block-paragraph\">La periodista y defensora de los derechos humanos Soledad Jarqu\u00edn Edgar&nbsp; expresa que fue un Crimen de Estado por la complicidad del Estado patriarcal que no protege los derechos de las personas y en espec\u00edfico de las mujeres.&nbsp;&nbsp;&nbsp;<\/p>\n\n\n\n<p class=\"wp-block-paragraph\">La periodista oaxaque\u00f1a hace un llamado al Congreso de Oaxaca para que act\u00fae de forma responsable y le pida cuentas y la destituci\u00f3n de los&nbsp; fiscales que van a cumplir esta semana&nbsp; siete a\u00f1os sin resultados , la fiscal \u201cespecializada\u201d en delitos electorales Esther Araceli Pinelo L\u00f3pez, por no actuar con la debida diligencia en un caso de delito electoral y&nbsp; al fiscal anticorrupci\u00f3n Jorge Emilio \u00c1lvarez Iruegas, porque le tembl\u00f3 mano para sancionar al funcionariado que evidentemente solap\u00f3 actos de impunidad, corrupci\u00f3n y complicidad.<\/p>\n\n\n\n<p class=\"wp-block-paragraph\">Acompa\u00f1ada por la organizaci\u00f3n social \u201cConsorcio para el Dialogo Parlamentario y la Equidad de Oaxaca\u201d enfatiz\u00f3 que se est\u00e1 frente a un Crimen de Estado, que si bien sucedi\u00f3 en el fin de sexenio de Enrique Pe\u00f1a Nieto, el 2 de junio de 2018 en Juchit\u00e1n de Zaragoza,&nbsp; el sexenio de Andr\u00e9s Manuel L\u00f3pez Obrador neg\u00f3 el acceso a la justicia y premio al ex gobernador pri\u00edsta Alejandro Murat Hinojosa, quien es virtual senador de la Republica por Morena.<\/p>\n\n\n\n<p class=\"wp-block-paragraph\">Tres fiscales de Oaxaca han conocido de los hechos. Rub\u00e9n Vasconcelos M\u00e9ndez fue el responsable de fincar los cimientos para que todos juntos cometieran el crimen de Estado, saqueo pruebas y se neg\u00f3 a ordenar las investigaciones de los posibles autores intelectuales y materiales.&nbsp;<\/p>\n\n\n\n<p class=\"wp-block-paragraph\">Arturo Peimbert Calvo opt\u00f3 por solicitar el sobreseimiento de la carpeta de investigaci\u00f3n de manera parcial tras encontrar, lo que llam\u00f3, 40 \u201cerrores\u201d. Orden\u00f3 abrir una nueva carpeta por el delito de feminicidio de Pamela y Mar\u00eda del Sol y homicidio calificado en el caso de Adelfo y no se investig\u00f3.&nbsp;<\/p>\n\n\n\n<p class=\"wp-block-paragraph\">El actual fiscal de Oaxaca, Bernardo Rodr\u00edguez Alamilla se declar\u00f3 imposibilitado de emprender la investigaci\u00f3n ante la falta de pruebas y porque hab\u00eda pasado ya mucho tiempo, lo que revela las carencias profesionales y cient\u00edficos de la instituci\u00f3n y su personal. De ah\u00ed que, en diciembre pasado determin\u00f3 cerrar definitivamente la investigaci\u00f3n.<\/p>\n\n\n\n<p class=\"wp-block-paragraph\">El gobernador de Oaxaca Salom\u00f3n Jara Cruz ni nos ve ni oye, afirma Soledad \u201cEsa es su pol\u00edtica de estado con las madres que buscamos justicia para nuestras hijas y las organizaciones que nos acompa\u00f1an\u201d.&nbsp;&nbsp;&nbsp;<\/p>\n\n\n\n<p class=\"wp-block-paragraph\">\u201cEn estos 6 a\u00f1os han asesinado en forma violenta&nbsp; a m\u00e1s de 18 mil mujeres, apenas un poco m\u00e1s de una cuarta parte han sido considerados como feminicidios, el sistema oculta que vivimos una sociedad machista que sigue castigando a las mujeres\u201d.<\/p>\n\n\n\n<p class=\"wp-block-paragraph\">La familia de Mar\u00eda del Sol vive con incertidumbre ante la ausencia de la verdad, \u201clas 13 balas que asesinaron a mi hija se han multiplicado con el actuar de funcionarios y funcionarios de todos los niveles de gobierno y de los diversos poderes del Estado. En estos dos mil 198 d\u00edas sin Mar\u00eda del Sol, hemos tenido que transitar en medio de todos esos agravios.<\/p>\n\n\n\n<p class=\"wp-block-paragraph\">Soledad Jarqu\u00edn expres\u00f3: \u201cEstamos frente al fracaso del sistema judicial, uno que protegi\u00f3 y por tanto se ha negado sistem\u00e1ticamente a castigar a los autores intelectuales y materiales de su feminicidio ocurrido en un contexto de electoral y de corrupci\u00f3n de servidores p\u00fablicos, adem\u00e1s del robo de su equipo de trabajo\u201d.<\/p>\n\n\n\n<p class=\"wp-block-paragraph\">En la sesi\u00f3n de preguntas de los reporteros quedo evidente la responsabilidad del gobierno de Alejandro Murat hoy virtual senador por Morena, y del fiscal Rub\u00e9n &nbsp; Vasconcelos quien tuvo una carpeta de investigaci\u00f3n con 5 y 6 testigos, que fueron muriendo uno a uno, el robo de pruebas periciales y del cual Soledad Jarqu\u00edn y Consorcio Oaxaca se enteraron en el 2022, por lo que el actual fiscal pudo cerrar el caso..<\/p>\n\n\n\n<p class=\"wp-block-paragraph\">Tambi\u00e9n la protecci\u00f3n a los hermanos Hageo Montero pues la fotoperiodista Mar\u00eda del Sol fue asesinada en 2018 en Juchit\u00e1n cuando cubr\u00eda contra su voluntad la campa\u00f1a de&nbsp; Hageo Montero, hermano de Francisco Javier Montero, ex secretario de Asuntos Ind\u00edgenas de Oaxaca.<\/p>\n\n\n\n<p class=\"wp-block-paragraph\">La abogada Yesica Bengochea, pidi\u00f3 al gobierno de Salom\u00f3n Jara Cruz, a la Secretaria de la Mujer, al Congreso del Estado y la misma Fiscal\u00eda General de&nbsp; Oaxaca que dejen de tomarse fotos y eventos y pongan acci\u00f3n real a la violencia feminicida en el Estado.&nbsp;<\/p>\n\n\n\n<p class=\"wp-block-paragraph\"><\/p>\n\n\n\n<p class=\"wp-block-paragraph\"><\/p>\n\n\n\n<p class=\"wp-block-paragraph\"><\/p>\n","protected":false},"excerpt":{"rendered":"<p>Elda Montiel&nbsp; SemM\u00e9xico, Ciudad de M\u00e9xico,&nbsp; 10 de junio,&nbsp; 2024.- El llamado de Justicia para Mar\u00eda del Sol Cruz Jarqu\u00edn sigue pendiente, a 6 a\u00f1os del feminicidio, a 72 meses representados en 72 girasoles que enmarcaron las declaraciones de la madre,&nbsp; en la explanada de Santo Domingo de Guzm\u00e1n. La periodista y defensora de los [&hellip;]<\/p>\n","protected":false},"author":3,"featured_media":82729,"comment_status":"open","ping_status":"open","sticky":false,"template":"","format":"standard","meta":{"_monsterinsights_skip_tracking":false,"footnotes":""},"categories":[694,48],"tags":[],"class_list":["post-82728","post","type-post","status-publish","format-standard","has-post-thumbnail","category-destacadas","category-no-mas-impunidad-no-mas-impunidad"],"_links":{"self":[{"href":"https:\/\/redsemlac.com\/semmexico\/wp-json\/wp\/v2\/posts\/82728","targetHints":{"allow":["GET"]}}],"collection":[{"href":"https:\/\/redsemlac.com\/semmexico\/wp-json\/wp\/v2\/posts"}],"about":[{"href":"https:\/\/redsemlac.com\/semmexico\/wp-json\/wp\/v2\/types\/post"}],"author":[{"embeddable":true,"href":"https:\/\/redsemlac.com\/semmexico\/wp-json\/wp\/v2\/users\/3"}],"replies":[{"embeddable":true,"href":"https:\/\/redsemlac.com\/semmexico\/wp-json\/wp\/v2\/comments?post=82728"}],"version-history":[{"count":0,"href":"https:\/\/redsemlac.com\/semmexico\/wp-json\/wp\/v2\/posts\/82728\/revisions"}],"wp:featuredmedia":[{"embeddable":true,"href":"https:\/\/redsemlac.com\/semmexico\/wp-json\/wp\/v2\/media\/82729"}],"wp:attachment":[{"href":"https:\/\/redsemlac.com\/semmexico\/wp-json\/wp\/v2\/media?parent=82728"}],"wp:term":[{"taxonomy":"category","embeddable":true,"href":"https:\/\/redsemlac.com\/semmexico\/wp-json\/wp\/v2\/categories?post=82728"},{"taxonomy":"post_tag","embeddable":true,"href":"https:\/\/redsemlac.com\/semmexico\/wp-json\/wp\/v2\/tags?post=82728"}],"curies":[{"name":"wp","href":"https:\/\/api.w.org\/{rel}","templated":true}]}}