{"id":82716,"date":"2024-06-10T08:42:06","date_gmt":"2024-06-10T14:42:06","guid":{"rendered":"https:\/\/redsemlac.com\/semmexico\/?p=82716"},"modified":"2024-06-10T08:42:07","modified_gmt":"2024-06-10T14:42:07","slug":"hostiga-ine-a-40-periodistas-denunciados-por-beatriz-mojica-presunta-senadora","status":"publish","type":"post","link":"https:\/\/redsemlac.com\/semmexico\/hostiga-ine-a-40-periodistas-denunciados-por-beatriz-mojica-presunta-senadora\/","title":{"rendered":"Hostiga INE a 40 periodistas denunciados por\u00a0 Beatriz Mojica, presunta Senadora\u00a0"},"content":{"rendered":"\n<p class=\"wp-block-paragraph\">Redacci\u00f3n<\/p>\n\n\n\n<p class=\"wp-block-paragraph\">SemM\u00e9xico\/S\u00edntesis de Guerrero, 10 de junio, 2024.-&nbsp; El pasado 17 de marzo del presente a\u00f1o, el compa\u00f1ero Ignacio Ren\u00e9 Hern\u00e1ndez Meneses fue denunciado por la actual senadora electa Beatriz Mojica Morga ante el Instituto Nacional Electoral por violencia pol\u00edtica contra las mujeres en raz\u00f3n de g\u00e9nero que inici\u00f3 un procedimiento especial sancionador a trav\u00e9s de la Unidad T\u00e9cnica de lo Contencioso Electoral.<\/p>\n\n\n\n<p class=\"wp-block-paragraph\">Junto con el compa\u00f1ero reportero y caricaturista, con actividad profesional como comunicador de hace m\u00e1s de 30 a\u00f1os, fueron denunciados tambi\u00e9n otros periodistas y editores de las p\u00e1ginas web Libertad Guerrero Noticias y la Agencia Ceprovysa dirigidas por Francisco C\u00e1rdenas L\u00f3pez e Isabel Ortega Morales, respectivamente.<\/p>\n\n\n\n<p class=\"wp-block-paragraph\">La legisladora federal motiv\u00f3 su denuncia en una caricatura elaborada por Hern\u00e1ndez Meneses en base a declaraciones period\u00edsticas de la misma Mojica Morga que hizo en 2017 cuando encabezaba la dirigencia nacional del PRD y era contrincante del hoy presidente Andr\u00e9s Manuel L\u00f3pez Obrador a quien calific\u00f3 como autoritario en su momento. Hoy obtiene, gracias al voto ciudadano y al partido de AMLO, una Senadur\u00eda.<\/p>\n\n\n\n<p class=\"wp-block-paragraph\">A ra\u00edz de la denuncia de la legisladora electa, personal del INE se ha dedicado aparentemente a actuar en plan de hostigamiento contra los compa\u00f1eros pegando notificaciones en las puertas de su casa, como una exhibici\u00f3n p\u00fablica del caso, presiones a familiares de los denunciados para que digan exactamente su ubicaci\u00f3n y cumplir con el procedimiento.<\/p>\n\n\n\n<p class=\"wp-block-paragraph\">Lo peor sucedi\u00f3 el pasado viernes 7 de junio, D\u00eda de la Libertad de Expresi\u00f3n, cuando una persona que se identific\u00f3 como \u00c1lvaro Hern\u00e1ndez Soria entreg\u00f3 el documento en el sitio donde se realizaba el Encuentro Estatal de Periodistas con el argumento que solamente estaba cumpliendo con su misi\u00f3n.<\/p>\n\n\n\n<p class=\"wp-block-paragraph\">Ante tales hechos, el colectivo de periodistas de Acapulco, integrado por diversas organizaciones de reporteros y reporteros independientes, hacemos el siguiente pronunciamiento:<\/p>\n\n\n\n<p class=\"wp-block-paragraph\">1.- Solicitamos al Instituto Nacional Electoral el cese de esa aparente campa\u00f1a de acoso y hostigamiento para dar cumplimiento a una denuncia levantada por la actual senadora electa Beatriz Mojica Morga.<\/p>\n\n\n\n<p class=\"wp-block-paragraph\">2.- Solicitaremos la intervenci\u00f3n de la Comisi\u00f3n Nacional de los Derechos Humanos porque consideramos que las actuaciones tanto de la senadora electa de Morena como de la autoridad electoral federal viola los preceptos de los art\u00edculos constitucionales sexto y s\u00e9ptimo que garantizan la libertad de expresi\u00f3n y la libre prensa en M\u00e9xico.<\/p>\n\n\n\n<p class=\"wp-block-paragraph\">3.- Solicitaremos la intervenci\u00f3n de organizaciones de reporteros nacionales e internacionales para dar a conocer un caso que consideramos s\u00ed es de autoritarismo de alguien que busca ser pr\u00f3ximamente precandidata de la gubernatura de Guerrero.<\/p>\n\n\n\n<p class=\"wp-block-paragraph\">4.- Los periodistas de Acapulco&nbsp;consideramos que se est\u00e1 haciendo un uso perturbador de instituciones que supuestamente son de buena fe de parte de mujeres en el poder que no est\u00e1n dispuestas a aceptar la cr\u00edtica o s\u00e1tira period\u00edstica.<\/p>\n\n\n\n<p class=\"wp-block-paragraph\">5.- Estamos conscientes de la responsabilidad y respeto que debe tener la informaci\u00f3n de tipo pol\u00edtico que incluye art\u00edculos de opini\u00f3n, notas, reportajes, cr\u00f3nicas, caricaturas, fotograf\u00edas y videograbaciones de los diversos personajes que participan en la b\u00fasqueda de ser representantes populares o simplemente ser empleados de gobierno.<\/p>\n\n\n\n<p class=\"wp-block-paragraph\">6.- Si permitimos este abuso, estaremos tambi\u00e9n permitiendo la construcci\u00f3n de un estado represivo contra la libertad de expresi\u00f3n y la libertad de prensa que propusieron los hermanos Ricardo y Enrique Flores Mag\u00f3n durante la lucha contra la dictadura porfirista.<\/p>\n\n\n\n<p class=\"wp-block-paragraph\">7.- No debemos permitir tambi\u00e9n que con argucias legales o chicanadas se pretenda borrar la memoria colectiva para no exhibir las incongruencias ideol\u00f3gicas ni las traiciones cometidas en el pasado pol\u00edtico de los personajes p\u00fablicos.<\/p>\n\n\n\n<p class=\"wp-block-paragraph\">8.- La presidenta electa de M\u00e9xico, Claudia Sheinbaum Pardo, una semana antes de las elecciones firm\u00f3 como candidata el compromiso de defender la libertad de prensa, propuesta por la organizaci\u00f3n internacional Reporteros Sin Fronteras. En el documento se exhibi\u00f3 el compromiso de que en el primer trimestre de 2025 un grupo de trabajo para tomar medidas en favor de la libertad de prensa.<\/p>\n\n\n\n<p class=\"wp-block-paragraph\">Un d\u00eda despu\u00e9s de las elecciones, durante la conmemoraci\u00f3n del D\u00eda Mundial de la Libertad de Prensa, la misma ganadora de las elecciones record\u00f3 que no incurrir\u00e1 en violaciones a la libre expresi\u00f3n de periodistas en el pa\u00eds. Uno de sus cien puntos del proyecto de Naci\u00f3n que busca es garantizar la libre expresi\u00f3n, la libre prensa, respetar los derechos humanos y nunca usar la fuerza del Estado para reprimir.<\/p>\n\n\n\n<p class=\"wp-block-paragraph\">No puede iniciar el segundo piso de la Cuarta Transformaci\u00f3n con una violaci\u00f3n a los art\u00edculos sexto y s\u00e9ptimo constitucionales.<\/p>\n\n\n\n<p class=\"wp-block-paragraph\">Estaremos atentos para el cumplimiento de sus promesas.<\/p>\n\n\n\n<p class=\"wp-block-paragraph\">Atentamente<br><\/p>\n\n\n\n<p class=\"wp-block-paragraph\">Club de Periodistas de Guerrero<\/p>\n\n\n\n<p class=\"wp-block-paragraph\"><br>Miguel \u00c1ngel Mata Mata<\/p>\n\n\n\n<p class=\"wp-block-paragraph\"><br>Federaci\u00f3n de Periodistas de&nbsp;Acapulco<\/p>\n\n\n\n<p class=\"wp-block-paragraph\"><br>Enrique Guzm\u00e1n Morales<\/p>\n\n\n\n<p class=\"wp-block-paragraph\"><br>Sindicato de Periodistas del Estado de Guerrero<\/p>\n\n\n\n<p class=\"wp-block-paragraph\"><br>Francisco Javier Flores Vald\u00e9s<\/p>\n\n\n\n<p class=\"wp-block-paragraph\"><br>Periodista no afiliado a organizaciones<\/p>\n\n\n\n<p class=\"wp-block-paragraph\"><br>Carlos Eduardo Ortiz Moreno<\/p>\n","protected":false},"excerpt":{"rendered":"<p>Redacci\u00f3n SemM\u00e9xico\/S\u00edntesis de Guerrero, 10 de junio, 2024.-&nbsp; El pasado 17 de marzo del presente a\u00f1o, el compa\u00f1ero Ignacio Ren\u00e9 Hern\u00e1ndez Meneses fue denunciado por la actual senadora electa Beatriz Mojica Morga ante el Instituto Nacional Electoral por violencia pol\u00edtica contra las mujeres en raz\u00f3n de g\u00e9nero que inici\u00f3 un procedimiento especial sancionador a trav\u00e9s [&hellip;]<\/p>\n","protected":false},"author":3,"featured_media":82718,"comment_status":"open","ping_status":"open","sticky":false,"template":"","format":"standard","meta":{"_monsterinsights_skip_tracking":false,"footnotes":""},"categories":[55],"tags":[],"class_list":["post-82716","post","type-post","status-publish","format-standard","has-post-thumbnail","category-periodistas"],"_links":{"self":[{"href":"https:\/\/redsemlac.com\/semmexico\/wp-json\/wp\/v2\/posts\/82716","targetHints":{"allow":["GET"]}}],"collection":[{"href":"https:\/\/redsemlac.com\/semmexico\/wp-json\/wp\/v2\/posts"}],"about":[{"href":"https:\/\/redsemlac.com\/semmexico\/wp-json\/wp\/v2\/types\/post"}],"author":[{"embeddable":true,"href":"https:\/\/redsemlac.com\/semmexico\/wp-json\/wp\/v2\/users\/3"}],"replies":[{"embeddable":true,"href":"https:\/\/redsemlac.com\/semmexico\/wp-json\/wp\/v2\/comments?post=82716"}],"version-history":[{"count":0,"href":"https:\/\/redsemlac.com\/semmexico\/wp-json\/wp\/v2\/posts\/82716\/revisions"}],"wp:featuredmedia":[{"embeddable":true,"href":"https:\/\/redsemlac.com\/semmexico\/wp-json\/wp\/v2\/media\/82718"}],"wp:attachment":[{"href":"https:\/\/redsemlac.com\/semmexico\/wp-json\/wp\/v2\/media?parent=82716"}],"wp:term":[{"taxonomy":"category","embeddable":true,"href":"https:\/\/redsemlac.com\/semmexico\/wp-json\/wp\/v2\/categories?post=82716"},{"taxonomy":"post_tag","embeddable":true,"href":"https:\/\/redsemlac.com\/semmexico\/wp-json\/wp\/v2\/tags?post=82716"}],"curies":[{"name":"wp","href":"https:\/\/api.w.org\/{rel}","templated":true}]}}