{"id":82711,"date":"2024-06-10T08:35:41","date_gmt":"2024-06-10T14:35:41","guid":{"rendered":"https:\/\/redsemlac.com\/semmexico\/?p=82711"},"modified":"2024-06-10T08:36:05","modified_gmt":"2024-06-10T14:36:05","slug":"tras-la-puerta-del-poder-la-confirmacion","status":"publish","type":"post","link":"https:\/\/redsemlac.com\/semmexico\/tras-la-puerta-del-poder-la-confirmacion\/","title":{"rendered":"Tras la puerta del poder | La confirmaci\u00f3n"},"content":{"rendered":"\n<p class=\"wp-block-paragraph\">Roberto Vizca\u00edno&nbsp;<\/p>\n\n\n\n<p class=\"wp-block-paragraph\">SemM\u00e9xico, Ciudad de M\u00e9xico, 10 de junio, 2024.- El tiempo no se detiene y ya transcurrimos la primera semana de un pa\u00eds nuevo, distinto.<\/p>\n\n\n\n<p class=\"wp-block-paragraph\">Tampoco hay sorpresas, aun cuando todav\u00eda no nos reponemos del azoro. Siempre supimos que hab\u00eda dos M\u00e9xico\u00b4s, el del desarrollo y el del atraso. Representados arbitrariamente por el norte y por el sur.<\/p>\n\n\n\n<p class=\"wp-block-paragraph\">Lo que nunca cre\u00edmos fue que el pa\u00eds del sur iba a imponerse al del norte. Pero ocurri\u00f3.<\/p>\n\n\n\n<p class=\"wp-block-paragraph\">Los datos -m\u00e1s o menos ciertos- son demoledores:<\/p>\n\n\n\n<p class=\"wp-block-paragraph\">&#8211;&nbsp;&nbsp;&nbsp;&nbsp;&nbsp;&nbsp;&nbsp;Una primera presidenta que responde a la continuidad del desastre y la violencia; 7 gobernadores de 9 (para con ellos llegar a los 25, como en las mejores \u00e9pocas del partido \u00fanico); mayor\u00eda casi calificadas en Senado y Diputados; superioridad en 27 Congresos locales de 31 que se jugaron, y ya ni digo en alcald\u00edas.<\/p>\n\n\n\n<p class=\"wp-block-paragraph\">&#8211;&nbsp;&nbsp;&nbsp;&nbsp;&nbsp;&nbsp;&nbsp;La Morena ideada y creada por&nbsp;<strong>Andr\u00e9s Manuel L\u00f3pez Obrador<\/strong>&nbsp;hace apenas diez a\u00f1os ya no es idea ni promesa, es realidad y futuro.<\/p>\n\n\n\n<p class=\"wp-block-paragraph\">Arrolladas por estos datos brutales, definitivos, quedaron las prometedoras, expresivas,&nbsp;<strong><em>mareas rosas<\/em><\/strong>&nbsp;y toda una corriente de percepciones y sentimientos que \u00edbamos detr\u00e1s del supuesto triunfo de&nbsp;<strong>X\u00f3chitl G\u00e1lvez<\/strong>&nbsp;-y toda la inteligencia y enorme experiencia que convoc\u00f3 su candidatura-, con su propuesta amplia de recuperaci\u00f3n, desarrollo, inclusi\u00f3n, Estado de Derecho.<\/p>\n\n\n\n<p class=\"wp-block-paragraph\">Como dijera mi amada abuela: ya ni llorar es bueno.<\/p>\n\n\n\n<p class=\"wp-block-paragraph\">Tras la debacle -y el predominio del sur sobre el norte-, se cierne sobre el futuro de los vencidos la anunciada aprobaci\u00f3n de al menos 3 de 20 reformas propuestas por el presidente&nbsp;<strong>Andr\u00e9s Manuel L\u00f3pez Obrador<\/strong>&nbsp;que significar\u00edan la destrucci\u00f3n del Estado de Derecho y del Sistema Democr\u00e1tico Electoral que ha operado durante los \u00faltimos 30 a\u00f1os.<\/p>\n\n\n\n<p class=\"wp-block-paragraph\">La regresi\u00f3n planteada y aprobada por la mayor\u00eda contundente de los mexicanos del sur, nos llevar\u00eda -ya lo han planteado decenas y decenas de sesudos y experimentados analistas, pol\u00edticos y ciudadanos alarmados- a un pa\u00eds gobernado por una sola persona, con todo el poder y sin contrapesos ni instituciones de control. Una tiran\u00eda, ni m\u00e1s, ni menos.<\/p>\n\n\n\n<p class=\"wp-block-paragraph\">Como en el PRI del M\u00e9xico de los 50, 60, 70, el de la dictadura perfecta revelada por&nbsp;<strong>Mario Vargas Llosa<\/strong>.<\/p>\n\n\n\n<p class=\"wp-block-paragraph\">Pero a diferencia de aquel PRI, el Morena de hoy, bajo el predominio de&nbsp;<strong>AMLO,<\/strong>&nbsp;y por su deriva ideol\u00f3gica populista, pasamos el domingo pasado -desde mi punto de vista-, de ser una Venezuela como la encabezada por&nbsp;<strong>Hugo Ch\u00e1vez<\/strong>&nbsp;a la otra, a la de hoy, gobernada por&nbsp;<strong>Nicol\u00e1s Maduro<\/strong>.<\/p>\n\n\n\n<p class=\"wp-block-paragraph\"><strong>En el centro de todo -creo yo- est\u00e1 el bajo, baj\u00edsimo nivel educativo del pueblo de M\u00e9xico.<\/strong><\/p>\n\n\n\n<p class=\"wp-block-paragraph\"><strong>PERO A PESAR DE TODO, HAY UNA D\u00c9BIL ESPERANZA<\/strong><\/p>\n\n\n\n<p class=\"wp-block-paragraph\">Como tambi\u00e9n dec\u00eda mi querida y sabia abuela:&nbsp;<strong><em>Dios aprieta, pero no ahorca<\/em><\/strong>.<\/p>\n\n\n\n<p class=\"wp-block-paragraph\">Y dentro del desastre electoral, existe una realidad innegable afirman los vapuleados opositores.<\/p>\n\n\n\n<p class=\"wp-block-paragraph\">Y es que, si bien en la elecci\u00f3n presidencial sali\u00f3 vencedora una candidata con el casi 60% de los votos, igual es que ese mismo d\u00eda los mismos ciudadanos dieron 44% de votos a legisladores de Morena, PT y Verde y 42% a los opositores PAN, PRI, PRD y MC. O sea, el partido hegem\u00f3nico, absoluto, no existe. Morena no tiene todo, a pesar de que quiere hacer creer.<\/p>\n\n\n\n<p class=\"wp-block-paragraph\">Y hoy mismo esos porcentajes hacen la diferencia de vivir un futuro como el de un M\u00e9xico con una d\u00e9bil pero cierta esperanza democr\u00e1tica, o el de una Venezuela de&nbsp;<strong>Maduro<\/strong>.<\/p>\n\n\n\n<p class=\"wp-block-paragraph\">En agosto -como lo establece la Ley Electoral-, se realizar\u00e1 el reparto de&nbsp;<strong><em>pluris<\/em><\/strong>&nbsp;y la confirmaci\u00f3n de curules y esca\u00f1os en Diputados y Senadores, y ser\u00e1 hasta entonces que se haga valer esos porcentajes del 42% frente al 44%, y sabremos cuantos diputados y senadores tendr\u00e1n cada uno de los 7 partidos reconocidos.<\/p>\n\n\n\n<p class=\"wp-block-paragraph\">Las proyecciones iniciales se\u00f1alan que Morena, PT y Verde podr\u00edan tener mayor\u00edas calificadas en San L\u00e1zaro y que les faltar\u00edan entre 5 y 3 senadores para tenerlas en el Senado.<\/p>\n\n\n\n<p class=\"wp-block-paragraph\">Mantener el sistema pol\u00edtico, econ\u00f3mico y social como lo conocemos depender\u00e1 de ese reparto, y de c\u00f3mo act\u00faen luego los senadores y diputados de la oposici\u00f3n frente a los anuncios de&nbsp;<strong>AMLO<\/strong>&nbsp;de impulsar \u00e9l mismo sus reformas para destruir lo que quiere destruir.<\/p>\n\n\n\n<p class=\"wp-block-paragraph\">Al final todo eso depender\u00e1 de la voluntad y actuaci\u00f3n de 5 o 3 senadores opositores, de si se dejan comprar o no por AMLO y Morena y socios.<\/p>\n\n\n\n<p class=\"wp-block-paragraph\">As\u00ed de dram\u00e1tico y trascendente para la Naci\u00f3n es este momento del reparto de pluris.<\/p>\n\n\n\n<p class=\"wp-block-paragraph\">En s\u00edntesis: es la posibilidad de continuar con este M\u00e9xico ciertamente imperfecto que conocemos, pero al fin democr\u00e1tico, o entrar a uno muy cercano a la Venezuela de&nbsp;<strong>Maduro<\/strong>, o la Cuba del castrista&nbsp;<strong>Miguel D\u00edaz Canel<\/strong>.<\/p>\n\n\n\n<p class=\"wp-block-paragraph\"><strong>\u00bfPOBRE M\u00c9XICO?&#8230; VEAN LO DE FRANCIA Y RESTO DE EUROPA&nbsp;<\/strong><\/p>\n\n\n\n<p class=\"wp-block-paragraph\">&nbsp;La ultraderecha arrasa y casi duplica a las otras fuerzas pol\u00edticas en las elecciones nacionales de 720 diputados del parlamento europeo.<\/p>\n\n\n\n<p class=\"wp-block-paragraph\">En Francia fue tan contundente el voto ultra que el presidente Emmanuel Macron disuelve la Asamblea Nacional para darle paso a la nueva expresi\u00f3n ideol\u00f3gica en Francia.<\/p>\n\n\n\n<p class=\"wp-block-paragraph\">No es para nada un alivio, pero hay que ver estas elecciones para reflexionar lo que ocurre hoy en M\u00e9xico, y cu\u00e1l es aqu\u00ed el reto de la oposici\u00f3n perdedora. El antecedente inmediato fue el ascenso de&nbsp;<strong>Milei&nbsp;<\/strong>en Argentina. Algo pasa en el mundo que no entendemos.<\/p>\n\n\n\n<p class=\"wp-block-paragraph\"><strong>FLUYEN LAS CONFIRMACIONES DE REELECCION<\/strong><\/p>\n\n\n\n<p class=\"wp-block-paragraph\">As\u00ed como unos la sufren, otros la gozan y entre ellos est\u00e1n&nbsp;<strong>Ana Lilia Rivera<\/strong>, presidenta del Senado e&nbsp;<strong>Higinio Mart\u00ednez<\/strong>, cabeza del emblem\u00e1tico Grupo Texcoco (algo como el de Atlacomulco, pero dentro de Morena) quienes este fin de semana recibieron sus confirmaciones de triunfo para continuar en el Senado.<\/p>\n\n\n\n<p class=\"wp-block-paragraph\">En este contexto la senadora tlaxcalteca&nbsp;<strong>Ana Lilia Rivera<\/strong>&nbsp;indic\u00f3 que el triunfo de&nbsp;<strong>Claudia Sheinbaum<\/strong>&nbsp;marca el tiempo de las mujeres en el poder en M\u00e9xico.<\/p>\n\n\n\n<p class=\"wp-block-paragraph\">Pasan, dice, de ser las cuidadoras y protectoras de la familia a tener su rol en la historia del poder pol\u00edtico en este pa\u00eds dominado todav\u00eda por el machismo. Su llegada a Palacio har\u00e1 que las ni\u00f1as vean que todo es posible, inclusive ser presidenta de M\u00e9xico, el cargo m\u00e1ximo que cualquier pol\u00edtico podr\u00eda aspirar a obtener: \u201c\u00a1<strong><em>lleg\u00f3 ella, llegamos todas<\/em><\/strong>!\u201d, afirma&nbsp;<strong>Rivera<\/strong>.<\/p>\n\n\n\n<p class=\"wp-block-paragraph\">\u2026 \/ Twitter: @_Vizcaino \/ Facebook<\/p>\n\n\n\n<p class=\"wp-block-paragraph\">\/&nbsp;<a href=\"https:\/\/www.facebook.com\/rvizcainoa\">https:\/\/www.facebook.com\/rvizcainoa<\/a><\/p>\n","protected":false},"excerpt":{"rendered":"<p>Roberto Vizca\u00edno&nbsp; SemM\u00e9xico, Ciudad de M\u00e9xico, 10 de junio, 2024.- El tiempo no se detiene y ya transcurrimos la primera semana de un pa\u00eds nuevo, distinto. Tampoco hay sorpresas, aun cuando todav\u00eda no nos reponemos del azoro. Siempre supimos que hab\u00eda dos M\u00e9xico\u00b4s, el del desarrollo y el del atraso. Representados arbitrariamente por el norte [&hellip;]<\/p>\n","protected":false},"author":3,"featured_media":39589,"comment_status":"open","ping_status":"open","sticky":false,"template":"","format":"standard","meta":{"_monsterinsights_skip_tracking":false,"footnotes":""},"categories":[35,623],"tags":[],"class_list":["post-82711","post","type-post","status-publish","format-standard","has-post-thumbnail","category-opinion","category-roberto-vizcaino"],"_links":{"self":[{"href":"https:\/\/redsemlac.com\/semmexico\/wp-json\/wp\/v2\/posts\/82711","targetHints":{"allow":["GET"]}}],"collection":[{"href":"https:\/\/redsemlac.com\/semmexico\/wp-json\/wp\/v2\/posts"}],"about":[{"href":"https:\/\/redsemlac.com\/semmexico\/wp-json\/wp\/v2\/types\/post"}],"author":[{"embeddable":true,"href":"https:\/\/redsemlac.com\/semmexico\/wp-json\/wp\/v2\/users\/3"}],"replies":[{"embeddable":true,"href":"https:\/\/redsemlac.com\/semmexico\/wp-json\/wp\/v2\/comments?post=82711"}],"version-history":[{"count":0,"href":"https:\/\/redsemlac.com\/semmexico\/wp-json\/wp\/v2\/posts\/82711\/revisions"}],"wp:featuredmedia":[{"embeddable":true,"href":"https:\/\/redsemlac.com\/semmexico\/wp-json\/wp\/v2\/media\/39589"}],"wp:attachment":[{"href":"https:\/\/redsemlac.com\/semmexico\/wp-json\/wp\/v2\/media?parent=82711"}],"wp:term":[{"taxonomy":"category","embeddable":true,"href":"https:\/\/redsemlac.com\/semmexico\/wp-json\/wp\/v2\/categories?post=82711"},{"taxonomy":"post_tag","embeddable":true,"href":"https:\/\/redsemlac.com\/semmexico\/wp-json\/wp\/v2\/tags?post=82711"}],"curies":[{"name":"wp","href":"https:\/\/api.w.org\/{rel}","templated":true}]}}