{"id":8247,"date":"2019-03-08T17:12:41","date_gmt":"2019-03-08T17:12:41","guid":{"rendered":"https:\/\/redsemlac.com\/semmexico\/?p=8247"},"modified":"2023-07-21T14:47:47","modified_gmt":"2023-07-21T19:47:47","slug":"gesmujer-cuestiona-al-gobernador-por-inaccion-gubernamental-frente-a-275-asesinatos-de-mujeres-en-oaxaca","status":"publish","type":"post","link":"https:\/\/redsemlac.com\/semmexico\/gesmujer-cuestiona-al-gobernador-por-inaccion-gubernamental-frente-a-275-asesinatos-de-mujeres-en-oaxaca\/","title":{"rendered":"GESMujer cuestiona al gobernador por inacci\u00f3n gubernamental frente a 275 asesinatos de mujeres en Oaxaca"},"content":{"rendered":"\n<p class=\"wp-block-paragraph\">Por si no sab\u00eda le coment\u00f3 que van 60 asesinatos violentos de mujeres desde que se decret\u00f3 la Alerta de G\u00e9nero.<\/p>\n\n\n\n<h5 class=\"wp-block-heading\"> El gobierno Murat hijo est\u00e1 a 8 asesinatos de mujeres para alcanzar a todo el sexenio de Ulises Ruiz.<\/h5>\n\n\n\n<p class=\"wp-block-paragraph\"><a href=\"https:\/\/semmexico.com\/gallery-post.php?id=7467#\">Redacci\u00f3n<\/a><\/p>\n\n\n\n<p class=\"wp-block-paragraph\"><strong>Pedro Mat\u00edas<\/strong><\/p>\n\n\n\n<p class=\"wp-block-paragraph\">SemM\u00e9xico\/P\u00e1gina3.mx OAXACA, Oax. 08 de marzo 2019.- La presidenta del Grupo de Estudios Sobre la mujer \u201cRosario Castellanos\u201d (GESMujer), Ang\u00e9lica Ayala, cuestion\u00f3 de frente al gobernador Alejandro Murat Hinojosa al recalcarle que debido a su inacci\u00f3n han sido asesinadas 275 mujeres en lo que va de su sexenio, la alerta de g\u00e9nero ha sido ignorada y la impunidad se ha arraigado.<\/p>\n\n\n\n<p class=\"wp-block-paragraph\">\u201cEn lo que va del sexenio, hasta el 7 de marzo de \u00e9ste a\u00f1o hemos contabilizado 275 muertes violentas, de \u00e9stas 26 ocurrieron en lo que va del a\u00f1o y desde el 30 de agosto de 2018 que se decret\u00f3 la Alerta de G\u00e9nero en Oaxaca han ocurrido 60 asesinatos violentos de mujeres, esto es 9.6 muertes por mes\u201d, le hizo saber por \u201csi no est\u00e1 enterado\u201d.<\/p>\n\n\n\n<p class=\"wp-block-paragraph\">Durante la sesi\u00f3n ordinaria del Sistema Estatal para la Prevenci\u00f3n, Atenci\u00f3n, Sanci\u00f3n y Erradicaci\u00f3n de la Violencia contra las Mujeres tambi\u00e9n le hizo saber que con fecha 12 de enero, cinco meses despu\u00e9s de emitida la Alerta, se public\u00f3 en el Peri\u00f3dico Oficial del Estado, el Programa Integral propuesto por la Secretar\u00eda de las Mujeres de Oaxaca para hacerle frente.<\/p>\n\n\n\n<p class=\"wp-block-paragraph\">Aunado a ello le record\u00f3 que se han cancelado en dos ocasiones las sesiones del sistema estatal; han desfilado en dos a\u00f1os de su administraci\u00f3n tres titulares de en la Secretar\u00eda de las Mujeres de Oaxaca, esto sin contar que se carece de la coordinaci\u00f3n necesaria e inmediata para poner en marcha acciones que garanticen la seguridad y su derecho a una vida libre de violencia.<\/p>\n\n\n\n<p class=\"wp-block-paragraph\">En el Centro Cultural y de Convenciones donde se realiz\u00f3 la sesi\u00f3n le pidi\u00f3 al gobernador y al fiscal general de Oaxaca, Rub\u00e9n Vasconcelos M\u00e9ndez que en la pr\u00f3xima reuni\u00f3n \u201cse presenten y digan, se ha hecho justicia, eso es lo que queremos escuchar\u201d.<\/p>\n\n\n\n<p class=\"wp-block-paragraph\">Ahora que escucho al gobernador \u201cme genera expectativa que ahora s\u00ed tal vez asuma la causa de las mujeres y que la pr\u00f3xima reuni\u00f3n digamos, la justicia tarde pero se hizo, mientras tanto, hoy exigimos justicia para esas mujeres que no debieron de morir. \u00a1Nos queremos vivas, ni una mas!\u201d.<\/p>\n\n\n\n<p class=\"wp-block-paragraph\">\u201c\u00c9sta administraci\u00f3n ha tenido dos a\u00f1os para demostrar su compromiso, las 275 mujeres que han perdido la vida de manera violenta dicen lo contrario, incluida la joven fot\u00f3grafa Mar\u00eda del Sol Cruz Jarqu\u00edn, hija de nuestra compa\u00f1era periodista Soledad Jarqu\u00edn, qui\u00e9n desde hace nueve meses ha demandado un derecho negado de justicia que hoy les recordamos. Demu\u00e9strenos con hechos su compromiso! Hoy exigimos \u00a1Justicia para Sol! \u00a1Justicia para cada una de las mujeres asesinadas hasta el d\u00eda de hoy en Oaxaca! \u00a1Ni una m\u00e1s!\u201d, puntualiz\u00f3.<\/p>\n\n\n\n<p class=\"wp-block-paragraph\">En el marco del D\u00eda Internacional de la Mujer y de acuerdo al seguimiento hemerogr\u00e1fico del Centro de Documentaci\u00f3n del Grupo de estudios sobre la mujer \u201cRosario Castellanos\u201d (GESMujer), basado en los dos principales diarios de Oaxaca, Noticias e Imparcial, del 1 de diciembre de 2016 al 7 de marzo de 2019 o lo que va de esta administraci\u00f3n, se han registrado 275 casos de mujeres asesinadas. Tan solo del 1 de enero al 7 de marzo 2019 tienen registrados 26 mujeres asesinadas.<\/p>\n\n\n\n<p class=\"wp-block-paragraph\">En cuanto a sexenios revel\u00f3 que en el gobierno de Jos\u00e9 Murat Casab contabilizaron 429 asesinatos de mujeres; con Ulises Ruiz Ortiz bajo a 283, con Gabino Cu\u00e9 Monteagudo se dispararon las cifras a 527 y en los dos a\u00f1os de gobierno de Alejandro Murat Hinojosa ya llevan 275 muertes violentas de mujeres.<\/p>\n","protected":false},"excerpt":{"rendered":"<p>Por si no sab\u00eda le coment\u00f3 que van 60 asesinatos violentos de mujeres desde que se decret\u00f3 la Alerta de G\u00e9nero. El gobierno Murat hijo est\u00e1 a 8 asesinatos de mujeres para alcanzar a todo el sexenio de Ulises Ruiz. Redacci\u00f3n Pedro Mat\u00edas SemM\u00e9xico\/P\u00e1gina3.mx OAXACA, Oax. 08 de marzo 2019.- La presidenta del Grupo de [&hellip;]<\/p>\n","protected":false},"author":3,"featured_media":8249,"comment_status":"open","ping_status":"open","sticky":false,"template":"","format":"standard","meta":{"_monsterinsights_skip_tracking":false,"footnotes":""},"categories":[690,56],"tags":[],"class_list":["post-8247","post","type-post","status-publish","format-standard","has-post-thumbnail","category-690","category-redes"],"_links":{"self":[{"href":"https:\/\/redsemlac.com\/semmexico\/wp-json\/wp\/v2\/posts\/8247","targetHints":{"allow":["GET"]}}],"collection":[{"href":"https:\/\/redsemlac.com\/semmexico\/wp-json\/wp\/v2\/posts"}],"about":[{"href":"https:\/\/redsemlac.com\/semmexico\/wp-json\/wp\/v2\/types\/post"}],"author":[{"embeddable":true,"href":"https:\/\/redsemlac.com\/semmexico\/wp-json\/wp\/v2\/users\/3"}],"replies":[{"embeddable":true,"href":"https:\/\/redsemlac.com\/semmexico\/wp-json\/wp\/v2\/comments?post=8247"}],"version-history":[{"count":0,"href":"https:\/\/redsemlac.com\/semmexico\/wp-json\/wp\/v2\/posts\/8247\/revisions"}],"wp:featuredmedia":[{"embeddable":true,"href":"https:\/\/redsemlac.com\/semmexico\/wp-json\/wp\/v2\/media\/8249"}],"wp:attachment":[{"href":"https:\/\/redsemlac.com\/semmexico\/wp-json\/wp\/v2\/media?parent=8247"}],"wp:term":[{"taxonomy":"category","embeddable":true,"href":"https:\/\/redsemlac.com\/semmexico\/wp-json\/wp\/v2\/categories?post=8247"},{"taxonomy":"post_tag","embeddable":true,"href":"https:\/\/redsemlac.com\/semmexico\/wp-json\/wp\/v2\/tags?post=8247"}],"curies":[{"name":"wp","href":"https:\/\/api.w.org\/{rel}","templated":true}]}}