{"id":8242,"date":"2019-04-28T17:10:55","date_gmt":"2019-04-28T17:10:55","guid":{"rendered":"https:\/\/redsemlac.com\/semmexico\/?p=8242"},"modified":"2023-07-21T14:48:42","modified_gmt":"2023-07-21T19:48:42","slug":"realizan-vigilia-por-vanessa-y-las-victimas-de-feminicidio-en-jalisco","status":"publish","type":"post","link":"https:\/\/redsemlac.com\/semmexico\/realizan-vigilia-por-vanessa-y-las-victimas-de-feminicidio-en-jalisco\/","title":{"rendered":"Realizan vigilia por Vanessa y las v\u00edctimas de feminicidio en Jalisco"},"content":{"rendered":"\n<p class=\"wp-block-paragraph\">Reclamaron la respuesta oficial de todos los funcionarios que han declarado respecto del feminicidio de Vanesa.<\/p>\n\n\n\n<h5 class=\"wp-block-heading\"> Confrontan a gobernador, exigen justicia y garant\u00edas de no repetici\u00f3n.<\/h5>\n\n\n\n<p class=\"wp-block-paragraph\"><a href=\"https:\/\/semmexico.com\/gallery-post.php?id=7991#\">Analy S. Nu\u00f1o<\/a><\/p>\n\n\n\n<p class=\"wp-block-paragraph\">SemM\u00e9xico.&nbsp;Guadalajara, Jalisco. 28 de abril de 2019.- Familiares de v\u00edctimas de feminicidios y colectivos de defensa de los derechos de las mujeres realizaron una vigilia en memoria de Vanessa y las 70 mujeres asesinadas en 2019. Ah\u00ed confrontaron al gobernador.<\/p>\n\n\n\n<p class=\"wp-block-paragraph\">Con velas y flores blancas instaladas a la puerta de Casa Jalisco -residencia oficial del gobernador-, familiares de Imelda, Alondra, Gaby y m\u00e1s v\u00edctimas de feminicidio as\u00ed como feministas exigieron al gobierno un alto a los feminicidios, justicia en todos los casos y reestructurar todo el sistema de justicia que atiende la violencia de g\u00e9nero.<\/p>\n\n\n\n<p class=\"wp-block-paragraph\">Advirtieron que el feminicidio de Vanesa Gayt\u00e1n Ochoa ocurrido el pasado 25 de abril en las puertas de Casa Jalisco, refleja a la perfecci\u00f3n lo que ocurre en el estado cuando una mujer es violentada: \u00abel Derecho a vivir una vida libre de violencia se ha vuelto una falacia en el Estado. No hay pol\u00edticas p\u00fablicas de prevenci\u00f3n de las violencias y tampoco hay acceso a la justicia para las mujeres que las denuncian\u00bb.<\/p>\n\n\n\n<p class=\"wp-block-paragraph\">Reclamaron la respuesta oficial de todos los funcionarios que han declarado respecto del feminicidio de Vanesa, pues han evidenciado \u00abla ignorancia y la falta de perspectiva de g\u00e9nero\u00bb adem\u00e1s de revictimizar a la v\u00edctima y a su familia.<br><br>Durante la vigilia se hicieron presentes el fiscal general Gerardo Octavio Solis; la titular de la Secretar\u00eda de Igualdad Sustantiva entre Mujeres y Hombres, Fela Pelayo y el secretario general de gobierno, Enrique Ibarra Pedroza, quienes dialogaron con las familias y los colectivos quienes hicieron diversos reclamos en torno a las investigaciones y las cifras maquilladas.<\/p>\n\n\n\n<p class=\"wp-block-paragraph\">\u00abNo integran bien las carpetas, hacen mal las averiguaciones previas, no siguen los protocolos, no pasa nada, no hacen nada\u00bb, se\u00f1al\u00f3 Mar\u00eda Guadalupe Virgen, hermana de Imelda Virgen, v\u00edctima de feminicidio.<\/p>\n\n\n\n<p class=\"wp-block-paragraph\">\u00abEs falta de respeto, no escuchan, no nos est\u00e1n escuchando, no salgan a zecir cifras que no corresponden a la realidad, no son 13 son m\u00e1s de 70 feminicidios, m\u00e1s de 70 mujeres asesinadas es la cifra real \u00bfsi la sabe fiscal? No se me qued\u00e9 viendo as\u00ed \u00bfqu\u00e9 realidad est\u00e1n ustedes reflejando? No est\u00e1n en Jalisco. Se los dije en una mesa de trabajo, te londije Fela, esas cifras no corresponden a la realidad\u00bb, se\u00f1al\u00f3 Guadalupe Ramos Ponce, integrante de CLADEM Jalisco.<\/p>\n\n\n\n<p class=\"wp-block-paragraph\">El gobernador Enrique Alfaro Ram\u00edrez sali\u00f3 de Casa Jalisco para atender la vigilia, sin embargo el encuentro se torno rispido debido a que las familias de v\u00edctimas de feminicidio y los colectivos reclamaron su omisi\u00f3n y exigieron justicia:<\/p>\n\n\n\n<p class=\"wp-block-paragraph\">&#8211; \u00ab\u00a1Ponte a trabajar y deja de hablar, nos est\u00e1n matando!\u00bb. \u00abQueremos seguridad no palabras, palabras y papeles en el escritorio no sirven\u00bb, reclam\u00f3 una mujer.<\/p>\n\n\n\n<p class=\"wp-block-paragraph\">&#8211; \u00abSe quedan en su casa\u00bb, contest\u00f3 Alfaro Ram\u00edrez.<\/p>\n\n\n\n<p class=\"wp-block-paragraph\">&#8211; \u00abClaro que estamos en nuestra casa, est\u00e1s aqu\u00ed porque te estamos pagando un sueldo para que cumplas con tu trabajo y nos est\u00e1n matando aqu\u00ed en la puerta d\u00f3nde deber\u00edamos estar seguras, no queremos palabras\u00bb, dijo otra mujer.<\/p>\n\n\n\n<p class=\"wp-block-paragraph\">&#8211; \u00abEstoy a sus \u00f3rdenes. No quiero pelear, se\u00f1ora\u00bb, respondi\u00f3 el gobernador.<\/p>\n\n\n\n<p class=\"wp-block-paragraph\">&#8211; \u00abNo estamos peleando, estamos exigiendo justicia\u00bb, dijo la se\u00f1ora.<\/p>\n\n\n\n<p class=\"wp-block-paragraph\">&#8211; \u00abLes prometo que voy a hacer todo lo posible\u00bb, insisti\u00f3 el gobernador.<\/p>\n\n\n\n<p class=\"wp-block-paragraph\">&#8211; \u00abNo queremos palabras, queremos acciones, los mecanismos no est\u00e1n funcionando\u00bb, reviro la mujer.<\/p>\n\n\n\n<p class=\"wp-block-paragraph\">En ese momento el gobernador se dio la vuelta para ingresar de nuevo a Casa Jalisco mientras los familiares y colectivos gritaban \u00a1justicia!<\/p>\n\n\n\n<p class=\"wp-block-paragraph\">Durante la vigilia, Alejandra Cartagena de CLADEM, explic\u00f3 que el estado est\u00e1 obligado a reparar el da\u00f1o en el caso de Vanessa as\u00ed como todos los feminicidios que se han registrado, pero sobre todo garantizar la no repetici\u00f3n.<\/p>\n\n\n\n<p class=\"wp-block-paragraph\">\u00abEl estado, no solo los feminicidas, se tiene que hacer cargo de reparar el da\u00f1o a todas esas familias que sufren la p\u00e9rdida de una hermana, una madre, porque el estado tiene la obligaci\u00f3n de garantizar la verdad, la justicia, la reparaci\u00f3n y sobre todo garant\u00edas de no repetici\u00f3n, en la recomendaci\u00f3n de Alondra se se\u00f1alaba garant\u00edas de no repetici\u00f3n y ah\u00ed est\u00e1n las garant\u00edas matan a Vanessa a las puertas de Casa Jalisco, si te matan en Casa Jalisco que puede pasar en nuestras casas, en la calle, cuando estamos solas y no hay una sola medida real y clara de protecci\u00f3n a las mujeres\u00bb, puntualiz\u00f3.<\/p>\n\n\n\n<p class=\"wp-block-paragraph\">Vanessa Gaytan Ochoa, fue asesinada el jueves pasado por su esposo Emmanuel Ram\u00edrez, afuera de Casa Jalisco a d\u00f3nde lleg\u00f3 para solicitar auxilio debido a que este la iba siguiendo. En 2017 denunci\u00f3 la violencia intrafamiliar que viv\u00eda, fue hasta febrero de este a\u00f1o cuando se le otorg\u00f3 una orden de protecci\u00f3n. 59 d\u00edas despu\u00e9s, Emmanuel la asesin\u00f3 frente a un custodio de Casa Jalisco y el escolta del fiscal general.<\/p>\n","protected":false},"excerpt":{"rendered":"<p>Reclamaron la respuesta oficial de todos los funcionarios que han declarado respecto del feminicidio de Vanesa. Confrontan a gobernador, exigen justicia y garant\u00edas de no repetici\u00f3n. Analy S. Nu\u00f1o SemM\u00e9xico.&nbsp;Guadalajara, Jalisco. 28 de abril de 2019.- Familiares de v\u00edctimas de feminicidios y colectivos de defensa de los derechos de las mujeres realizaron una vigilia en [&hellip;]<\/p>\n","protected":false},"author":3,"featured_media":8244,"comment_status":"open","ping_status":"open","sticky":false,"template":"","format":"standard","meta":{"_monsterinsights_skip_tracking":false,"footnotes":""},"categories":[690,54],"tags":[],"class_list":["post-8242","post","type-post","status-publish","format-standard","has-post-thumbnail","category-690","category-mujeres"],"_links":{"self":[{"href":"https:\/\/redsemlac.com\/semmexico\/wp-json\/wp\/v2\/posts\/8242","targetHints":{"allow":["GET"]}}],"collection":[{"href":"https:\/\/redsemlac.com\/semmexico\/wp-json\/wp\/v2\/posts"}],"about":[{"href":"https:\/\/redsemlac.com\/semmexico\/wp-json\/wp\/v2\/types\/post"}],"author":[{"embeddable":true,"href":"https:\/\/redsemlac.com\/semmexico\/wp-json\/wp\/v2\/users\/3"}],"replies":[{"embeddable":true,"href":"https:\/\/redsemlac.com\/semmexico\/wp-json\/wp\/v2\/comments?post=8242"}],"version-history":[{"count":0,"href":"https:\/\/redsemlac.com\/semmexico\/wp-json\/wp\/v2\/posts\/8242\/revisions"}],"wp:featuredmedia":[{"embeddable":true,"href":"https:\/\/redsemlac.com\/semmexico\/wp-json\/wp\/v2\/media\/8244"}],"wp:attachment":[{"href":"https:\/\/redsemlac.com\/semmexico\/wp-json\/wp\/v2\/media?parent=8242"}],"wp:term":[{"taxonomy":"category","embeddable":true,"href":"https:\/\/redsemlac.com\/semmexico\/wp-json\/wp\/v2\/categories?post=8242"},{"taxonomy":"post_tag","embeddable":true,"href":"https:\/\/redsemlac.com\/semmexico\/wp-json\/wp\/v2\/tags?post=8242"}],"curies":[{"name":"wp","href":"https:\/\/api.w.org\/{rel}","templated":true}]}}