{"id":8231,"date":"2019-04-29T17:07:20","date_gmt":"2019-04-29T17:07:20","guid":{"rendered":"https:\/\/redsemlac.com\/semmexico\/?p=8231"},"modified":"2023-07-21T14:48:41","modified_gmt":"2023-07-21T19:48:41","slug":"marchan-en-iguala-para-exigir-que-no-cierren-el-caso-en-contra-de-osiris-anibal-ruiz","status":"publish","type":"post","link":"https:\/\/redsemlac.com\/semmexico\/marchan-en-iguala-para-exigir-que-no-cierren-el-caso-en-contra-de-osiris-anibal-ruiz\/","title":{"rendered":"Marchan en Iguala para exigir que no cierren el caso en contra de Osiris An\u00edbal Ruiz"},"content":{"rendered":"\n<p class=\"wp-block-paragraph\">Familiares piden a los jueces transparencia en el proceso, sin tr\u00e1fico de influencias<\/p>\n\n\n\n<h5 class=\"wp-block-heading\"> Un juez suspendi\u00f3 el juicio, y sentenci\u00f3 a pagar una multa o pago de reparaci\u00f3n de da\u00f1o, de 25 mil pesos.<\/h5>\n\n\n\n<p class=\"wp-block-paragraph\"><a href=\"https:\/\/semmexico.com\/gallery-post.php?id=7997#\">Josefina Aguilar Pastor,<\/a><\/p>\n\n\n\n<p class=\"wp-block-paragraph\">Semm\u00e9xico. Iguala de la Independencia, Guerrero, 29 de abril de 2019.- \u00a1Justicia para mi hija!, qu\u00e9 no cierren el caso, que el juez, tome en cuenta las pruebas que incriminan a Osiris An\u00edbal&nbsp; Ruiz Mata, como el presunto violador de su sobrina de 17 a\u00f1os, exige la familia Hern\u00e1ndez Ruiz, luego de que el juez, H\u00e9rcules Aureoles Guadarrama, suspendi\u00f3 el juicio, y sentenci\u00f3 pagar una multa o pago de reparaci\u00f3n de da\u00f1o, de 25 mil pesos, y acudir a firmar cada mes.<\/p>\n\n\n\n<p class=\"wp-block-paragraph\">Este s\u00e1bado, a m\u00e1s de cuatro meses de los hechos, acompa\u00f1ada de amigos, familiares, compa\u00f1eros de trabajo, vecinos y conocidos, la familia Hern\u00e1ndez Ruiz, conformada por la se\u00f1ora Araceli Ruiz Nolasco, el se\u00f1or Pedro Manuel Hern\u00e1ndez D\u00edaz, y otra de sus hijas, convoc\u00f3 a una marcha, en Iguala de la Independencia, de donde son originarios y vecinos; el punto de reuni\u00f3n fue el monumento, Patria Trigarante, en la entrada de la ciudad.<\/p>\n\n\n\n<p class=\"wp-block-paragraph\">Poco a poco, los convencidos con la causa, comenzaron a llegar, desde antes de la hora convocada -6 de la tarde), vestidos de blanco la mayor\u00eda, llevando cartulinas con algunas consignas.<\/p>\n\n\n\n<p class=\"wp-block-paragraph\">Cerca de las 19:00 horas, el contingente sali\u00f3 rumbo al z\u00f3calo igualteco, durante el trayecto, la exigencia de justicia no se dej\u00f3 de escuchar, que los jueces y magistrados de conduzcan con transparencia y apegado a derecho y la ley, un rechazo al tr\u00e1fico de influencias, y el basta a la violencia en contra de las mujeres y ni\u00f1as.<\/p>\n\n\n\n<p class=\"wp-block-paragraph\">Su voz podr\u00eda calificarse como \u201ctranquila\u201d, no se exalta, pero si rompe en llanto cuando dice que a su hija, Osiris Ruiz,&nbsp; le destroz\u00f3 la vida, y es cuando Araceli Ruiz Nolasco, se quita los anteojos para limpiarse la l\u00e1grimas.<\/p>\n\n\n\n<p class=\"wp-block-paragraph\"><strong>Los hechos<\/strong><\/p>\n\n\n\n<p class=\"wp-block-paragraph\">Narra, que los hechos ocurrieron el 7 de diciembre del a\u00f1o pasado. Recuerda que con anterioridad, su primo, Osiris An\u00edbal Ruiz, con quien ten\u00edan \u201cuna buena convivencia\u201d, le insist\u00eda a su hija para que lo acompa\u00f1ara a fiestas, a eventos pol\u00edticos \u201cen los que conocer\u00eda gente importante\u201d, y la conectar\u00eda; ella se negaba pue estaba consciente que era apenas una estudiante de preparatoria, de donde era consejera, adem\u00e1s de que no le interesaba.<\/p>\n\n\n\n<p class=\"wp-block-paragraph\">Luego de lo ocurrido, se conoci\u00f3 que ante la insistencia de Osiris, finalmente el 7 de diciembre de 2018, la joven acept\u00f3 acompa\u00f1arlo, para ello, suspendi\u00f3 sus clases de artes marciales, pas\u00f3 por ella a la escuela, de ello, han dado cuenta varios de sus compa\u00f1eros, que la vieron cuando pas\u00f3 por ella, y se subi\u00f3 a una camioneta blanca, conducida por el imputado cerca de las 7 de la noche.<\/p>\n\n\n\n<p class=\"wp-block-paragraph\"><strong>Comienza la b\u00fasqueda&nbsp;<\/strong><\/p>\n\n\n\n<p class=\"wp-block-paragraph\">La familia, no se preocup\u00f3 por ella, hasta despu\u00e9s de las 9 de la noche que deb\u00eda de llegar y no lleg\u00f3. Al filo de las 10, se comunican con su profesor, quien dice que se fue temprano antes de terminar a clase, se ofrece ayudar a localizarla, y a trav\u00e9s de sus compa\u00f1eros, conocen que se fue con su t\u00edo.<\/p>\n\n\n\n<p class=\"wp-block-paragraph\">Cuando le habla a Osiris, este le contesta que no se preocupara, \u201cha de estar con el novio\u201d, le dice. Le piden su ayuda para buscarla, \u00e9l argumenta que no puede acudir con el presidente municipal, porque no tiene buena \u201crelaci\u00f3n\u201d, pero si se comunica con un supuesto comandante, quien le dice a la familia, que no, puede hacer nada, porque la ley se\u00f1ala que deben pasar 72 horas, para que una persona sea considerada como desaparecida.<\/p>\n\n\n\n<p class=\"wp-block-paragraph\">Comienzaron a recorrer las calles sin respuesta. Finalmente, alrededor de la 1 de la ma\u00f1ana, la joven llega en muy mal estado. Cuenta que s\u00f3lo recuerda cuando su t\u00edo le ofreci\u00f3 una bebida, luego de tomarla, no recuerda m\u00e1s que estar en una casa en completa oscuridad, sola, como pudo, busc\u00f3 una salida, y logr\u00f3 llegar a la calle, vio un taxi y le hizo la parada, el chofer aunque dud\u00f3 en subirla, pero la vio tan mal que accedi\u00f3 a llevarla.<\/p>\n\n\n\n<p class=\"wp-block-paragraph\"><strong>El proceso<\/strong><\/p>\n\n\n\n<p class=\"wp-block-paragraph\">Tras conocer lo sucedido, la familia interpuso una denuncia ante la agencia del ministerio p\u00fablico, la menor, casi no pod\u00eda hablar ni sostenerse en pie, vomitaba, ten\u00eda huellas en las rodillas y brazos, en la barbilla y mordidas en los labios. El m\u00e9dico ginec\u00f3logo y legista forense, Gilberto Ibarra Mora, confirm\u00f3 que hubo penetraci\u00f3n no consentida.<\/p>\n\n\n\n<p class=\"wp-block-paragraph\">El ministerio p\u00fablico, tard\u00f3 dos meses en abrir la casa donde estuvo retenida la joven, aun as\u00ed, encontraron su protector bucal. Todas estas pruebas junto con los testimonios de los j\u00f3venes que vieron que se fue con su t\u00edo, del taxista que la traslad\u00f3 hasta su casa, y de la misma joven, fueron desechados por el juez, H\u00e9rcules Aureoles Guadarrama, quien s\u00f3lo vincul\u00f3 a Osiris, por delito de abuso sexual agravado. Desde su punto de vista del juez, a pesar del certificado medido que confirma que hubo penetraci\u00f3n, sostiene que s\u00f3lo fueron tocamientos, adem\u00e1s de que el imputado \u201ctiene una segunda oportunidad\u201d;&nbsp; y le impone como castigo, una multa de 25 mil pesos y que acuda a firmar cada vez.<\/p>\n\n\n\n<p class=\"wp-block-paragraph\">Con esta sentencia, la familia considera que su hija ha sido revictimizada, no creen en su testimonio, y desechan todas las pruebas en contra del imputado. Y anunciaron que&nbsp; apelar\u00e1n a sentencia. Acusan que Osiris An\u00edbal Ruiz, ha recurrido a su \u201cinfluencia\u201d, que tiene con la clase pol\u00edtica, por su desempe\u00f1o como periodista para salir bien librado, y lo confirman con la sentencia del juez.<\/p>\n\n\n\n<p class=\"wp-block-paragraph\">Se conoci\u00f3 que el 8 de diciembre, luego de que la familia interpuso la denuncia en su contra, se comunic\u00f3 con gente muy influyente, entre ellos, seg\u00fan se ha dicho, el rector de la universidad Aut\u00f3noma de Guerrero (UAG), Javier Salda\u00f1a Almaz\u00e1n y supuestamente con el mismo gobernador H\u00e9ctor Astudillo Flores, pidi\u00e9ndoles protecci\u00f3n.<\/p>\n\n\n\n<p class=\"wp-block-paragraph\">De ah\u00ed la exigencia de la familia, de que los jueces se conduzcan con transparencia, no al tr\u00e1fico de influencia, y que haya una verdadera aplicaci\u00f3n de la justicia.<\/p>\n\n\n\n<p class=\"wp-block-paragraph\">\u201cSolo pedimos que revisen el caso y las pruebas. No pido que me hagan caso a m\u00ed, pero que vean todo lo que existe, no con influencias, al gobernador le pedimos, que sea imparcial, que los jueces y los magistrados, sean imparciales, que de verdad hagan justicia al caso,. Es una pesadilla lo que estamos viviendo, justicia para todas las ni\u00f1as, j\u00f3venes, para nuestros ni\u00f1os y para cualquiera que hay sufrido una agresi\u00f3n\u201d se\u00f1ala Araceli Ruiz.<\/p>\n\n\n\n<p class=\"wp-block-paragraph\">\u201c\u00a1Solo pedimos \u00a1Justicia para mi hija!\u201d, exclama Pedro Manuel Hern\u00e1ndez D\u00edaz.<\/p>\n\n\n\n<figure class=\"wp-block-image\"><img decoding=\"async\" src=\"http:\/\/www.semmexico.com\/SemWork\/uploads\/marcha%20iguala%201.jpg\" alt=\"\"\/><\/figure>\n\n\n\n<figure class=\"wp-block-image\"><img decoding=\"async\" src=\"http:\/\/www.semmexico.com\/SemWork\/uploads\/marcha%20iguala.jpg\" alt=\"\"\/><\/figure>\n","protected":false},"excerpt":{"rendered":"<p>Familiares piden a los jueces transparencia en el proceso, sin tr\u00e1fico de influencias Un juez suspendi\u00f3 el juicio, y sentenci\u00f3 a pagar una multa o pago de reparaci\u00f3n de da\u00f1o, de 25 mil pesos. Josefina Aguilar Pastor, Semm\u00e9xico. Iguala de la Independencia, Guerrero, 29 de abril de 2019.- \u00a1Justicia para mi hija!, qu\u00e9 no cierren [&hellip;]<\/p>\n","protected":false},"author":3,"featured_media":8235,"comment_status":"open","ping_status":"open","sticky":false,"template":"","format":"standard","meta":{"_monsterinsights_skip_tracking":false,"footnotes":""},"categories":[690,54],"tags":[],"class_list":["post-8231","post","type-post","status-publish","format-standard","has-post-thumbnail","category-690","category-mujeres"],"_links":{"self":[{"href":"https:\/\/redsemlac.com\/semmexico\/wp-json\/wp\/v2\/posts\/8231","targetHints":{"allow":["GET"]}}],"collection":[{"href":"https:\/\/redsemlac.com\/semmexico\/wp-json\/wp\/v2\/posts"}],"about":[{"href":"https:\/\/redsemlac.com\/semmexico\/wp-json\/wp\/v2\/types\/post"}],"author":[{"embeddable":true,"href":"https:\/\/redsemlac.com\/semmexico\/wp-json\/wp\/v2\/users\/3"}],"replies":[{"embeddable":true,"href":"https:\/\/redsemlac.com\/semmexico\/wp-json\/wp\/v2\/comments?post=8231"}],"version-history":[{"count":0,"href":"https:\/\/redsemlac.com\/semmexico\/wp-json\/wp\/v2\/posts\/8231\/revisions"}],"wp:featuredmedia":[{"embeddable":true,"href":"https:\/\/redsemlac.com\/semmexico\/wp-json\/wp\/v2\/media\/8235"}],"wp:attachment":[{"href":"https:\/\/redsemlac.com\/semmexico\/wp-json\/wp\/v2\/media?parent=8231"}],"wp:term":[{"taxonomy":"category","embeddable":true,"href":"https:\/\/redsemlac.com\/semmexico\/wp-json\/wp\/v2\/categories?post=8231"},{"taxonomy":"post_tag","embeddable":true,"href":"https:\/\/redsemlac.com\/semmexico\/wp-json\/wp\/v2\/tags?post=8231"}],"curies":[{"name":"wp","href":"https:\/\/api.w.org\/{rel}","templated":true}]}}