{"id":8228,"date":"2019-02-28T17:07:46","date_gmt":"2019-02-28T17:07:46","guid":{"rendered":"https:\/\/redsemlac.com\/semmexico\/?p=8228"},"modified":"2023-07-21T14:47:05","modified_gmt":"2023-07-21T19:47:05","slug":"las-medidas-cautelares-dictadas-no-fueron-acatadas-por-el-congreso","status":"publish","type":"post","link":"https:\/\/redsemlac.com\/semmexico\/las-medidas-cautelares-dictadas-no-fueron-acatadas-por-el-congreso\/","title":{"rendered":"Las medidas cautelares dictadas no fueron acatadas por el Congreso."},"content":{"rendered":"\n<p class=\"wp-block-paragraph\"><a href=\"https:\/\/www.semmexico.com\/gallery-post.php?id=7003#\">Redacci\u00f3n<\/a><\/p>\n\n\n\n<p class=\"wp-block-paragraph\"><strong>Analy S. Nu\u00f1o<\/strong><\/p>\n\n\n\n<p class=\"wp-block-paragraph\">SemM\u00e9xico, Guadalajara. 29 de enero de 2019.- Tras el albazo de la fracci\u00f3n de Movimiento Ciudadano en el Congreso de Jalisco para aprobar la extinci\u00f3n del Instituto Jalisciense de las Mujeres, la Comisi\u00f3n Estatal de Derechos Humanos (CEDHJ) prepara acciones legales.<\/p>\n\n\n\n<p class=\"wp-block-paragraph\">Apenas 24 horas antes del madruguete, la CEDHJ hab\u00eda dictado medidas cautelares para evitar que se concretara un menoscabo en los derechos de las mujeres, sin embargo, el Legislativo no atendi\u00f3 el exhorto.<\/p>\n\n\n\n<p class=\"wp-block-paragraph\">Por lo anterior, la CEDHJ inform\u00f3 que se encuentra integrando los elementos necesarios para interponer los recursos legales procedentes que permitan garantizar el principio de progresividad de las pol\u00edticas p\u00fablicas a favor de los derechos humanos de las mujeres.<\/p>\n\n\n\n<p class=\"wp-block-paragraph\">\u00abHacemos un llamado al di\u00e1logo y a la gobernabilidad democr\u00e1tica que permita la construcci\u00f3n colectiva, colocando en el centro de toda acci\u00f3n de gobierno el respeto a la dignidad de todas las personas, y en este caso en particular, las pol\u00edticas p\u00fablicas deben tener como horizonte disminuir la brecha entre los derechos y libertades fundamentales y la posibilidad de disfrutarlos efectivamente\u00bb, se\u00f1al\u00f3 a trav\u00e9s de un comunicado.<\/p>\n\n\n\n<p class=\"wp-block-paragraph\">Finalmente indic\u00f3 que se mantiene atenta a las voces de todas las expresiones de la sociedad y en la mayor disposici\u00f3n a la actuaci\u00f3n conjunta.<br><\/p>\n","protected":false},"excerpt":{"rendered":"<p>Redacci\u00f3n Analy S. Nu\u00f1o SemM\u00e9xico, Guadalajara. 29 de enero de 2019.- Tras el albazo de la fracci\u00f3n de Movimiento Ciudadano en el Congreso de Jalisco para aprobar la extinci\u00f3n del Instituto Jalisciense de las Mujeres, la Comisi\u00f3n Estatal de Derechos Humanos (CEDHJ) prepara acciones legales. Apenas 24 horas antes del madruguete, la CEDHJ hab\u00eda dictado [&hellip;]<\/p>\n","protected":false},"author":3,"featured_media":8232,"comment_status":"open","ping_status":"open","sticky":false,"template":"","format":"standard","meta":{"_monsterinsights_skip_tracking":false,"footnotes":""},"categories":[690,51],"tags":[],"class_list":["post-8228","post","type-post","status-publish","format-standard","has-post-thumbnail","category-690","category-ejecutivo"],"_links":{"self":[{"href":"https:\/\/redsemlac.com\/semmexico\/wp-json\/wp\/v2\/posts\/8228","targetHints":{"allow":["GET"]}}],"collection":[{"href":"https:\/\/redsemlac.com\/semmexico\/wp-json\/wp\/v2\/posts"}],"about":[{"href":"https:\/\/redsemlac.com\/semmexico\/wp-json\/wp\/v2\/types\/post"}],"author":[{"embeddable":true,"href":"https:\/\/redsemlac.com\/semmexico\/wp-json\/wp\/v2\/users\/3"}],"replies":[{"embeddable":true,"href":"https:\/\/redsemlac.com\/semmexico\/wp-json\/wp\/v2\/comments?post=8228"}],"version-history":[{"count":0,"href":"https:\/\/redsemlac.com\/semmexico\/wp-json\/wp\/v2\/posts\/8228\/revisions"}],"wp:featuredmedia":[{"embeddable":true,"href":"https:\/\/redsemlac.com\/semmexico\/wp-json\/wp\/v2\/media\/8232"}],"wp:attachment":[{"href":"https:\/\/redsemlac.com\/semmexico\/wp-json\/wp\/v2\/media?parent=8228"}],"wp:term":[{"taxonomy":"category","embeddable":true,"href":"https:\/\/redsemlac.com\/semmexico\/wp-json\/wp\/v2\/categories?post=8228"},{"taxonomy":"post_tag","embeddable":true,"href":"https:\/\/redsemlac.com\/semmexico\/wp-json\/wp\/v2\/tags?post=8228"}],"curies":[{"name":"wp","href":"https:\/\/api.w.org\/{rel}","templated":true}]}}