{"id":8208,"date":"2019-04-29T16:57:35","date_gmt":"2019-04-29T16:57:35","guid":{"rendered":"https:\/\/redsemlac.com\/semmexico\/?p=8208"},"modified":"2023-07-21T14:48:42","modified_gmt":"2023-07-21T19:48:42","slug":"ordenes-de-proteccion-se-emiten-a-destajo-y-bajo-un-sistema-caduco","status":"publish","type":"post","link":"https:\/\/redsemlac.com\/semmexico\/ordenes-de-proteccion-se-emiten-a-destajo-y-bajo-un-sistema-caduco\/","title":{"rendered":"\u00d3rdenes de protecci\u00f3n se emiten a destajo y bajo un sistema caduco"},"content":{"rendered":"\n<p class=\"wp-block-paragraph\">Seis casos con orden de protecci\u00f3n, ahora son feminicidios en Jalisco<\/p>\n\n\n\n<h5 class=\"wp-block-heading\"> AI y CLADEM piden disculpa p\u00fablica del gobernador por feminicidio de Vanessa<\/h5>\n\n\n\n<p class=\"wp-block-paragraph\"><a href=\"https:\/\/semmexico.com\/gallery-post.php?id=8005#\">Analy S. Nu\u00f1o<\/a><\/p>\n\n\n\n<p class=\"wp-block-paragraph\">SemM\u00e9xico. Guadalajara, Jalisco. 29 de abril de 2019.- A pesar de que las \u00f3rdenes de protecci\u00f3n son un mecanismo de urgencia enfocado a salvaguardar la vida e integridad de las mujeres de acuerdo a su contexto y necesidades, en Jalisco \u00e9stas se emiten a destajo y sin an\u00e1lisis de riesgo ni seguimiento lo que ha derivado en graves consecuencias como los feminicidios de Vanessa, Alondra, Alexandra, Laura y Alondra Guadalupe.<\/p>\n\n\n\n<p class=\"wp-block-paragraph\">As\u00ed lo se\u00f1alaron Amnist\u00eda Internacional M\u00e9xico y el Comit\u00e9 de Am\u00e9rica Latina y el Caribe para la Defensa de los Derechos de las Mujeres (CLADEM), organizaciones que advirtieron que los seis feminicidios de mujeres que contaban con orden de protecci\u00f3n en Jalisco son resultado de un sistema caduco que ha naturalizado la violencia de g\u00e9nero y no ha dimensionado la problem\u00e1tica.&nbsp;&nbsp;<\/p>\n\n\n\n<p class=\"wp-block-paragraph\">\u201cHablamos de omisiones en este caso, no, es una pr\u00e1ctica cotidiana, eso es lo m\u00e1s grave, no es aislado. Lo que paso con Vanessa es una pr\u00e1ctica de un sistema caduco, de un sistema que no tiene perspectiva de g\u00e9nero y donde la violencia contra las mujeres no se est\u00e1 viendo en su real dimensi\u00f3n, se sigue viendo como un caso, como privado, como aislado, cuando hay toda una problem\u00e1tica y una situaci\u00f3n estructural y sistem\u00e1tica que ha permitido y naturalizado est\u00e1 violencia\u201d, se\u00f1al\u00f3 Alejandra Cartagena de CLADEM.<\/p>\n\n\n\n<p class=\"wp-block-paragraph\">La coordinadora de An\u00e1lisis e Incidencia de Amnist\u00eda Internacional M\u00e9xico, Edith Olivares Ferreto indic\u00f3 que el incremento de la violencia de g\u00e9nero y los feminicidios tanto en M\u00e9xico como en Jalisco se debe colocar en la agenda p\u00fablica para as\u00ed trabajar en una pol\u00edtica p\u00fablica preventiva -desde una an\u00e1lisis real y profundo de lo que est\u00e1 permitiendo el alza en los casos de violencia hacia las mujeres- hasta la erradicaci\u00f3n de los estereotipos sexistas y conductas discriminatorias.&nbsp;<\/p>\n\n\n\n<p class=\"wp-block-paragraph\">En este sentido, refiri\u00f3 que la justificaci\u00f3n en torno a que la violencia de g\u00e9nero y los feminicidios corresponden a una problem\u00e1tica heredada es inaceptable todo vez que un gobierno asume la responsabilidad del estado, por lo que a su consideraci\u00f3n la situaci\u00f3n se debe tomar como una oportunidad hist\u00f3rica de reencauzar la pol\u00edtica p\u00fablica para encaminarla a garantizar la vida de las mujeres lo que implica desde la prevenci\u00f3n hasta la atenci\u00f3n y erradicaci\u00f3n de la violencia de g\u00e9nero.<\/p>\n\n\n\n<p class=\"wp-block-paragraph\">Para ello, consider\u00f3, se debe dise\u00f1ar un plan integral de reparaci\u00f3n del da\u00f1o para la familia, adoptar medidas que garanticen la no repetici\u00f3n de los hechos y ofrecer una disculpa p\u00fablica por las omisiones cometidas.<\/p>\n\n\n\n<p class=\"wp-block-paragraph\">\u201cVanessa no es la primer mujer con una orden de protecci\u00f3n que es asesinada aqu\u00ed en Jalisco, ella hab\u00eda acudido a interponer una denuncia por violencia dom\u00e9stica, ten\u00eda una medida de protecci\u00f3n y esa medida de protecci\u00f3n no logr\u00f3 salvaguardar la vida de Vanessa. Es por eso que queremos hacer un llamado al gobernador del estado para que se disculpe p\u00fablicamente asumiendo la responsabilidad que ha tenido el estado de Jalisco en el asesinato de Vanessa y otros feminicidios en el estado porque no es la primera vez que ocurre\u201d, indic\u00f3 Olivares Ferreto.<\/p>\n\n\n\n<p class=\"wp-block-paragraph\">Hizo hincapi\u00e9 en que para que una orden de protecci\u00f3n sea efectiva, al momento de emitirla el estado debe analizar todos los recursos que son necesarios para salvaguardar la vida de la mujer desde los recursos policiales y humanos hasta los materiales, pues cada uno de los casos es distinto.<\/p>\n\n\n\n<p class=\"wp-block-paragraph\">\u201cLa pol\u00edtica que ha desarrollado el Centro de Justicia para las Mujeres es de que todas las mujeres que denuncian violencia tienen una orden de protecci\u00f3n, hay que tener cuidado con esa pol\u00edtica porque se deben tener mecanismos eficientes para medir el riesgo y pensar que cuando el estado da una orden de protecci\u00f3n est\u00e1 comprometido a salvaguardar la vida de esas mujeres, pensar c\u00f3mo lo hace y cu\u00e1les son los recursos que se requieren para salvaguardar la vida de cada una de esas mujeres\u201d, dijo.<\/p>\n\n\n\n<p class=\"wp-block-paragraph\">Al finalizar, en el jard\u00edn de la residencia oficial del gobernador, con velas y flores se realiz\u00f3 un&nbsp;<em>Circulo de seguridad Juntas hasta la vida<\/em>, en homenaje a Vanessa Gayt\u00e1n Ochoa, quien fue asesinada el 25 de abril pasado por su esposo mientras ped\u00eda auxilio a un custodio de Casa Jalisco y el escolta del fiscal general del estado.<\/p>\n","protected":false},"excerpt":{"rendered":"<p>Seis casos con orden de protecci\u00f3n, ahora son feminicidios en Jalisco AI y CLADEM piden disculpa p\u00fablica del gobernador por feminicidio de Vanessa Analy S. Nu\u00f1o SemM\u00e9xico. Guadalajara, Jalisco. 29 de abril de 2019.- A pesar de que las \u00f3rdenes de protecci\u00f3n son un mecanismo de urgencia enfocado a salvaguardar la vida e integridad de [&hellip;]<\/p>\n","protected":false},"author":3,"featured_media":8209,"comment_status":"open","ping_status":"open","sticky":false,"template":"","format":"standard","meta":{"_monsterinsights_skip_tracking":false,"footnotes":""},"categories":[690,54],"tags":[],"class_list":["post-8208","post","type-post","status-publish","format-standard","has-post-thumbnail","category-690","category-mujeres"],"_links":{"self":[{"href":"https:\/\/redsemlac.com\/semmexico\/wp-json\/wp\/v2\/posts\/8208","targetHints":{"allow":["GET"]}}],"collection":[{"href":"https:\/\/redsemlac.com\/semmexico\/wp-json\/wp\/v2\/posts"}],"about":[{"href":"https:\/\/redsemlac.com\/semmexico\/wp-json\/wp\/v2\/types\/post"}],"author":[{"embeddable":true,"href":"https:\/\/redsemlac.com\/semmexico\/wp-json\/wp\/v2\/users\/3"}],"replies":[{"embeddable":true,"href":"https:\/\/redsemlac.com\/semmexico\/wp-json\/wp\/v2\/comments?post=8208"}],"version-history":[{"count":0,"href":"https:\/\/redsemlac.com\/semmexico\/wp-json\/wp\/v2\/posts\/8208\/revisions"}],"wp:featuredmedia":[{"embeddable":true,"href":"https:\/\/redsemlac.com\/semmexico\/wp-json\/wp\/v2\/media\/8209"}],"wp:attachment":[{"href":"https:\/\/redsemlac.com\/semmexico\/wp-json\/wp\/v2\/media?parent=8208"}],"wp:term":[{"taxonomy":"category","embeddable":true,"href":"https:\/\/redsemlac.com\/semmexico\/wp-json\/wp\/v2\/categories?post=8208"},{"taxonomy":"post_tag","embeddable":true,"href":"https:\/\/redsemlac.com\/semmexico\/wp-json\/wp\/v2\/tags?post=8208"}],"curies":[{"name":"wp","href":"https:\/\/api.w.org\/{rel}","templated":true}]}}