{"id":8196,"date":"2019-04-29T16:43:17","date_gmt":"2019-04-29T16:43:17","guid":{"rendered":"https:\/\/redsemlac.com\/semmexico\/?p=8196"},"modified":"2023-07-21T14:48:42","modified_gmt":"2023-07-21T19:48:42","slug":"mujer-ha-denunciado-en-4-ocasiones-a-su-agresor-el-se-burla-de-ella","status":"publish","type":"post","link":"https:\/\/redsemlac.com\/semmexico\/mujer-ha-denunciado-en-4-ocasiones-a-su-agresor-el-se-burla-de-ella\/","title":{"rendered":"Mujer ha denunciado en 4 ocasiones a su agresor, \u00e9l se burla de ella"},"content":{"rendered":"\n<p class=\"wp-block-paragraph\">La \u00faltima ocasi\u00f3n, \u00e9l se burl\u00f3 de ella a trav\u00e9s de redes sociales, abusando de su condici\u00f3n de agente investigador.<\/p>\n\n\n\n<h5 class=\"wp-block-heading\"> Polic\u00eda de Tlaquepaque no cumpli\u00f3 orden de protecci\u00f3n.<\/h5>\n\n\n\n<p class=\"wp-block-paragraph\"><a href=\"https:\/\/semmexico.com\/gallery-post.php?id=8011#\">Analy S. Nu\u00f1o<\/a><\/p>\n\n\n\n<p class=\"wp-block-paragraph\">SemM\u00e9xico. Guadalajara, Jalisco. 29 de abril de 2019.- Andrea, ha denunciado por violencia intrafamiliar a su pareja en cuatro ocasiones. La \u00faltima ocasi\u00f3n, \u00e9l se burl\u00f3 de ella a trav\u00e9s de redes sociales, abusando de su condici\u00f3n de agente investigador.<\/p>\n\n\n\n<p class=\"wp-block-paragraph\">Cuando estudiaba preparatoria, Andrea conoci\u00f3 a Jos\u00e9 Guadalupe y al poco tiempo empez\u00f3 una relaci\u00f3n con \u00e9l. Unos meses despu\u00e9s, la violencia en el noviazgo se hizo presente y Andrea lo denunci\u00f3 por primera vez.<\/p>\n\n\n\n<p class=\"wp-block-paragraph\">Despu\u00e9s hubo un arrepentimiento, una reconciliaci\u00f3n y tres hijos. Fueron 8 a\u00f1os que vivieron juntos. La violencia intrafamiliar siempre estuvo presente.<\/p>\n\n\n\n<p class=\"wp-block-paragraph\">Cansada de los golpes, en 2016 Andrea se separ\u00f3 de Jos\u00e9 Guadalupe pero alejarse de \u00e9l no fue el fin de la violencia dom\u00e9stica. \u00c9l no dej\u00f3 de buscarla y golpearla. Esto deriv\u00f3 la segunda denuncia en 2017, sin embargo el miedo y el trabajo de \u00e9l como agente investigador de la Fiscal\u00eda del Estado la orillaron a no continuar con la denuncia, que tampoco de oficio se sigui\u00f3.<\/p>\n\n\n\n<p class=\"wp-block-paragraph\">Al siguiente a\u00f1o la situaci\u00f3n continuaba por lo que en febrero de 2018 volvi\u00f3 a denunciarlo por violencia. De nuevo, no pas\u00f3 nada, en el Centro de Justicia para las Mujeres no hicieron investigaci\u00f3n alguna ni dieron seguimiento al caso pese a las denuncias anteriores.<\/p>\n\n\n\n<p class=\"wp-block-paragraph\">Este a\u00f1o, volvi\u00f3 a denunciar a Jos\u00e9 Guadalupe y crey\u00f3 que las cosas hab\u00edan cambiado pues esta vez si le otorgaron medidas de protecci\u00f3n: polic\u00edas de Tlaquepaque acudir\u00edan a su casa peri\u00f3dicamente para verificar que estuviera bien, pero solo lo hicieron en pocas ocasiones y en abril dejaron de hacerlo.<\/p>\n\n\n\n<p class=\"wp-block-paragraph\">Su ex pareja aprovecho la omisi\u00f3n: en cuatro ocasiones fue a su casa y la golpe\u00f3. Cuando Andrea llamaba a la polic\u00eda, \u00e9sta acud\u00eda media hora despu\u00e9s, a pesar de la orden de protecci\u00f3n.<\/p>\n\n\n\n<p class=\"wp-block-paragraph\">El 17 de marzo, Jos\u00e9 Guadalupe de nueva cuenta volvi\u00f3 a la casa de Andrea, la amenaz\u00f3 y la golpe\u00f3 hasta mandarla al hospital, seg\u00fan el parte m\u00e9dico le ocasion\u00f3 un esguince en el cuello. La situaci\u00f3n fue denunciada por Andrea en el Centro de Justicia para la Mujer donde abrieron el oficio 12358\/2019 en el expediente iniciado desde inicio de 2019.<\/p>\n\n\n\n<p class=\"wp-block-paragraph\">Esta situaci\u00f3n fue motivo de burla para Jos\u00e9 Guadalupe, qui\u00e9n en sus redes sociales personales donde se hace llamar \u201cEdgar Torres\u201d public\u00f3: \u201cFue a ponerme una denuncia en la Fiscal\u00eda y yo fui quien la atendi\u00f3\u201d.<\/p>\n\n\n\n<p class=\"wp-block-paragraph\">El mensaje fue compartido por Andrea junto al parte m\u00e9dico y su testimonio. Tras hacerse viral su publicaci\u00f3n, la Fiscal\u00eda del Estado asegur\u00f3 que investigar\u00eda el caso.<\/p>\n","protected":false},"excerpt":{"rendered":"<p>La \u00faltima ocasi\u00f3n, \u00e9l se burl\u00f3 de ella a trav\u00e9s de redes sociales, abusando de su condici\u00f3n de agente investigador. Polic\u00eda de Tlaquepaque no cumpli\u00f3 orden de protecci\u00f3n. Analy S. Nu\u00f1o SemM\u00e9xico. Guadalajara, Jalisco. 29 de abril de 2019.- Andrea, ha denunciado por violencia intrafamiliar a su pareja en cuatro ocasiones. La \u00faltima ocasi\u00f3n, \u00e9l [&hellip;]<\/p>\n","protected":false},"author":3,"featured_media":8200,"comment_status":"open","ping_status":"open","sticky":false,"template":"","format":"standard","meta":{"_monsterinsights_skip_tracking":false,"footnotes":""},"categories":[690,54],"tags":[],"class_list":["post-8196","post","type-post","status-publish","format-standard","has-post-thumbnail","category-690","category-mujeres"],"_links":{"self":[{"href":"https:\/\/redsemlac.com\/semmexico\/wp-json\/wp\/v2\/posts\/8196","targetHints":{"allow":["GET"]}}],"collection":[{"href":"https:\/\/redsemlac.com\/semmexico\/wp-json\/wp\/v2\/posts"}],"about":[{"href":"https:\/\/redsemlac.com\/semmexico\/wp-json\/wp\/v2\/types\/post"}],"author":[{"embeddable":true,"href":"https:\/\/redsemlac.com\/semmexico\/wp-json\/wp\/v2\/users\/3"}],"replies":[{"embeddable":true,"href":"https:\/\/redsemlac.com\/semmexico\/wp-json\/wp\/v2\/comments?post=8196"}],"version-history":[{"count":0,"href":"https:\/\/redsemlac.com\/semmexico\/wp-json\/wp\/v2\/posts\/8196\/revisions"}],"wp:featuredmedia":[{"embeddable":true,"href":"https:\/\/redsemlac.com\/semmexico\/wp-json\/wp\/v2\/media\/8200"}],"wp:attachment":[{"href":"https:\/\/redsemlac.com\/semmexico\/wp-json\/wp\/v2\/media?parent=8196"}],"wp:term":[{"taxonomy":"category","embeddable":true,"href":"https:\/\/redsemlac.com\/semmexico\/wp-json\/wp\/v2\/categories?post=8196"},{"taxonomy":"post_tag","embeddable":true,"href":"https:\/\/redsemlac.com\/semmexico\/wp-json\/wp\/v2\/tags?post=8196"}],"curies":[{"name":"wp","href":"https:\/\/api.w.org\/{rel}","templated":true}]}}