{"id":81910,"date":"2024-05-24T09:16:32","date_gmt":"2024-05-24T15:16:32","guid":{"rendered":"https:\/\/redsemlac.com\/semmexico\/?p=81910"},"modified":"2024-05-24T09:16:32","modified_gmt":"2024-05-24T15:16:32","slug":"el-ciclo-leo-luego-existo-rememora-a-carmen-alardin-en-el-10-aniversario-luctuoso","status":"publish","type":"post","link":"https:\/\/redsemlac.com\/semmexico\/el-ciclo-leo-luego-existo-rememora-a-carmen-alardin-en-el-10-aniversario-luctuoso\/","title":{"rendered":"El ciclo\u00a0\u00a1Leo\u2026 luego existo!\u00a0rememora a Carmen Alard\u00edn en el 10 aniversario luctuoso"},"content":{"rendered":"\n<p class=\"wp-block-paragraph\">&nbsp;El p\u00fablico podr\u00e1 apreciar&nbsp;fragmentos de su libro&nbsp;<em>Colecci\u00f3n de poemas<\/em>, a cargo de la actriz Ver\u00f3nica Langer;&nbsp;domingo 26 de mayo a las 12:00 h en&nbsp;la Sala&nbsp;<em>Manuel M. Ponce<\/em><\/p>\n\n\n\n<p class=\"wp-block-paragraph\"><em>Redacci\u00f3n<\/em><\/p>\n\n\n\n<p class=\"wp-block-paragraph\">SemM\u00e9xico, Ciudad de M\u00e9xico, 24 de mayo, 2024.- La Secretar\u00eda de Cultura federal y el Instituto Nacional de Bellas Artes y Literatura (Inbal), mediante Extensi\u00f3n Cultural, invitan al ciclo de lectura en voz alta&nbsp;<em>\u00a1Leo\u2026 luego existo!<\/em>&nbsp;este domingo 26 de mayo a las 12:00 h&nbsp;en la Sala&nbsp;<em>Manuel M. Ponce<\/em>&nbsp;del Palacio de Bellas Artes.&nbsp;<\/p>\n\n\n\n<p class=\"wp-block-paragraph\">Esta actividad conmemora el 10 aniversario luctuoso de Carmen Alard\u00edn con la lectura de fragmentos de su libro&nbsp;<em>Colecci\u00f3n de poemas<\/em>, que ser\u00e1 le\u00eddo por la actriz Ver\u00f3nica Langer.<\/p>\n\n\n\n<p class=\"wp-block-paragraph\">Carmen Alard\u00edn fue una reconocida poeta mexicana. Naci\u00f3 en Tampico, Tamaulipas en 1933.&nbsp;Estudi\u00f3 Letras Alemanas en la Facultad de Filosof\u00eda y Letras de la Universidad Nacional Aut\u00f3noma de M\u00e9xico y una especializaci\u00f3n en el Goethe Institut de M\u00fanich, Alemania.&nbsp;<\/p>\n\n\n\n<p class=\"wp-block-paragraph\">A los 16 a\u00f1os public\u00f3 su primer libro&nbsp;<em>El canto fr\u00e1gil<\/em>.&nbsp;En 1957 se inici\u00f3 formalmente en las letras al participar en un taller coordinado por Juan Jos\u00e9 Arreola.&nbsp;&nbsp;A lo largo de su vida imparti\u00f3&nbsp;clases y talleres literarios en diversas universidades, centros y casas de cultura.&nbsp;&nbsp;<\/p>\n\n\n\n<p class=\"wp-block-paragraph\">Su labor como poeta y tallerista la hicieron acreedora de diversos reconocimientos,&nbsp;como el Premio&nbsp;<em>Xavier Villaurrutia<\/em>&nbsp;en 1984 por su libro&nbsp;<em>La violencia del oto\u00f1o;&nbsp;<\/em>la Medalla al M\u00e9rito C\u00edvico (1989) y el Premio a las Artes (1999), entre otros.&nbsp;<\/p>\n\n\n\n<p class=\"wp-block-paragraph\">En 2004 se estableci\u00f3 el Premio Literario&nbsp;<em>Carmen Alard\u00edn<\/em>&nbsp;que busca estimular la creaci\u00f3n po\u00e9tica en M\u00e9xico.&nbsp;El amor, el deseo, la vida y el agua son temas recurrentes en su obra po\u00e9tica.&nbsp;Entre sus publicaciones destacan\u202f<em>P\u00f3rtico labriego<\/em>,&nbsp;<em>Despu\u00e9s del sue\u00f1o<\/em>,&nbsp;<em>Todo se deja as\u00ed<\/em>,&nbsp;<em>No pude detener los elefantes<\/em>,&nbsp;<em>La violencia del oto\u00f1o&nbsp;<\/em>y&nbsp;<em>Miradas paralelas<\/em>.&nbsp;<\/p>\n\n\n\n<p class=\"wp-block-paragraph\">Para dar lectura a la poes\u00eda de la autora nos acompa\u00f1ar\u00e1&nbsp;Ver\u00f3nica Langer, actriz originaria de Argentina.&nbsp;Estudi\u00f3 actuaci\u00f3n en la Escuela Nacional de Arte Teatral (ENAT) y tambi\u00e9n Letras Hisp\u00e1nicas en la UNAM.&nbsp;&nbsp;<\/p>\n\n\n\n<p class=\"wp-block-paragraph\">Ha participado en m\u00e1s de 60 espect\u00e1culos teatrales en los que se ha desempe\u00f1ado como actriz y tambi\u00e9n como productora y autora. Entre ellos destacan&nbsp;<em>Visitas inesperadas \u2014<\/em>de su propia autor\u00eda\u2014, el unipersonal&nbsp;<em>Alcira o la poes\u00eda en<\/em>&nbsp;<em>armas,<\/em>&nbsp;<em>La mujer justa, Tom en la granja<\/em>, bajo la direcci\u00f3n de grandes directores como Luis de Tavira, H\u00e9ctor Mendoza, Enrique Singer, entre otros.&nbsp;&nbsp;<\/p>\n\n\n\n<p class=\"wp-block-paragraph\">Fue nominada como revelaci\u00f3n teatral por&nbsp;<em>El Estupendhombre<\/em>, dirigida por Julio Castillo, ganadora del premio a mejor coactuaci\u00f3n por&nbsp;<em>Sucedi\u00f3 en Nueva York<\/em>, de David Mamet, por la Asociaci\u00f3n de Cr\u00edticos y Cronistas Teatrales que posteriormente la nomin\u00f3 como mejor actriz por&nbsp;<em>La casa limpia<\/em>,<em>&nbsp;<\/em>de Sarah Ruhl<em>.&nbsp;<\/em>Fue miembro del elenco estable de la Compa\u00f1\u00eda Nacional de Teatro (CNT).&nbsp;&nbsp;<\/p>\n\n\n\n<p class=\"wp-block-paragraph\">Actriz de cine y televisi\u00f3n en m\u00e1s de 79 proyectos, ha recibido diversos reconocimientos, entre ellos seis nominaciones&nbsp;al Ariel de las que obtuvo dos: como Mejor actriz de cuadro (1994) por&nbsp;<em>Miroslava<\/em>, de Alejandro Pelayo, y<em>&nbsp;<\/em>en 2017 por&nbsp;<em>La caridad<\/em>,<em>&nbsp;<\/em>de Marcelino Islas.&nbsp;&nbsp;<\/p>\n\n\n\n<p class=\"wp-block-paragraph\"><em>\u00a1Leo\u2026 luego existo!<\/em>&nbsp;est\u00e1 dirigido a p\u00fablico mayor de 15 a\u00f1os, personas adultas y adultas mayores.&nbsp;Actividad en la cual actrices y actores con amplia experiencia, reconocimiento y compromiso social leen en voz alta textos de diversas autoras y autores preferentemente nacionales, en un acercamiento eficaz entre el p\u00fablico y quien lee, en una b\u00fasqueda de la motivaci\u00f3n que impulse a ese posible lector a adentrarse en el mundo de la literatura.&nbsp;<\/p>\n\n\n\n<p class=\"wp-block-paragraph\">Esta actividad es gratuita. Se contar\u00e1 con la participaci\u00f3n de Myrna D\u00e1vila, int\u00e9rprete independiente de Lengua de Se\u00f1as Mexicana.&nbsp;&nbsp;<\/p>\n\n\n\n<p class=\"wp-block-paragraph\">Tambi\u00e9n se contar\u00e1 con transmisi\u00f3n en vivo a trav\u00e9s de:&nbsp;&nbsp;<a href=\"https:\/\/www.facebook.com\/extensionculturalinbal\">facebook.com\/extensionculturalinbal<\/a>&nbsp;&nbsp;&nbsp;<\/p>\n","protected":false},"excerpt":{"rendered":"<p>&nbsp;El p\u00fablico podr\u00e1 apreciar&nbsp;fragmentos de su libro&nbsp;Colecci\u00f3n de poemas, a cargo de la actriz Ver\u00f3nica Langer;&nbsp;domingo 26 de mayo a las 12:00 h en&nbsp;la Sala&nbsp;Manuel M. Ponce Redacci\u00f3n SemM\u00e9xico, Ciudad de M\u00e9xico, 24 de mayo, 2024.- La Secretar\u00eda de Cultura federal y el Instituto Nacional de Bellas Artes y Literatura (Inbal), mediante Extensi\u00f3n Cultural, invitan [&hellip;]<\/p>\n","protected":false},"author":3,"featured_media":81911,"comment_status":"open","ping_status":"open","sticky":false,"template":"","format":"standard","meta":{"_monsterinsights_skip_tracking":false,"footnotes":""},"categories":[748],"tags":[],"class_list":["post-81910","post","type-post","status-publish","format-standard","has-post-thumbnail","category-cultura-feminista"],"_links":{"self":[{"href":"https:\/\/redsemlac.com\/semmexico\/wp-json\/wp\/v2\/posts\/81910","targetHints":{"allow":["GET"]}}],"collection":[{"href":"https:\/\/redsemlac.com\/semmexico\/wp-json\/wp\/v2\/posts"}],"about":[{"href":"https:\/\/redsemlac.com\/semmexico\/wp-json\/wp\/v2\/types\/post"}],"author":[{"embeddable":true,"href":"https:\/\/redsemlac.com\/semmexico\/wp-json\/wp\/v2\/users\/3"}],"replies":[{"embeddable":true,"href":"https:\/\/redsemlac.com\/semmexico\/wp-json\/wp\/v2\/comments?post=81910"}],"version-history":[{"count":0,"href":"https:\/\/redsemlac.com\/semmexico\/wp-json\/wp\/v2\/posts\/81910\/revisions"}],"wp:featuredmedia":[{"embeddable":true,"href":"https:\/\/redsemlac.com\/semmexico\/wp-json\/wp\/v2\/media\/81911"}],"wp:attachment":[{"href":"https:\/\/redsemlac.com\/semmexico\/wp-json\/wp\/v2\/media?parent=81910"}],"wp:term":[{"taxonomy":"category","embeddable":true,"href":"https:\/\/redsemlac.com\/semmexico\/wp-json\/wp\/v2\/categories?post=81910"},{"taxonomy":"post_tag","embeddable":true,"href":"https:\/\/redsemlac.com\/semmexico\/wp-json\/wp\/v2\/tags?post=81910"}],"curies":[{"name":"wp","href":"https:\/\/api.w.org\/{rel}","templated":true}]}}