{"id":8176,"date":"2019-04-30T16:36:13","date_gmt":"2019-04-30T16:36:13","guid":{"rendered":"https:\/\/redsemlac.com\/semmexico\/?p=8176"},"modified":"2023-07-21T14:48:40","modified_gmt":"2023-07-21T19:48:40","slug":"sin-indicios-aun-sobre-el-asesinato-de-la-estudiante-de-cch","status":"publish","type":"post","link":"https:\/\/redsemlac.com\/semmexico\/sin-indicios-aun-sobre-el-asesinato-de-la-estudiante-de-cch\/","title":{"rendered":"Sin indicios a\u00fan sobre el asesinato de la estudiante de CCH"},"content":{"rendered":"\n<p class=\"wp-block-paragraph\">Reacciona la comunidad estudiantil, convocando \u201cAsamblea Urgente\u201d.<\/p>\n\n\n\n<h5 class=\"wp-block-heading\"> UNAM y el Gobierno de la CDMX lamentan el hecho, pero todav\u00eda no informan sobre el asesinato de la estudiante.<\/h5>\n\n\n\n<p class=\"wp-block-paragraph\"><a href=\"https:\/\/semmexico.com\/gallery-post.php?id=8015#\">Redacci\u00f3n<\/a><\/p>\n\n\n\n<p class=\"wp-block-paragraph\">SemM\u00e9xico. Cd. de M\u00e9xico. 30 de abril. 2019.- La tarde de ayer fue reportada la muerte de una estudiante del Colegio de Ciencias y Humanidades, Plantel Oriente (CCH), de acuerdo con la informaci\u00f3n, &nbsp;la joven que se identific\u00f3 como Aide\u00e9 Mendoza, de 18&nbsp; a\u00f1os de edad, fue herida por arma de fuego, al interior de \u00e9ste centro de estudios. Y sigue sin conocerse el motivo que ocasion\u00f3 la lesi\u00f3n fatal.<\/p>\n\n\n\n<p class=\"wp-block-paragraph\">M\u00e1s tarde, la Universidad Nacional Aut\u00f3noma de M\u00e9xico (UNAM) confirm\u00f3 la identidad y el fallecimiento de la joven estudiante, mediante un comunicado de prensa, inform\u00f3 que la alumna, del sexto semestre, fue atendida de inmediato por los servicios m\u00e9dicos del plantel y trasladada a bordo de una ambulancia al Hospital del ISSSTE de Zaragoza. Pero lamentablemente falleci\u00f3.<\/p>\n\n\n\n<p class=\"wp-block-paragraph\">De igual forma, la UNAM, brindar\u00e1 todas las facilidades y apoyos necesarios a la familia y a la autoridad correspondiente, para que \u00e9sta lleve a cabo una investigaci\u00f3n a fondo y los hechos puedan ser esclarecidos, se detalla en el documento.<\/p>\n\n\n\n<p class=\"wp-block-paragraph\">Asimismo, ayer por la noche, &nbsp;la Procuradur\u00eda &nbsp;de la Ciudad de M\u00e9xico, en su cuenta oficial de Twitter, public\u00f3&nbsp;<em>\u201c#InformaPGJ En coordinaci\u00f3n con la @UNAM_MX, se investiga el homicidio de una estudiante, al parecer lesionada con un disparo de arma de fuego en las instalaciones del Colegio de Ciencias y Humanidades (CCH) plantel Oriente, ubicado en la alcald\u00eda #Iztapalapa\u201d.<\/em><\/p>\n\n\n\n<p class=\"wp-block-paragraph\">En referencia a este caso, tambi\u00e9n la Jefa de Gobierno de la Ciudad de M\u00e9xico, Claudia Sheinbaum, dijo a trav\u00e9s de sus redes sociales, &nbsp;que la Procuradur\u00eda General de Justicia de la Ciudad de M\u00e9xico (PGJ-CdMx) est\u00e1 realizando investigaciones para esclarecer los hechos, adem\u00e1s expres\u00f3 sus condolencias a los familiares de la v\u00edctima, \u201c<em>La @PGJDF_CDMX est\u00e1 realizando las investigaciones conducentes en coordinaci\u00f3n con la @UNAM_MX sobre el grave y lamentable hecho ocurrido en el CCH Oriente. Nuestro coraz\u00f3n con los familiares y amigos de la joven estudiante Aide\u00e9 y nuestro compromiso de justicia\u201d.<\/em><\/p>\n\n\n\n<p class=\"wp-block-paragraph\">Por su parte trasciende en redes sociales que la comunidad estudiantil del CCH y de la Facultad de Ciencias Pol\u00edticas y Sociales, est\u00e1n convocando a una \u201casamblea urgente\u201d, el d\u00eda de hoy, en respuesta al asesinato de Aide\u00e9.<\/p>\n\n\n\n<p class=\"wp-block-paragraph\"><em>SEM\/ILM<\/em><\/p>\n","protected":false},"excerpt":{"rendered":"<p>Reacciona la comunidad estudiantil, convocando \u201cAsamblea Urgente\u201d. UNAM y el Gobierno de la CDMX lamentan el hecho, pero todav\u00eda no informan sobre el asesinato de la estudiante. Redacci\u00f3n SemM\u00e9xico. Cd. de M\u00e9xico. 30 de abril. 2019.- La tarde de ayer fue reportada la muerte de una estudiante del Colegio de Ciencias y Humanidades, Plantel Oriente [&hellip;]<\/p>\n","protected":false},"author":3,"featured_media":8180,"comment_status":"open","ping_status":"open","sticky":false,"template":"","format":"standard","meta":{"_monsterinsights_skip_tracking":false,"footnotes":""},"categories":[690,54],"tags":[],"class_list":["post-8176","post","type-post","status-publish","format-standard","has-post-thumbnail","category-690","category-mujeres"],"_links":{"self":[{"href":"https:\/\/redsemlac.com\/semmexico\/wp-json\/wp\/v2\/posts\/8176","targetHints":{"allow":["GET"]}}],"collection":[{"href":"https:\/\/redsemlac.com\/semmexico\/wp-json\/wp\/v2\/posts"}],"about":[{"href":"https:\/\/redsemlac.com\/semmexico\/wp-json\/wp\/v2\/types\/post"}],"author":[{"embeddable":true,"href":"https:\/\/redsemlac.com\/semmexico\/wp-json\/wp\/v2\/users\/3"}],"replies":[{"embeddable":true,"href":"https:\/\/redsemlac.com\/semmexico\/wp-json\/wp\/v2\/comments?post=8176"}],"version-history":[{"count":0,"href":"https:\/\/redsemlac.com\/semmexico\/wp-json\/wp\/v2\/posts\/8176\/revisions"}],"wp:featuredmedia":[{"embeddable":true,"href":"https:\/\/redsemlac.com\/semmexico\/wp-json\/wp\/v2\/media\/8180"}],"wp:attachment":[{"href":"https:\/\/redsemlac.com\/semmexico\/wp-json\/wp\/v2\/media?parent=8176"}],"wp:term":[{"taxonomy":"category","embeddable":true,"href":"https:\/\/redsemlac.com\/semmexico\/wp-json\/wp\/v2\/categories?post=8176"},{"taxonomy":"post_tag","embeddable":true,"href":"https:\/\/redsemlac.com\/semmexico\/wp-json\/wp\/v2\/tags?post=8176"}],"curies":[{"name":"wp","href":"https:\/\/api.w.org\/{rel}","templated":true}]}}