{"id":8170,"date":"2019-03-19T16:34:09","date_gmt":"2019-03-19T16:34:09","guid":{"rendered":"https:\/\/redsemlac.com\/semmexico\/?p=8170"},"modified":"2023-07-21T14:47:46","modified_gmt":"2023-07-21T19:47:46","slug":"omision-del-gobierno-pone-en-riesgo-el-financiamiento-de-organizaciones-de-la-sociedad-civil","status":"publish","type":"post","link":"https:\/\/redsemlac.com\/semmexico\/omision-del-gobierno-pone-en-riesgo-el-financiamiento-de-organizaciones-de-la-sociedad-civil\/","title":{"rendered":"Omisi\u00f3n del gobierno pone en riesgo el financiamiento de organizaciones de la sociedad civil"},"content":{"rendered":"\n<p class=\"wp-block-paragraph\">\u2022 La acreditaci\u00f3n individual por organizaci\u00f3n y la publicaci\u00f3n del directorio en el DOF se realizaba a m\u00e1s tardar en febrero del a\u00f1o en curso.<\/p>\n\n\n\n<h5 class=\"wp-block-heading\"> \u2022 Organizaciones de la Sociedad Civil que se financian con fondos privados no han podido recibir donativos en lo que va del a\u00f1o por el retraso de la publicaci\u00f3n del Directorio de Donatarias Autorizadas 2019.<\/h5>\n\n\n\n<p class=\"wp-block-paragraph\"><a href=\"https:\/\/semmexico.com\/gallery-post.php?id=7600#\">Redacci\u00f3n<\/a><\/p>\n\n\n\n<p class=\"wp-block-paragraph\"><strong>Claudia Ramos y Yuriria \u00c1vila<\/strong><\/p>\n\n\n\n<p class=\"wp-block-paragraph\">SemM\u00e9xico\/Animal Pol\u00edtico. 19 de marzo 2019.- La instrucci\u00f3n del presidente Andr\u00e9s Manuel L\u00f3pez Obrador de no transferir recursos a ninguna organizaci\u00f3n de la sociedad civil ha transcendido el Presupuesto Federal. Ahora OSC corren el riesgo de quedarse sin financiamiento privado, ante el retraso de la acreditaci\u00f3n y de la publicaci\u00f3n del Directorio de Donatarias Autorizadas para este a\u00f1o, en el Diario Oficial de la Federaci\u00f3n.<\/p>\n\n\n\n<p class=\"wp-block-paragraph\">Desde el 2005, fecha en que la Administraci\u00f3n P\u00fablica Federal empez\u00f3 a entregar recursos p\u00fablicos a asociaciones civiles, la acreditaci\u00f3n individual por organizaci\u00f3n y la publicaci\u00f3n del directorio en el DOF se realizaba a m\u00e1s tardar en febrero del a\u00f1o en curso. Esto no ha sucedido en lo que va del 2019, lo que ha provocado que organizaciones que dependen de fondos privados para subsistir no est\u00e9n recibiendo de momento dicho financiamiento.<\/p>\n\n\n\n<p class=\"wp-block-paragraph\">Es el caso de la Fundaci\u00f3n Reintegra, organizaci\u00f3n de la sociedad civil con 35 a\u00f1os de existencia que trabaja con programas de prevenci\u00f3n del delito, para reintegrar a la sociedad a quienes experimentan conflictos penales, particularmente j\u00f3venes de escasos recursos econ\u00f3micos.<\/p>\n\n\n\n<p class=\"wp-block-paragraph\">La fundaci\u00f3n recibe un financiamiento anual promedio de 13 millones de pesos provenientes de donaciones privadas, las cuales se encuentran en riesgo. De hecho le quedan fondos para realizar su trabajo por un m\u00e1ximo de tres quincenas m\u00e1s, de acuerdo con los c\u00e1lculos de su directora, Jimena C\u00e1ndano.<\/p>\n\n\n\n<p class=\"wp-block-paragraph\">\u201cPor lo general se publica en el Diario Oficial de la Federaci\u00f3n en enero, m\u00e1ximo febrero. Pero ya estamos a mediados de marzo. No se ha publicado y las \u00fanicas respuestas del SAT son \u2018est\u00e9n pendientes, ya la publicaremos\u2019. Pero mientras tanto nuestros donadores, sobre todo empresas y fundaciones donatarias, no nos quieren donar hasta que no tengamos la autorizaci\u00f3n\u201d.<\/p>\n\n\n\n<p class=\"wp-block-paragraph\">El SAT inform\u00f3 a Fundaci\u00f3n Reintegra que pod\u00edan utilizar la autorizaci\u00f3n de 2018, pero los donantes no se quieren arriesgar puesto que la Miscel\u00e1nea Fiscal establece que la vigencia es s\u00f3lo por ese a\u00f1o, adem\u00e1s de que temen que la autorizaci\u00f3n para recibir donativos deducibles de impuestos sea revocada en 2019 no s\u00f3lo para Reintegra, sino para todas las organizaciones.<\/p>\n\n\n\n<p class=\"wp-block-paragraph\">\u201cLa vigencia de la autorizaci\u00f3n para recibir donativos deducibles es de un a\u00f1o y el SAT nos contest\u00f3 que utilicemos la del 2018 que sigue vigente, pero eso no es as\u00ed porque la Miscel\u00e1nea dice un a\u00f1o y esa autorizaci\u00f3n no nos la toma ninguna fundaci\u00f3n de segundo piso, ni ning\u00fan donatario, porque no tenemos c\u00f3mo acreditar nuestro car\u00e1cter de donataria. Todo mundo tiene bastante recelo de dar la aportaci\u00f3n porque no saben si al final la respuesta va a ser que ya no van a autorizar a nadie, y nadie va a poder deducir, que es uno de los rumores que corren.<\/p>\n\n\n\n<p class=\"wp-block-paragraph\">\u201cY est\u00e1n esperando porque cuentan por ah\u00ed que van a querer presentar una iniciativa de ley para quitar la deducibilidad, pero mientras tanto nosotros no vamos a aguantar tres quincenas m\u00e1s para pagarle al equipo sin que nos dejen por lo menos recibir donativos. No nos est\u00e1n negando la autorizaci\u00f3n, sino que el gobierno est\u00e1 siendo omiso\u201d, explica C\u00e1ndano.<\/p>\n\n\n\n<p class=\"wp-block-paragraph\">Todos los a\u00f1os, en el Anexo 14 de la Miscel\u00e1nea Fiscal el gobierno federal publica la lista de las organizaciones autorizadas para recibir donativos y dar recibos de deducibilidad. Personas f\u00edsicas y morales tienen un tope de hasta el 7 % de lo que pagan de impuestos para deducirlo v\u00eda estos donativos. En el caso de Fundaci\u00f3n Reintegra, este esquema les ha permitido financiar los tres programas con los que atienden actualmente a 5 mil ni\u00f1as, ni\u00f1os, j\u00f3venes, sus familias y sus maestros, a los que dan asistencia y defensa jur\u00eddica mientras los adolescentes siguen su proceso en libertad, con el objetivo de promover su reinserci\u00f3n en la comunidad.<\/p>\n\n\n\n<p class=\"wp-block-paragraph\">\u201cEl trabajo que hacemos no es de esos que la gente se desborda por donarte; muchos lo que te dicen es \u2018yo para qu\u00e9 quiero apoyar a un delincuente\u2019. Entonces no tenemos una bolsa ahorrada para mantenernos y somos un equipo muy grande para hacer todo nuestro trabajo. Este mismo problema lo tiene J\u00f3venes Constructores de la Comunidad y todos los que trabajamos en la red. Todos estamos igual porque al ser omiso el gobierno, los particulares dicen \u2018en donde te la quiten porque te quejaste por la Guardia Nacional o lo que sea, yo ya me ator\u00e9 y si ya te di el dinero ya no lo voy a poder deducir\u2019.<\/p>\n\n\n\n<p class=\"wp-block-paragraph\">\u201cEl no publicar las OSC que tenemos deducibilidad impide que empresarios, personas f\u00edsicas, fundaciones de segundo piso nos donen dinero, que es de lo que en realidad sobrevivimos, porque a nosotros el gobierno no nos da dinero\u201d, advirti\u00f3 la directora de Reintegra.<\/p>\n\n\n\n<p class=\"wp-block-paragraph\">La Fundaci\u00f3n atiende hoy al 60 % de los j\u00f3venes que cometieron alg\u00fan delito en la Ciudad de M\u00e9xico, y ya recibieron solicitudes del Poder Judicial y del gobierno capitalino de atender m\u00e1s, lo que complica m\u00e1s su situaci\u00f3n econ\u00f3mica.<\/p>\n\n\n\n<p class=\"wp-block-paragraph\">\u201cPoder Judicial y gobierno de la Ciudad de M\u00e9xico nos pidieron que atendamos a m\u00e1s porque ellos corrieron a todos sus psic\u00f3logos y cerraron el Instituto para la Atenci\u00f3n y Prevenci\u00f3n de Adicciones (IAPA), entonces adem\u00e1s le estamos haciendo al Poder Judicial todos sus perfiles psicosociales y adictol\u00f3gicos, y no tengo con qu\u00e9 pagarle a mi equipo\u201d, expres\u00f3. \u201cLiteral ahorita atendemos m\u00e1s j\u00f3venes nosotros que el gobierno de la Ciudad de M\u00e9xico y con una tasa de \u00e9xito del 96 % en la reinserci\u00f3n de adolescentes\u201d.<\/p>\n\n\n\n<p class=\"wp-block-paragraph\">Una de las posibles explicaciones para la demora en la publicaci\u00f3n del Directorio de Donatarias Autorizadas 2019 en el DOF es un cambio que se pidi\u00f3 el a\u00f1o pasado, todav\u00eda durante el sexenio de Enrique Pe\u00f1a Nieto, para que las OSC modificaran sus estatutos e incluyeran la obligatoriedad de donar sus activos a otra OSC, en caso de disolver la organizaci\u00f3n.<\/p>\n\n\n\n<p class=\"wp-block-paragraph\">Sin embargo, la falta de informaci\u00f3n oficial ya llev\u00f3 a Fundaci\u00f3n Reintegra y otras organizaciones a presentar solicitudes de informaci\u00f3n v\u00eda transparencia, y preparar la posibilidad de solicitar un amparo.<\/p>\n","protected":false},"excerpt":{"rendered":"<p>\u2022 La acreditaci\u00f3n individual por organizaci\u00f3n y la publicaci\u00f3n del directorio en el DOF se realizaba a m\u00e1s tardar en febrero del a\u00f1o en curso. \u2022 Organizaciones de la Sociedad Civil que se financian con fondos privados no han podido recibir donativos en lo que va del a\u00f1o por el retraso de la publicaci\u00f3n del [&hellip;]<\/p>\n","protected":false},"author":3,"featured_media":8173,"comment_status":"open","ping_status":"open","sticky":false,"template":"","format":"standard","meta":{"_monsterinsights_skip_tracking":false,"footnotes":""},"categories":[690,56],"tags":[],"class_list":["post-8170","post","type-post","status-publish","format-standard","has-post-thumbnail","category-690","category-redes"],"_links":{"self":[{"href":"https:\/\/redsemlac.com\/semmexico\/wp-json\/wp\/v2\/posts\/8170","targetHints":{"allow":["GET"]}}],"collection":[{"href":"https:\/\/redsemlac.com\/semmexico\/wp-json\/wp\/v2\/posts"}],"about":[{"href":"https:\/\/redsemlac.com\/semmexico\/wp-json\/wp\/v2\/types\/post"}],"author":[{"embeddable":true,"href":"https:\/\/redsemlac.com\/semmexico\/wp-json\/wp\/v2\/users\/3"}],"replies":[{"embeddable":true,"href":"https:\/\/redsemlac.com\/semmexico\/wp-json\/wp\/v2\/comments?post=8170"}],"version-history":[{"count":0,"href":"https:\/\/redsemlac.com\/semmexico\/wp-json\/wp\/v2\/posts\/8170\/revisions"}],"wp:featuredmedia":[{"embeddable":true,"href":"https:\/\/redsemlac.com\/semmexico\/wp-json\/wp\/v2\/media\/8173"}],"wp:attachment":[{"href":"https:\/\/redsemlac.com\/semmexico\/wp-json\/wp\/v2\/media?parent=8170"}],"wp:term":[{"taxonomy":"category","embeddable":true,"href":"https:\/\/redsemlac.com\/semmexico\/wp-json\/wp\/v2\/categories?post=8170"},{"taxonomy":"post_tag","embeddable":true,"href":"https:\/\/redsemlac.com\/semmexico\/wp-json\/wp\/v2\/tags?post=8170"}],"curies":[{"name":"wp","href":"https:\/\/api.w.org\/{rel}","templated":true}]}}