{"id":8157,"date":"2019-02-02T16:31:10","date_gmt":"2019-02-02T16:31:10","guid":{"rendered":"https:\/\/redsemlac.com\/semmexico\/?p=8157"},"modified":"2023-07-21T14:46:11","modified_gmt":"2023-07-21T19:46:11","slug":"la-politica-de-genero-al-centro-de-la-politica-nacional-considerando-la-violencia-contra-las-mujeres-dicen-aspirantes","status":"publish","type":"post","link":"https:\/\/redsemlac.com\/semmexico\/la-politica-de-genero-al-centro-de-la-politica-nacional-considerando-la-violencia-contra-las-mujeres-dicen-aspirantes\/","title":{"rendered":"La pol\u00edtica de g\u00e9nero al centro de la pol\u00edtica nacional, considerando la violencia contra las mujeres  dicen aspirantes."},"content":{"rendered":"\n<p class=\"wp-block-paragraph\"><a href=\"https:\/\/www.semmexico.com\/gallery-post.php?id=7056#\">Sara Lovera<\/a><\/p>\n\n\n\n<p class=\"wp-block-paragraph\"><strong><em>Primera Parte<\/em><\/strong><\/p>\n\n\n\n<p class=\"wp-block-paragraph\">SemM\u00e9xico. Cd. de M\u00e9xico. 2 de febrero de 2019.- Al menos unas 20 mujeres enviaron a los Consejos Consultivo y Social del Instituto Nacional de las Mujeres su deseo de ser consideradas para la terna de la que habr\u00e1 de emanar la designaci\u00f3n de la presidenta del Instituto Nacional de las Mujeres (INMUJERES). El fallo&nbsp;seg\u00fan la convocatoria \u201cser\u00e1 inapelable\u201d,&nbsp;se conocer\u00e1 el pr\u00f3ximo viernes, cuando se cumplan 53 d\u00edas desde que el proceso se detuvo,&nbsp;y&nbsp;las consejeras&nbsp;emprendieron&nbsp;un proceso abierto y democr\u00e1tico. La convocatoria cerr\u00f3 a las 18 horas del primero de febrero.&nbsp;<\/p>\n\n\n\n<p class=\"wp-block-paragraph\">Las aspirantes, adem\u00e1s de los requisitos de ley,&nbsp;tendr\u00e1n que demostrar&nbsp;a las consejeras, mayor\u00eda activistas y \u201cexpertas\u201d, que se es&nbsp;feminista; tener pruebas de defender el estado laico, probada conducta, no estar involucradas en actos de corrupci\u00f3n; defender los derechos sexuales &nbsp;y reproductivos; haber sido formada estrictamente en procesos de conocimiento en g\u00e9nero, educaci\u00f3n de alto nivel, tener \u00e9tica, haber participado en el movimiento social y tener marco hist\u00f3rico sobre la lucha de las mujeres,&nbsp;es decir&nbsp;conocerlo.<\/p>\n\n\n\n<p class=\"wp-block-paragraph\">De entre las aspirantes, SemM\u00e9xico consult\u00f3 a 6 de ellas, todas con una historia comprometida con los derechos humanos de las mujeres, todas ellas coinciden en que hoy se debe defender la permanencia y un buen trabajo en el Instituto Nacional de las Mujeres, creaci\u00f3n del movimiento feminista y amplio de mujeres. Las consejeras decidir\u00e1n en 6 d\u00edas de deliberaciones.&nbsp;<\/p>\n\n\n\n<p class=\"wp-block-paragraph\">El proceso deliberativo abierto por las consejeras, permiti\u00f3 inscripciones que no estaban antes del 14 de diciembre en que no hubo acuerdo. Lo importante, destacaron las aspirantes consultadas, es que se pueda avanzar y adem\u00e1s de enviar todos los documentos, tambi\u00e9n sus propuestas de trabajo apuntan a dar al Instituto una nueva vida en este nuevo gobierno. Se busca que alrededor del 15 de febrero hubiera una definici\u00f3n.&nbsp;<\/p>\n\n\n\n<p class=\"wp-block-paragraph\">A pesar de ello seg\u00fan la consulta a funcionarias para el Gobierno de la 4T hay dos candidatas&nbsp;fuertes:Nadine Gasman&nbsp;Zylbermann&nbsp;y Carol Arriaga&nbsp;Garc\u00eda,\u00e9sta \u00faltima ha enviado sus documentos y promueve su&nbsp;plan de trabajo y&nbsp;perspectiva en los medios de comunicaci\u00f3n.<\/p>\n\n\n\n<p class=\"wp-block-paragraph\">La legalidad del proceso abierto por las consejeras tiene divididas las opiniones. Hay quien sostiene, como la Secretaria de Gobernaci\u00f3n, Olga S\u00e1nchez Cordero, que es &nbsp;una \u201ccomplicadera\u201d. En los c\u00edrculos oficiales se dice que el proceso de las consejeras si bien es interesante, no est\u00e1 dentro de lo que marca la ley del Instituto para elegir la&nbsp;terna;&nbsp;est\u00e1 fuera de la normatividad y si bien ellas propondr\u00e1n &nbsp;del resultado de su convocatoria a sus candidatas, es la Junta de Gobierno quien deber\u00e1 aprobarla y entonces enviarla al presidente para la designaci\u00f3n. &nbsp;Se corre el riesgo de que esa convocatoria sea impugnada y carezca de validez.<\/p>\n\n\n\n<p class=\"wp-block-paragraph\">Para la abogada feminista Andrea Medina es atribuci\u00f3n legal de ambos Consejos proponer la terna para que desde presidencia de la Rep\u00fablica &nbsp;se elija a la nueva Presidenta de INMUJERES y explica que&nbsp;as\u00ed&nbsp;se dise\u00f1\u00f3 para, desde la ley, garantizar procesos transparentes y democr\u00e1ticos, pero tambi\u00e9n para garantizar la interlocuci\u00f3n y legitimidad social y ciudadana de quien presida dicho Instituto.&nbsp;<\/p>\n\n\n\n<p class=\"wp-block-paragraph\">Y comenta que a lo largo de estos a\u00f1os, esa atribuci\u00f3n que est\u00e1 en la ley, se ha dejado sin las precisiones reglamentarias que garantizar\u00edan claridad sobre los pasos para llegar a la decisi\u00f3n de dicha terna. \u201cEsos vac\u00edos legales no hacen ilegal que los consejos exijan y realicen sus atribuciones, s\u00f3lo enrarecen el proceso y lo dejan m\u00e1s expuesto a posibles autoritarismos y discrecionalidades de quienes tienen poderes de facto pero, insisto, no hace ilegal la acci\u00f3n de los Consejos\u201d.<\/p>\n\n\n\n<p class=\"wp-block-paragraph\">Lo cierto es que las aspirantes acudieron al llamado de los consejos, entre ellas la&nbsp;activista y ex legisladora Candelaria Ochoa, la doctora y actual funcionaria de ONU Mujeres en Brasil, Nadine Gassman&nbsp;Zylbermann,&nbsp;la doctora&nbsp;Fabiola Alan\u00eds S\u00e1mano, ex secretaria de la Mujer en Michoac\u00e1n, la doctora Patricia Olamendi Torres, consultora internacional y promotora de los derechos humanos de las mujeres; la doctora en filosof\u00eda &nbsp;Rub\u00ed de Mar\u00eda G\u00f3mez &nbsp;Campos, ex directora del Instituto de las Mujeres de Michoac\u00e1n, la economista Magdalena Garc\u00eda Hern\u00e1ndez, promotora de las ciudades seguras y la doctora, ex titular del programa de g\u00e9nero del Colegio de M\u00e9xico, Adriana&nbsp;Ortiz&nbsp;Ortega. Tambi\u00e9n envi\u00f3 su postulaci\u00f3n la encargada de la pol\u00edtica de mujeres en MORENA, Carol Arriaga Garc\u00eda.<\/p>\n\n\n\n<p class=\"wp-block-paragraph\">M\u00e1s all\u00e1 del debate de la designaci\u00f3n, estas aspirantes coinciden en que ahora existe un momento para&nbsp;&nbsp;conocer y debatir el proyecto de pol\u00edtica p\u00fablica para la igualdad, en un debate plural de&nbsp;garant\u00edas&nbsp;para procesos democr\u00e1ticos.&nbsp;Coinciden en revisar lo hecho, en impulsar programas que no est\u00e1n completos, como los relativos a derechos laborales y fomentar la autonom\u00eda econ\u00f3mica de las mujeres. No todas se declaran feministas, pero lo son en los hechos. Todas tienen larga trayectoria.<\/p>\n\n\n\n<p class=\"wp-block-paragraph\">Est\u00e1n a favor de un &nbsp;di\u00e1logo \u2013 ser\u00e1n entrevistadas el jueves 7 por las consejeras- donde se podr\u00e1 analizar sobre &nbsp;los logros y dificultades del Instituto, &nbsp;todo lo vinculado con la pol\u00edtica de igualdad, que est\u00e1 identificada por grupos de mujeres en la actual administraci\u00f3n como algo insustancial, donde todav\u00eda no se conoce proyecto alguno. El presidente de la Rep\u00fablica, dijo el viernes por la ma\u00f1ana que en el plan general, &nbsp;de defensa de los derechos humanos de la Secretar\u00eda de Gobernaci\u00f3n se delinear\u00e1n &nbsp;las pol\u00edticas \u201cde protecci\u00f3n\u201d a las mujeres, especialmente sobre feminicidio. Ello, inform\u00f3, suceder\u00e1 este lunes 4.<\/p>\n\n\n\n<p class=\"wp-block-paragraph\"><strong>DICHOS DE LAS ASPIRANTES<\/strong><\/p>\n\n\n\n<p class=\"wp-block-paragraph\">Las seis aspirantes, consultadas entregaron un plan de trabajo que compartieron con &nbsp;SemM\u00e9xico, que publicaremos en textos&nbsp;aparte, por ahora &nbsp;algunas propuestas relevantes &nbsp;las siguientes, presentadas por estricto orden alfab\u00e9tico:<\/p>\n\n\n\n<p class=\"wp-block-paragraph\"><strong>Fabiola Alan\u00eds S\u00e1mano:<\/strong>&nbsp;&nbsp;Se requiere una pol\u00edtica espec\u00edfica para las mujeres acorde con los principios de la Cuarta&nbsp;Transformaci\u00f3n, hacer&nbsp;un uso eficiente de los recursos p\u00fablicos; la protecci\u00f3n y promoci\u00f3n de los m\u00e1s vulnerables como las mujeres, \u201cel sector poblacional m\u00e1s afectado por los asesinatos de sus hijos, de sus nietos, de sus hermanos, de sus esposos\u201d.&nbsp;<\/p>\n\n\n\n<p class=\"wp-block-paragraph\"><strong>Nadine Gassman&nbsp;Zylbermann:<\/strong>&nbsp;El INMUJERES est\u00e1 llamado a fomentar la centralidad de las necesidades de todas las mujeres con pol\u00edticas transversales en los tres niveles del gobierno y el sector privado; desarrollar acciones posibles, pr\u00e1cticas y realizables; ampliar todos los mecanismos para la autonom\u00eda econ\u00f3mica de las mujeres; mayores inversiones para ello. El asunto es involucrar a todos los gobiernos de los estados y de manera cotidiana fomentar el di\u00e1logo.&nbsp;<\/p>\n\n\n\n<p class=\"wp-block-paragraph\"><strong>Rub\u00ed de Mar\u00eda&nbsp;G\u00f3mez Campos:<\/strong>&nbsp;De&nbsp;manera inmediata tres acciones:&nbsp;Justicia&nbsp;para las mujeres.Violencia y feminicidio Institucionalizaci\u00f3n de la perspectiva de g\u00e9nero. Urge una&nbsp;ruta dotada de recursos, &nbsp;calendario y metas mensurables para obligar a las autoridades federales, estatales y locales a aplicar las leyes relativas a la prevenci\u00f3n y eliminaci\u00f3n de todas las formas de discriminaci\u00f3n&nbsp;de facto&nbsp;de las mujeres. Capacitar &nbsp;de manera sistem\u00e1tica y obligatoria, a los jueces, fiscales, defensores p\u00fablicos, abogados, los agentes de polic\u00eda y otros funcionarios encargados de hacer cumplir la ley y proteger los derechos de la mujer y la igualdad de g\u00e9nero, para poner fin al trato discriminatorio de mujeres y ni\u00f1as.<\/p>\n\n\n\n<p class=\"wp-block-paragraph\"><strong>Candelaria Ochoa \u00c1valos:<\/strong>&nbsp;En el Plan de Gobierno del Presidente Andr\u00e9s Manuel L\u00f3pez&nbsp;Obrador, fomentar&nbsp;que planes y programas propuestos, integren la perspectiva de g\u00e9nero y la igualdad como un principio rector de la pol\u00edtica p\u00fablica. Atender y dar seguimiento a los compromisos internacionales como la Agenda 2030 y las recomendaciones de los organismos internacionales como la CEPAL y las recomendaciones del Comit\u00e9 de CEDAW; Analizar, evaluar y recuperar los planes y programas desarrollados por la instituci\u00f3n que han mostrado efectividad y eficacia&nbsp;y que han sido exitosos en el desarrollo de la instituci\u00f3n; Desarrollar y acompa\u00f1ar la integraci\u00f3n de la pol\u00edtica de igualdad entre Municipios, Estados y Federaci\u00f3n y fomentar la participaci\u00f3n de la Sociedad Civil en los planes y programas del&nbsp;Indujeres, con particular \u00e9nfasis en el movimiento amplio de mujeres y feminista.&nbsp;<\/p>\n\n\n\n<p class=\"wp-block-paragraph\"><strong>Patricia Olamendi Torres:<\/strong>&nbsp;Las acciones urgentes para eliminar las brechas de g\u00e9nero y promover la igualdad de oportunidades requieren impulsar como pol\u00edtica prioritaria la materia educativa y el sistema de cuidados garantizando un entorno seguro, &nbsp;cero impunidad a la violencia contra las mujeres y las ni\u00f1as y acceso a la justicia; mecanismos de est\u00edmulos a las empresas que contraten mujeres embarazadas,&nbsp;discapacitadas&nbsp;y primer empleo; sanciones por discriminaci\u00f3n laboral, &nbsp;derecho a la autonom\u00eda econ\u00f3mica, y una revoluci\u00f3n en el sistema de justicia, todo ello en el Plan de Gobierno con la vigilancia de Inmujeres. M\u00e1s reformas, para homologar toda la legislaci\u00f3n en el pa\u00eds para sancionar toda forma de violencia contra mujeres y ni\u00f1as; que sean delitos graves la violencia familiar y sexual.<\/p>\n\n\n\n<p class=\"wp-block-paragraph\"><strong>Adriana&nbsp;Ortiz&nbsp;Ortega:&nbsp;<\/strong>Todos los acuerdos program\u00e1ticos, jur\u00eddicos y presupuestales que se establezcan deber\u00e1n tener estar ancladas en&nbsp;lasconvenciones firmadas por M\u00e9xico y el marco jur\u00eddico que de las mismas se desprende. Es necesario construir una visi\u00f3n estrat\u00e9gica de mediano aliento; trabajar\u00e1 sobre&nbsp;las necesidades actuales de la agenda de g\u00e9nero en la igualdad sustantiva y en la transversalizaci\u00f3n de las pol\u00edticas de todos los derechos humanos de las mujeres&nbsp;en los tres niveles de gobierno. Lo m\u00e1s importante es&nbsp;identificar&nbsp;los retos de la situaci\u00f3n nacional referente a pol\u00edticas para la protecci\u00f3n y defensa de las mujeres y las ni\u00f1as en su vinculaci\u00f3n con la agenda internacional.<\/p>\n\n\n\n<p class=\"wp-block-paragraph\">El proceso&nbsp;emprendido&nbsp;por las Consejera, fuera o dentro de a de la normatividad y si del resultado de su convocatoria, habr\u00e1&nbsp;propuestas&nbsp;que finalmente ser\u00e1 &nbsp;la Junta de Gobierno quien deber\u00e1 aprobarla y entonces enviarla al presidente para la designaci\u00f3n.&nbsp;<\/p>\n\n\n\n<p class=\"wp-block-paragraph\">La convocatoria fue clara&nbsp;&nbsp;el Art\u00edculo 15 de la Ley del Instituto Nacional de las Mujeres establece los siguientes&nbsp;requisitos para quienes aspiran a ser titular de la&nbsp;presidencia de INMUJERES:<\/p>\n\n\n\n<p class=\"wp-block-paragraph\">I. Ser ciudadana (o) mexicana (o) por nacimiento, en pleno goce y ejercicio de sus derechos&nbsp;civiles y pol\u00edticos;&nbsp;II. No haber sido condenada(o) por delito intencional alguno, o inhabilitada(o) por la&nbsp;Contralor\u00eda de la Federaci\u00f3n;&nbsp;III. Haber&nbsp;desempe\u00f1ado cargos de alto nivel decisorio, cuyo ejercicio requiere&nbsp;conocimiento y experiencia en materia administrativa;&nbsp;IV&nbsp;Haber destacado por su labor a nivel nacional o estatal, a favor de la igualdad de&nbsp;g\u00e9nero, o en actividades&nbsp;relacionadas con la promoci\u00f3n de la igualdad de&nbsp;oportunidades para las mujeres y dem\u00e1s materias objeto de esta Ley; V no encontrarse en uno o en varios de los impedimentos establecidos en la fracci\u00f3n&nbsp;III del Art\u00edculo 21 de la Ley Federal de Entidades Paraestatales.<\/p>\n\n\n\n<p class=\"wp-block-paragraph\">Sin embargo los consejos&nbsp;incluyeron&nbsp;criterios&nbsp;esenciales&nbsp;para la&nbsp;postulaci\u00f3n:&nbsp;1. Ser feminista.&nbsp;Demostrada por trayectoria personal y colectiva, comprometida con&nbsp;resguardar y enriquecer los avances en materia de derechos humanos de las mujeres&nbsp;y de la igualdad sustantiva en M\u00e9xico, enmarcada en par\u00e1metros y acuerdos&nbsp;nacionales, regionales e internacionales;&nbsp;2. Calidad \u00e9tica.&nbsp;Contar con probidad y alta calidad \u00e9tica carente de cuestionamientos&nbsp;a su conducta en la agenda de g\u00e9nero y en las luchas sociales, por ejemplo,vinculaci\u00f3n con actos de corrupci\u00f3n en cualquier modalidad o que haya sido&nbsp;se\u00f1alada por violaci\u00f3n de derechos humanos o declaraciones en contra de sectores&nbsp;de la sociedad, abuso de poder y otros contrarios a derechos.&nbsp;3. Contexto hist\u00f3rico.&nbsp;Profesionalizaci\u00f3n en temas de g\u00e9nero y pol\u00edticas p\u00fablicas&nbsp;enmarcada en el contexto hist\u00f3rico, social, econ\u00f3mico, cultural y pol\u00edtico del&nbsp;movimiento amplio de mujeres en M\u00e9xico.<\/p>\n\n\n\n<p class=\"wp-block-paragraph\">4. Independencia y autonom\u00eda.&nbsp;Probada defensa de la laicidad del Estado; demostrar&nbsp;compromiso con el Estado laico y la defensa de las libertades civiles, la libertad sexual&nbsp;y los derechos sexuales y reproductivos, enmarcada en la pluralidad, elementosustancial de la democracia, que fomenta la convivencia social, la inclusi\u00f3n, y el&nbsp;respeto a la multiculturalidad y a la diversidad religiosa.<\/p>\n\n\n\n<p class=\"wp-block-paragraph\">5. Conocimientos t\u00e9cnicos.&nbsp;Contar con conocimientos y experiencia demostrable en&nbsp;los procedimientos administrativos, legales y presupuestarios de la administraci\u00f3n&nbsp;p\u00fablica; en la implementaci\u00f3n de procesos de transversalizaci\u00f3n de la perspectiva de&nbsp;g\u00e9nero en el \u00e1mbito municipal, estatal y\/o federal; y en la vinculaci\u00f3n&nbsp;interinstitucional.<br><\/p>\n","protected":false},"excerpt":{"rendered":"<p>Sara Lovera Primera Parte SemM\u00e9xico. Cd. de M\u00e9xico. 2 de febrero de 2019.- Al menos unas 20 mujeres enviaron a los Consejos Consultivo y Social del Instituto Nacional de las Mujeres su deseo de ser consideradas para la terna de la que habr\u00e1 de emanar la designaci\u00f3n de la presidenta del Instituto Nacional de las [&hellip;]<\/p>\n","protected":false},"author":3,"featured_media":8159,"comment_status":"open","ping_status":"open","sticky":false,"template":"","format":"standard","meta":{"_monsterinsights_skip_tracking":false,"footnotes":""},"categories":[690,51],"tags":[],"class_list":["post-8157","post","type-post","status-publish","format-standard","has-post-thumbnail","category-690","category-ejecutivo"],"_links":{"self":[{"href":"https:\/\/redsemlac.com\/semmexico\/wp-json\/wp\/v2\/posts\/8157","targetHints":{"allow":["GET"]}}],"collection":[{"href":"https:\/\/redsemlac.com\/semmexico\/wp-json\/wp\/v2\/posts"}],"about":[{"href":"https:\/\/redsemlac.com\/semmexico\/wp-json\/wp\/v2\/types\/post"}],"author":[{"embeddable":true,"href":"https:\/\/redsemlac.com\/semmexico\/wp-json\/wp\/v2\/users\/3"}],"replies":[{"embeddable":true,"href":"https:\/\/redsemlac.com\/semmexico\/wp-json\/wp\/v2\/comments?post=8157"}],"version-history":[{"count":0,"href":"https:\/\/redsemlac.com\/semmexico\/wp-json\/wp\/v2\/posts\/8157\/revisions"}],"wp:featuredmedia":[{"embeddable":true,"href":"https:\/\/redsemlac.com\/semmexico\/wp-json\/wp\/v2\/media\/8159"}],"wp:attachment":[{"href":"https:\/\/redsemlac.com\/semmexico\/wp-json\/wp\/v2\/media?parent=8157"}],"wp:term":[{"taxonomy":"category","embeddable":true,"href":"https:\/\/redsemlac.com\/semmexico\/wp-json\/wp\/v2\/categories?post=8157"},{"taxonomy":"post_tag","embeddable":true,"href":"https:\/\/redsemlac.com\/semmexico\/wp-json\/wp\/v2\/tags?post=8157"}],"curies":[{"name":"wp","href":"https:\/\/api.w.org\/{rel}","templated":true}]}}