{"id":8149,"date":"2019-04-30T16:26:08","date_gmt":"2019-04-30T16:26:08","guid":{"rendered":"https:\/\/redsemlac.com\/semmexico\/?p=8149"},"modified":"2023-07-21T14:48:41","modified_gmt":"2023-07-21T19:48:41","slug":"la-historia-invisible-las-mujeres-que-enfrentan-violencia-politica","status":"publish","type":"post","link":"https:\/\/redsemlac.com\/semmexico\/la-historia-invisible-las-mujeres-que-enfrentan-violencia-politica\/","title":{"rendered":"La historia invisible: las mujeres que enfrentan violencia pol\u00edtica"},"content":{"rendered":"\n<p class=\"wp-block-paragraph\">Documental con el que pretenden sensibilizar al estudiantado<\/p>\n\n\n\n<h5 class=\"wp-block-heading\"> Narraciones que hablan de los obst\u00e1culos que enfrentan las mujeres en el \u00e1mbito pol\u00edtico<\/h5>\n\n\n\n<p class=\"wp-block-paragraph\"><a href=\"https:\/\/semmexico.com\/gallery-post.php?id=8026#\">Itzel Grajales<\/a><\/p>\n\n\n\n<p class=\"wp-block-paragraph\">SemM\u00e9xico, Tuxtla Guti\u00e9rrez, Chis., 30 abril 2019.- \u201cLa historia invisible\u201d es el documental realizado por el Instituto Nacional Electoral (INE), que la asociaci\u00f3n civil \u201cMujeres Abogadas de Chiapas\u201d lleva a las escuelas de nivel medio superior para concientizar a las y los j\u00f3venes sobre la importancia de construir relaciones basadas en el respeto y la igualdad,&nbsp;que impulsen el liderazgo de las mujeres en el \u00e1mbito p\u00fablico.<\/p>\n\n\n\n<p class=\"wp-block-paragraph\">En entrevista, Mar\u00eda Guadalupe Rovelo Camilo, presidenta de esta organizaci\u00f3n civil, explic\u00f3 que este documental muestra las dificultades que enfrentan ocho mujeres que han ocupado alg\u00fan cargo p\u00fablico en diferentes entidades del pa\u00eds; entre ellas Rosa P\u00e9rez P\u00e9rez, quien en 2015 fue electa como alcaldesa de Oxchuc, un municipio ind\u00edgena de Chiapas.<\/p>\n\n\n\n<p class=\"wp-block-paragraph\">\u201cOtra historia habla de una diputada por Xochimilco; una m\u00e1s de una activista en Tlaxcala\u2026 son de diferentes partes de la rep\u00fablica, para mostrar que no solo las mujeres del sureste del pa\u00eds son violentadas en sus derechos pol\u00edtico-electorales, sino que estos casos se repiten en toda la geograf\u00eda\u201d.<\/p>\n\n\n\n<p class=\"wp-block-paragraph\">La conclusi\u00f3n del documental \u2012detall\u00f3 Rovelo Camilo\u2012 es que no basta con llegar al poder; en el camino, las presidentas municipales, diputadas, senadoras y activistas, encuentran obst\u00e1culos que les impiden ejercerlo de manera efectiva; y esto se resume en que hay un sistema patriarcal que se resiste a ceder a las mujeres los espacios p\u00fablicos.<\/p>\n\n\n\n<p class=\"wp-block-paragraph\">\u201cLas&nbsp;leyes est\u00e1n muy bien elaboradas, est\u00e1 la paridad en blanco y negro, pero el ejercicio del poder se le dificulta a la mujer; hay muchas trabas, son objeto de violencias. Sus compa\u00f1eros, que tienen el mismo cargo que ellas, no las respetan; entonces es una lucha por abrirse camino en esta parte de la vida donde aparentemente ya alcanzaron sus metas\u201d, expuso.<\/p>\n\n\n\n<p class=\"wp-block-paragraph\">El objetivo de llevar el documental a las preparatorias es sensibilizar a la comunidad estudiantil porque este tipo de violencia, al igual que los feminicidios, se construye en la infancia y la adolescencia: nace en la escuela, en la casa, en los momentos de esparcimiento y convivencia, en las relaciones de noviazgo y amistad, donde las mujeres tienden a asumir una postura de sometimiento.<\/p>\n\n\n\n<p class=\"wp-block-paragraph\">\u201cDesde que los padres les asignan a las ni\u00f1as las tareas de la casa, desde que las visten de rosa, y no les permiten jugar con aviones y camiones, y a los ni\u00f1os los rega\u00f1an si quieren jugar con mu\u00f1ecas, se van formando estereotipos que fortalecen la idea de que las mujeres no estamos preparadas para ser l\u00edderes\u201d, advirti\u00f3.<\/p>\n\n\n\n<p class=\"wp-block-paragraph\">Hasta el momento, la asociaci\u00f3n civil Mujeres Abogadas de Chiapas ha proyectado el documental en ocho planteles del Colegio de Bachilleres de Chiapas (Cobach), y esperan llegar a otras escuelas m\u00e1s para replicar este mensaje que busca incidir en la perspectiva de las adolescentes sobre su futuro.<\/p>\n\n\n\n<p class=\"wp-block-paragraph\">&nbsp;SEM\/ig\/sj<\/p>\n","protected":false},"excerpt":{"rendered":"<p>Documental con el que pretenden sensibilizar al estudiantado Narraciones que hablan de los obst\u00e1culos que enfrentan las mujeres en el \u00e1mbito pol\u00edtico Itzel Grajales SemM\u00e9xico, Tuxtla Guti\u00e9rrez, Chis., 30 abril 2019.- \u201cLa historia invisible\u201d es el documental realizado por el Instituto Nacional Electoral (INE), que la asociaci\u00f3n civil \u201cMujeres Abogadas de Chiapas\u201d lleva a las [&hellip;]<\/p>\n","protected":false},"author":3,"featured_media":8156,"comment_status":"open","ping_status":"open","sticky":false,"template":"","format":"standard","meta":{"_monsterinsights_skip_tracking":false,"footnotes":""},"categories":[690,54],"tags":[],"class_list":["post-8149","post","type-post","status-publish","format-standard","has-post-thumbnail","category-690","category-mujeres"],"_links":{"self":[{"href":"https:\/\/redsemlac.com\/semmexico\/wp-json\/wp\/v2\/posts\/8149","targetHints":{"allow":["GET"]}}],"collection":[{"href":"https:\/\/redsemlac.com\/semmexico\/wp-json\/wp\/v2\/posts"}],"about":[{"href":"https:\/\/redsemlac.com\/semmexico\/wp-json\/wp\/v2\/types\/post"}],"author":[{"embeddable":true,"href":"https:\/\/redsemlac.com\/semmexico\/wp-json\/wp\/v2\/users\/3"}],"replies":[{"embeddable":true,"href":"https:\/\/redsemlac.com\/semmexico\/wp-json\/wp\/v2\/comments?post=8149"}],"version-history":[{"count":0,"href":"https:\/\/redsemlac.com\/semmexico\/wp-json\/wp\/v2\/posts\/8149\/revisions"}],"wp:featuredmedia":[{"embeddable":true,"href":"https:\/\/redsemlac.com\/semmexico\/wp-json\/wp\/v2\/media\/8156"}],"wp:attachment":[{"href":"https:\/\/redsemlac.com\/semmexico\/wp-json\/wp\/v2\/media?parent=8149"}],"wp:term":[{"taxonomy":"category","embeddable":true,"href":"https:\/\/redsemlac.com\/semmexico\/wp-json\/wp\/v2\/categories?post=8149"},{"taxonomy":"post_tag","embeddable":true,"href":"https:\/\/redsemlac.com\/semmexico\/wp-json\/wp\/v2\/tags?post=8149"}],"curies":[{"name":"wp","href":"https:\/\/api.w.org\/{rel}","templated":true}]}}