{"id":8148,"date":"2019-03-18T16:26:05","date_gmt":"2019-03-18T16:26:05","guid":{"rendered":"https:\/\/redsemlac.com\/semmexico\/?p=8148"},"modified":"2023-07-21T14:47:46","modified_gmt":"2023-07-21T19:47:46","slug":"exigen-cese-a-la-represion-en-nicaragua-y-liberacion-de-todas-las-presas-politicas","status":"publish","type":"post","link":"https:\/\/redsemlac.com\/semmexico\/exigen-cese-a-la-represion-en-nicaragua-y-liberacion-de-todas-las-presas-politicas\/","title":{"rendered":"Exigen cese a la represi\u00f3n en Nicaragua y liberaci\u00f3n de todas las presas pol\u00edticas"},"content":{"rendered":"\n<p class=\"wp-block-paragraph\">\u2022 Detuvieron a m\u00e1s de 100 personas.<\/p>\n\n\n\n<h5 class=\"wp-block-heading\"> \u2022 Feministas de toda la regi\u00f3n reclaman al gobierno de Nicaragua cese a la represi\u00f3n y liberaci\u00f3n absoluta de todas las defensoras de derechos humanos y activistas.<\/h5>\n\n\n\n<p class=\"wp-block-paragraph\"><a href=\"https:\/\/semmexico.com\/gallery-post.php?id=7601#\">Redacci\u00f3n<\/a><\/p>\n\n\n\n<p class=\"wp-block-paragraph\">SemM\u00e9xico\/RSMLAC. 18 de marzo 2019.- &nbsp;Organizaciones feministas de Am\u00e9rica Latina y del Caribe e integrantes de la Campa\u00f1a por la Libertad de las Presas Pol\u00edticas de Nicaragua #QueLasLiberen se solidarizaron con defensoras de derechos humanos, activistas y manifestantes que fueron reprimidas por el Gobierno de Nicaragua la tarde de este s\u00e1bado.<\/p>\n\n\n\n<p class=\"wp-block-paragraph\">Por lo que condenaron en\u00e9rgicamente la represi\u00f3n por polic\u00edas y paramilitares que gener\u00f3 la detenci\u00f3n de m\u00e1s de 100 personas en contra de defensores y defensoras de derechos humanos, activistas y militantes en la ciudad de Managua, y quienes en ese momento ejerc\u00edan su derecho a manifestarse por la libertad de las y los presos pol\u00edticos de Nicaragua, lo anterior sucedi\u00f3 tras la convocatoria que realiz\u00f3 la Unidad Nacional Azul y Blanco (UNAB) para este s\u00e1bado 16 de marzo de 2019 a las 2 de la tarde. &nbsp;De la misma forma tambi\u00e9n fueron detenidos y agredidos periodistas, que fueron sujetos\/as a golpes y la incautaci\u00f3n de sus equipos.<\/p>\n\n\n\n<p class=\"wp-block-paragraph\">En un comunicado, las firmantes se\u00f1alan que si bien celebran la liberaci\u00f3n de las personas detenidas este s\u00e1bado, manifiestan su indignaci\u00f3n ante estos hechos en donde compa\u00f1eras defensoras integrantes del movimiento feminista y lideresas del movimiento de oposici\u00f3n al gobierno fueron v\u00edctimas de la violaci\u00f3n de sus derechos. Entre quienes se encuentran:&nbsp; Azahalea Sol\u00eds y Sandra Ramos, integrantes de la Alianza C\u00edvica y de la mesa de di\u00e1logo, as\u00ed como Sof\u00eda Montenegro, M\u00f3nica Baltodano, Ana Margarita Vigil, Sofana Arce, Amelia Mart\u00ednez Cole, Ana Luc\u00eda \u00c1lvarez, Ang\u00e9lica Ju\u00e1rez, Berenice Quezada, Carolina Gil Baca, Elena Hendricks (USA, Elizabeth D\u00edaz (USA), Eyeling Joyce Aguilar Collado, Flor Mart\u00ednez de Abarca, Guirlanda Su\u00e1rez, Imelda de Jes\u00fas Corea, Inelia Guti\u00e9rrez, Jessica L\u00f3pez, Julieta Mart\u00ednez, Karen Celeberti, Karla Esquivel Sandino, Kathy Sevilla, Leila Garc\u00eda, Lidia Paguaga Figueroa, Liliam Urtecho, Mar\u00eda Jos\u00e9 Castillo, Mar\u00eda Teresa Peralta, Mar\u00eda Aguirre, Marta Chamorro, Mildred Rayo, Petrona Isabel Escalante Ayestas, Rosalinda L\u00f3pez Miranda, Ver\u00f3nica Corea de Urtecho, Virginia Amador, Yolaina D\u00edaz, Yolaina Vargas Pritchard (Brit\u00e1nica).<\/p>\n\n\n\n<p class=\"wp-block-paragraph\">Asimismo expresaron que \u00e9sta nueva represi\u00f3n se da en el marco de la crisis pol\u00edtica y de derechos humanos en Nicaragua, y es muestra de la falta de voluntad pol\u00edtica del r\u00e9gimen de Ortega de llegar a una soluci\u00f3n pac\u00edfica y democr\u00e1tica.<\/p>\n\n\n\n<p class=\"wp-block-paragraph\">Tambi\u00e9n expresan en el documento que se ha denunciado c\u00f3mo el r\u00e9gimen autoritario y patriarcal de Ortega Murillo desde el inicio de la crisis pol\u00edticas y de derechos humanos de abril de 2018, ha dirigido ataques espec\u00edficos a las organizaciones feministas y defensoras de derechos humanos, las cuales han sido v\u00edctimas de criminalizaci\u00f3n, represi\u00f3n, detenci\u00f3n arbitraria, torturas, incluyendo la tortura sexual, y diversos actos de hostigamiento y amedrentamiento, en contra de ellas, sus organizaciones y sus familias. Adem\u00e1s, expresan, que se ha denunciado c\u00f3mo la situaci\u00f3n de represi\u00f3n y de detenci\u00f3n arbitraria afecta espec\u00edficamente a las mujeres en raz\u00f3n del g\u00e9nero.<\/p>\n\n\n\n<p class=\"wp-block-paragraph\">Las demandas que exigen que cumpla el gobierno de Daniel Ortega son las siguientes: (1) Inmediata libertad a todas las presas pol\u00edticas de Nicaragua; (2) Libertad absoluta a todas las excarceladas; (3) Cese de la represi\u00f3n y persecuci\u00f3n contra todas las activistas y defensoras; (4) Cese de toda violaci\u00f3n de derechos humanos en Nicaragua y; (5) Respeto irrestricto del derecho a la protesta y al derecho a defender derechos por parte del Gobierno de Nicaragua.<\/p>\n\n\n\n<p class=\"wp-block-paragraph\">Las Organizaciones firmantes se enumeran a continuaci\u00f3n:<\/p>\n\n\n\n<p class=\"wp-block-paragraph\">-Articula\u00e7\u00e3o de Mulheres Brasileiras \u2013 AMB, Brasil<\/p>\n\n\n\n<p class=\"wp-block-paragraph\">-Articulaci\u00f3n Feminista de Nicaragua, Nicaragua<\/p>\n\n\n\n<p class=\"wp-block-paragraph\">-Articulaci\u00f3n Feminista Marcosur (AFM), Regional<\/p>\n\n\n\n<p class=\"wp-block-paragraph\">-Campa\u00f1a 28 de Septiembre por la Despenalizaci\u00f3n del Aborto en Am\u00e9rica Latina y el Caribe<\/p>\n\n\n\n<p class=\"wp-block-paragraph\">-Colectiva Feminista para el desarrollo local, El Salvador<\/p>\n\n\n\n<p class=\"wp-block-paragraph\">-Comit\u00e9 de Am\u00e9rica Latina y el Caribe para la Defensa de los Derechos de las Mujeres (CLADEM), Regional<\/p>\n\n\n\n<p class=\"wp-block-paragraph\">-Comit\u00e9 de Am\u00e9rica Latina y el Caribe para la Defensa de los Derechos de las Mujeres (CLADEM Nicaragua)<\/p>\n\n\n\n<p class=\"wp-block-paragraph\">-Cotidiano Mujer, Uruguay<\/p>\n\n\n\n<p class=\"wp-block-paragraph\">-Fondo de Acci\u00f3n Urgente para Am\u00e9rica Latina y el Caribe (FAU-AL), Regional<\/p>\n\n\n\n<p class=\"wp-block-paragraph\">-Fundaci\u00f3n Puntos de Encuentro, Nicaragua<\/p>\n\n\n\n<p class=\"wp-block-paragraph\">-Iniciativa Mesoamericana de Mujeres Defensoras de Derechos Humanos (IM-Defensoras), Regional<\/p>\n\n\n\n<p class=\"wp-block-paragraph\">-JASS Mesoam\u00e9rica (Asociadas por lo Justo)<\/p>\n\n\n\n<p class=\"wp-block-paragraph\">-Iniciativa Nicarag\u00fcense de Defensoras (INDefensoras), Nicaragua<\/p>\n\n\n\n<p class=\"wp-block-paragraph\">-Instituto de Liderazgo de las Segovias, Nicaragua<\/p>\n\n\n\n<p class=\"wp-block-paragraph\">-Movimiento Aut\u00f3nomo de Mujeres (MAM), Nicaragua<\/p>\n\n\n\n<p class=\"wp-block-paragraph\">-Movimiento de Mujeres de Puerto Rico, Puerto Rico<\/p>\n\n\n\n<p class=\"wp-block-paragraph\">-Movimiento de Mujeres Segovianas, Nicaragua<\/p>\n\n\n\n<p class=\"wp-block-paragraph\">-Movimiento Feminista de Nicaragua, Nicaragua<\/p>\n\n\n\n<p class=\"wp-block-paragraph\">-Programa Feminista Centroamericano La Corriente, Regional<\/p>\n\n\n\n<p class=\"wp-block-paragraph\">-RA\u00cdCES, An\u00e1lisis de G\u00e9nero para el Desarrollo A.C., M\u00e9xico<\/p>\n\n\n\n<p class=\"wp-block-paragraph\">-Red de Mujeres de Matagalpa, Nicaragua<\/p>\n\n\n\n<p class=\"wp-block-paragraph\">-Red de Salud de las Mujeres Latinoamericanas y del Caribe (RSMLAC), Regional<\/p>\n\n\n\n<p class=\"wp-block-paragraph\">-Red de Salud de las Mujeres Latinoamericanas y del Caribe (RSMLAC)- Enlace Nacional Nicaragua<\/p>\n\n\n\n<p class=\"wp-block-paragraph\">SEM\/RSMLAC<br><\/p>\n","protected":false},"excerpt":{"rendered":"<p>\u2022 Detuvieron a m\u00e1s de 100 personas. \u2022 Feministas de toda la regi\u00f3n reclaman al gobierno de Nicaragua cese a la represi\u00f3n y liberaci\u00f3n absoluta de todas las defensoras de derechos humanos y activistas. Redacci\u00f3n SemM\u00e9xico\/RSMLAC. 18 de marzo 2019.- &nbsp;Organizaciones feministas de Am\u00e9rica Latina y del Caribe e integrantes de la Campa\u00f1a por la [&hellip;]<\/p>\n","protected":false},"author":3,"featured_media":8161,"comment_status":"open","ping_status":"open","sticky":false,"template":"","format":"standard","meta":{"_monsterinsights_skip_tracking":false,"footnotes":""},"categories":[690,56],"tags":[],"class_list":["post-8148","post","type-post","status-publish","format-standard","has-post-thumbnail","category-690","category-redes"],"_links":{"self":[{"href":"https:\/\/redsemlac.com\/semmexico\/wp-json\/wp\/v2\/posts\/8148","targetHints":{"allow":["GET"]}}],"collection":[{"href":"https:\/\/redsemlac.com\/semmexico\/wp-json\/wp\/v2\/posts"}],"about":[{"href":"https:\/\/redsemlac.com\/semmexico\/wp-json\/wp\/v2\/types\/post"}],"author":[{"embeddable":true,"href":"https:\/\/redsemlac.com\/semmexico\/wp-json\/wp\/v2\/users\/3"}],"replies":[{"embeddable":true,"href":"https:\/\/redsemlac.com\/semmexico\/wp-json\/wp\/v2\/comments?post=8148"}],"version-history":[{"count":0,"href":"https:\/\/redsemlac.com\/semmexico\/wp-json\/wp\/v2\/posts\/8148\/revisions"}],"wp:featuredmedia":[{"embeddable":true,"href":"https:\/\/redsemlac.com\/semmexico\/wp-json\/wp\/v2\/media\/8161"}],"wp:attachment":[{"href":"https:\/\/redsemlac.com\/semmexico\/wp-json\/wp\/v2\/media?parent=8148"}],"wp:term":[{"taxonomy":"category","embeddable":true,"href":"https:\/\/redsemlac.com\/semmexico\/wp-json\/wp\/v2\/categories?post=8148"},{"taxonomy":"post_tag","embeddable":true,"href":"https:\/\/redsemlac.com\/semmexico\/wp-json\/wp\/v2\/tags?post=8148"}],"curies":[{"name":"wp","href":"https:\/\/api.w.org\/{rel}","templated":true}]}}