{"id":81404,"date":"2024-05-13T07:14:31","date_gmt":"2024-05-13T13:14:31","guid":{"rendered":"https:\/\/redsemlac.com\/semmexico\/?p=81404"},"modified":"2024-05-13T07:14:32","modified_gmt":"2024-05-13T13:14:32","slug":"violeta-del-anahuac-naranja-naranja","status":"publish","type":"post","link":"https:\/\/redsemlac.com\/semmexico\/violeta-del-anahuac-naranja-naranja\/","title":{"rendered":"Violeta del An\u00e1huac | \u201cNaranja, naranja\u201d"},"content":{"rendered":"\n<p class=\"wp-block-paragraph\"><\/p>\n\n\n\n<p class=\"wp-block-paragraph\">ISABEL ORTEGA MORALES<\/p>\n\n\n\n<p class=\"wp-block-paragraph\"><\/p>\n\n\n\n<p class=\"wp-block-paragraph\">SemM\u00e9xico, Tlapa, Guerrero, 13 de mayo, 2024.-\u00a0El se\u00f1alamiento de la Dip. Ivonne Ortega Pacheco, en su calidad de Secretaria General del Partido Movimiento Ciudadano fue directo hacia el Senador Manuel A\u00f1orve, a quien se\u00f1ala como el art\u00edfice que busc\u00f3 sacar de la contienda electoral al pol\u00edtico Mario Moreno Arcos, no solo al impugnar la autoadscripci\u00f3n de Acci\u00f3n Afirmativa del pueblo Afromexicano, sino en la presencia de personas que olvidaron esa calidad para actuar como energ\u00famenos para sacarlo de la representaci\u00f3n y luego, tirarle la candidatura.<\/p>\n\n\n\n<p class=\"wp-block-paragraph\">Porqu\u00e9 esa visceral reacci\u00f3n del grupo pri\u00edsta cercano al Senador que busca la reelecci\u00f3n al Senado? Est\u00e1 en el malestar de que se haya salido del PRI, de que no haya apoyado su postulaci\u00f3n a la reelecci\u00f3n o implicaba un riesgo que hab\u00eda que arrancar de tajo.<\/p>\n\n\n\n<p class=\"wp-block-paragraph\">Veamos primero cu\u00e1ntos partidos postularon candidaturas al Senado: solo los partidos con registro federal, en dos alianzas y en una posici\u00f3n en solitario. Por orden de antig\u00fcedad el PAN hizo alianza con el PRI y con el PRD y registra a Manuel A\u00f1orve e Ivett D\u00edaz Bahena como primera y segunda f\u00f3rmula.<\/p>\n\n\n\n<p class=\"wp-block-paragraph\">Por MORENA-PT y PVEM van Beatriz Mojica y F\u00e9lix Salgado Macedonio como primera y segunda F\u00f3rmula, F\u00e9lix en pos de la reelecci\u00f3n al ganar ya como primera f\u00f3rmula jalando en ese triunfo a Nestora Salgado.<\/p>\n\n\n\n<p class=\"wp-block-paragraph\">Hasta ah\u00ed la campa\u00f1a parec\u00eda solo un tr\u00e1mite que otorgar\u00eda al triunfo a Beatriz y ella jalar\u00eda a F\u00e9lix lo que les permitir\u00eda tener la representaci\u00f3n mayoritaria y por ende, entrar\u00eda como segunda fuerza A\u00f1orve por la representaci\u00f3n minoritaria.<\/p>\n\n\n\n<p class=\"wp-block-paragraph\">Qu\u00e9 sucede con el registro de Mario Moreno al Senado? Que se pone a tambalear el arribo de los dos Senadores en funciones. Ya que si el triunfo se inclina por Mario y por Coyolxauhqui Soria Morales, entran al Senado por representaci\u00f3n Mayoritaria, pero, y quien entrar\u00eda por la representaci\u00f3n de minor\u00eda o segundo lugar en la votaci\u00f3n? Beatriz Mojica.<\/p>\n\n\n\n<p class=\"wp-block-paragraph\">Si Beatriz Mojica camina sobre una acera segura, qu\u00e9 pasa con los dos Senadores? Quedan fuera.<\/p>\n\n\n\n<p class=\"wp-block-paragraph\">De ah\u00ed que no es de extra\u00f1ar que F\u00e9lix Salgado decidiera pedir licencia para hacer campa\u00f1a y entrar al Senado, mientras que A\u00f1orve busc\u00f3 un camino escabroso para lograr mantener la Senadur\u00eda.<\/p>\n\n\n\n<p class=\"wp-block-paragraph\">El Senado que represente a Guerrero puede ser Naranja, de acuerdo al comportamiento de los Senadores actuales. Por lo tanto, los d\u00edas que faltan para completar el calendario de campa\u00f1a es para todos y todas un verdadero reto, como nunca en la historia de esa representaci\u00f3n guerrerense.<\/p>\n","protected":false},"excerpt":{"rendered":"<p>ISABEL ORTEGA MORALES SemM\u00e9xico, Tlapa, Guerrero, 13 de mayo, 2024.-\u00a0El se\u00f1alamiento de la Dip. Ivonne Ortega Pacheco, en su calidad de Secretaria General del Partido Movimiento Ciudadano fue directo hacia el Senador Manuel A\u00f1orve, a quien se\u00f1ala como el art\u00edfice que busc\u00f3 sacar de la contienda electoral al pol\u00edtico Mario Moreno Arcos, no solo al [&hellip;]<\/p>\n","protected":false},"author":3,"featured_media":70206,"comment_status":"open","ping_status":"open","sticky":false,"template":"","format":"standard","meta":{"_monsterinsights_skip_tracking":false,"footnotes":""},"categories":[198,35],"tags":[],"class_list":["post-81404","post","type-post","status-publish","format-standard","has-post-thumbnail","category-isabel-ortega-morales","category-opinion"],"_links":{"self":[{"href":"https:\/\/redsemlac.com\/semmexico\/wp-json\/wp\/v2\/posts\/81404","targetHints":{"allow":["GET"]}}],"collection":[{"href":"https:\/\/redsemlac.com\/semmexico\/wp-json\/wp\/v2\/posts"}],"about":[{"href":"https:\/\/redsemlac.com\/semmexico\/wp-json\/wp\/v2\/types\/post"}],"author":[{"embeddable":true,"href":"https:\/\/redsemlac.com\/semmexico\/wp-json\/wp\/v2\/users\/3"}],"replies":[{"embeddable":true,"href":"https:\/\/redsemlac.com\/semmexico\/wp-json\/wp\/v2\/comments?post=81404"}],"version-history":[{"count":0,"href":"https:\/\/redsemlac.com\/semmexico\/wp-json\/wp\/v2\/posts\/81404\/revisions"}],"wp:featuredmedia":[{"embeddable":true,"href":"https:\/\/redsemlac.com\/semmexico\/wp-json\/wp\/v2\/media\/70206"}],"wp:attachment":[{"href":"https:\/\/redsemlac.com\/semmexico\/wp-json\/wp\/v2\/media?parent=81404"}],"wp:term":[{"taxonomy":"category","embeddable":true,"href":"https:\/\/redsemlac.com\/semmexico\/wp-json\/wp\/v2\/categories?post=81404"},{"taxonomy":"post_tag","embeddable":true,"href":"https:\/\/redsemlac.com\/semmexico\/wp-json\/wp\/v2\/tags?post=81404"}],"curies":[{"name":"wp","href":"https:\/\/api.w.org\/{rel}","templated":true}]}}